{"id":266410,"date":"2025-12-02T01:10:11","date_gmt":"2025-12-02T01:10:11","guid":{"rendered":"https:\/\/www.europesays.com\/es\/266410\/"},"modified":"2025-12-02T01:10:11","modified_gmt":"2025-12-02T01:10:11","slug":"rabat-castigara-a-feijoo-con-mas-inmigracion-si-corrige-el-giro-de-sanchez-respecto-al-sahara","status":"publish","type":"post","link":"https:\/\/www.europesays.com\/es\/266410\/","title":{"rendered":"Rabat castigar\u00e1 a Feij\u00f3o con m\u00e1s inmigraci\u00f3n si corrige el giro de S\u00e1nchez respecto al Sahara"},"content":{"rendered":"<p style=\"\">Marruecos no ve ni mucho menos improbable que el l\u00edder del Partido Popular (PP), <a href=\"https:\/\/www.abc.es\/espana\/feijoo-congrega-miles-personas-madrid-exigir-elecciones-20251130140446-nt.html\" target=\"_self\" data-voc-vtm-id=\"in-text-traffic\" title=\"Alberto N\u00fa\u00f1ez Feij\u00f3o\" rel=\"nofollow noopener\">Alberto N\u00fa\u00f1ez Feij\u00f3o<\/a>, sea el pr\u00f3ximo presidente del Gobierno. Tan es as\u00ed, que el Gobierno de ese pa\u00eds ha comenzado ya a prepararle una &#8216;cari\u00f1osa&#8217; bienvenida, en la que no  &#8230; faltan advertencias muy serias en el sentido de que no se quedar\u00edan de manos cruzadas si el nuevo jefe del Ejecutivo espa\u00f1ol intenta corregir el rumbo marcado por Pedro S\u00e1nchez en <strong>sus relaciones con ese pa\u00eds<\/strong>. Por supuesto, la utilizaci\u00f3n de los flujos migratorios con fines de desestabilizaci\u00f3n, cuyo ejemplo m\u00e1s duro fue la entrada de miles de migrantes a Ceuta el 18 de mayo de 2021, ser\u00eda la primera de sus reacciones.<\/p>\n<p class=\"voc-p\" style=\"\">El Gobierno de Rabat sigue con el m\u00e1ximo inter\u00e9s cada movimiento de Feij\u00f3o, a quien da muchas posibilidades de llegar al poder en cuanto se convoquen elecciones. La intenci\u00f3n del l\u00edder del PP, anunciada p\u00fablicamente, de que Espa\u00f1a debe volver a <a href=\"https:\/\/www.abc.es\/economia\/bruselas-maniobra-ocultar-origen-productos-sahara-20251124172621-nt.html\" target=\"_self\" data-voc-vtm-id=\"in-text-traffic\" title=\"la posici\u00f3n anterior sobre el Sahara\" data-mrf-link=\"www.abc.es\" rel=\"nofollow noopener\">la posici\u00f3n anterior sobre el Sahara<\/a>, que fue cambiada por S\u00e1nchez de forma sorpresiva y sin dar explicaciones; su deseo de que nuestro pa\u00eds mantenga una neutralidad exquisita en el norte de \u00c1frica, y <strong>su determinaci\u00f3n<\/strong> a normalizar las relaciones con Argelia, no son vistas precisamente con simpat\u00eda por las autoridades de Marruecos, que ya han comenzado a hacer sus primeros movimientos.<\/p>\n<p class=\"voc-p\" style=\"\">La excusa -siempre hay que buscar una en estos casos-, la encontr\u00f3 Rabat en una serie de iniciativas parlamentarias de los populares; en el reciente viaje de Feij\u00f3o a Melilla y, ya m\u00e1s tarde, en una reuni\u00f3n de cuadros medios del PP <a href=\"https:\/\/www.abc.es\/espana\/plan-sobre-inmigracion-pp-ahonda-distancia-marruecos-20251006141525-nt.html\" target=\"_self\" data-voc-vtm-id=\"in-text-traffic\" title=\"con miembros del Frente Polisario\" data-mrf-link=\"www.abc.es\" rel=\"nofollow noopener\">con miembros del Frente Polisario<\/a> que fue magnificada por algunos medios de comunicaci\u00f3n de forma interesada, en lo que no deja de ser una campa\u00f1a de desinformaci\u00f3n para justificar actuaciones posteriores, seg\u00fan los expertos consultados por ABC.<\/p>\n<p class=\"voc-p\" style=\"\">Si esas eran las justificaciones, el medio utilizado para lanzar las advertencias fue un digital marroqu\u00ed; pero no uno cualquiera, sino Le360, propiedad de Mohamed Mounir Majidi, secretario personal de Mohamed VI. Los t\u00e9rminos en los que se expresa el medio de comunicaci\u00f3n oficialista dejan poco lugar a la duda sobre <strong>la irritaci\u00f3n de Rabat con Feij\u00f3o<\/strong>. Escribe: \u00abEl Partido Popular, principal formaci\u00f3n de la oposici\u00f3n en el pa\u00eds vecino del norte, lanz\u00f3 una ofensiva diplom\u00e1tica, medi\u00e1tica y pol\u00edtica contra Marruecos. Esta secuencia no es improvisada ni anodina. Re\u00fane una iniciativa parlamentaria dirigida contra la posici\u00f3n oficial del Estado espa\u00f1ol, un discurso jur\u00eddico-humanitario instrumentalizado, una puesta en escena pol\u00edtica en Melilla, una hostilidad comercial hacia los productos marroqu\u00edes y un recurso al delicado tema de la soberan\u00eda sobre Ceuta y Melilla\u00bb. Pero no se deten\u00eda ah\u00ed: \u00abEl PP no defiende a Espa\u00f1a. Se empe\u00f1a en luchar contra una realidad que ya le ha superado\u00bb.<\/p>\n<p>\nIr a Melilla, otra provocaci\u00f3n\n<\/p>\n<p class=\"voc-p\" style=\"\">Sobre la visita de Feij\u00f3o a Melilla, la prensa oficialista marroqu\u00ed advirti\u00f3: \u00abEl desplazamiento a Melilla se present\u00f3 como un acto de defensa de la &#8216;soberan\u00eda espa\u00f1ola&#8217;, con un discurso que insist\u00eda en que Ceuta y Melilla son ciudades espa\u00f1olas y europeas y que es necesario reforzar la presencia institucional y de seguridad en ellas. El mensaje no est\u00e1 dirigido a Marruecos, sino a<strong> la opini\u00f3n p\u00fablica interna<\/strong>. Se trata de sugerir que el actual Ejecutivo no protege suficientemente estos enclaves y que Marruecos constituir\u00eda una amenaza subyacente\u00bb. Para estos medios, los actos del l\u00edder del PP en la ciudad aut\u00f3noma fueron \u00abuna provocaci\u00f3n simb\u00f3lica\u00bb.<\/p>\n<p class=\"voc-p\" style=\"\">Los expertos en seguridad y relaciones internacionales consultados por ABC aseguran que la reacci\u00f3n de la prensa oficialista marroqu\u00ed es un claro &#8216;aviso a navegantes&#8217;: \u00abEl mensaje que lanzan es que el nuevo gobierno, si llega a constituirse, <strong>debe respetar la actual pol\u00edtica de S\u00e1nchez<\/strong>; si hay cambios, Marruecos actuar\u00e1, y lo primero que har\u00e1 ser\u00e1 abrir la mano a la inmigraci\u00f3n irregular hacia Espa\u00f1a, consciente del potencial desestabilizador que tiene\u00bb.<\/p>\n<p class=\"voc-title\">\u00abAdvierten al PP de que si hay un cambio de gobierno hay que respetar las actuales normas de juego\u00bb<\/p>\n<p class=\"voc-p\" style=\"\">\u00abLa avalancha de Ceuta marc\u00f3 un antes y un despu\u00e9s -a\u00f1aden-. No parece que vayan a hacer algo as\u00ed a las primeras de cambio, pero les ser\u00eda muy sencillo permitir que<strong> los campamentos de inmigrantes<\/strong> subsaharianos, que ahora est\u00e1n alejados de las vallas fronterizas de las ciudades aut\u00f3nomas, vuelvan a estar al lado, de forma que se reanuden los saltos&#8230; Con Marruecos siempre va a ser as\u00ed; tienen un arma muy poderosa y no dudar\u00e1n en utilizarla\u00bb.<\/p>\n<p class=\"voc-p\" style=\"\">Lo cierto es que la cooperaci\u00f3n con ese pa\u00eds es clave en dos aspectos fundamentales. El primero, como ya se ha se\u00f1alado, el control de la inmigraci\u00f3n ilegal; y el segundo, la cooperaci\u00f3n contra el terrorismo yihadista, una relaci\u00f3n en este campo que nos interesa m\u00e1s a nosotros que a ellos por <strong>la zona caliente<\/strong> que supone el \u00e1rea de influencia de Castillejos. \u00abAdvierten al PP de que si hay un cambio de gobierno hay que respetar las actuales normas de juego. Hay muy poco margen de cambio sin que se resientan estas dos cuestiones, as\u00ed que si gobierna debe saber los riesgos que afronta en este asunto\u00bb.<\/p>\n<p>Sobre la situaci\u00f3n humanitaria en el Sahara<\/p>\n<p class=\"voc-p\">Se aprob\u00f3 una PNL del PP el 17 de noviembre que insta al Gobierno a \u00abrespetar el derecho internacional y las resoluciones de la ONU\u00bb en el Sahara y destinar 7 millones a los refugiados. Se sumaron todos los partidos salvo PSOE.<\/p>\n<p>Restablecer relaciones plenas con Argelia<\/p>\n<p class=\"voc-p\">El 18 de noviembre se vot\u00f3 otra PNL del PP para adoptar \u00abmedidas diplom\u00e1ticas y pol\u00edticas para restablecer las relaciones plenas con Argelia\u00bb, deterioradas desde que en 2022 S\u00e1nchez declar\u00f3 unilateralmente la marroquinidad del Sahara.<\/p>\n<p>Autodeterminaci\u00f3n del Sahara<\/p>\n<p class=\"voc-p\">Aunque fue una iniciativa de Sumar, socio de Gobierno de S\u00e1nchez, el texto final de esta PNL se pact\u00f3 con el PP, que no dud\u00f3 en sumarse para reafirmar el derecho del pueblo saharaui a decidir si quiere pertener, o no, a Marruecos. Busca recuperar la posici\u00f3n hist\u00f3rica de Espa\u00f1a respecto al territorio.<\/p>\n<p>Respeto al Tribunal de Justicia de la UE<\/p>\n<p class=\"voc-p\">Otro texto aprobado insta a Espa\u00f1a a defender en la UE que se cumplan las sentencias del Tribunal de Justicia de la UE que anulan acuerdos agr\u00edcolas y pesqueros entre Bruselas y Rabat por incluir al Sahara Occidental, ya que ir\u00eda en contra de los agricultores y pescadores espa\u00f1oles.<\/p>\n<p class=\"voc-p\" style=\"\">Hace unos d\u00edas Josep Borrell dec\u00eda que era muy dif\u00edcil negociar econ\u00f3micamente con alguien del que depende tu seguridad, en referencia a los aranceles de Estados Unidos a Europa. Algo as\u00ed sucede a Espa\u00f1a con Marruecos, insisten las fuentes consultadas, que no obstante creen que \u00abhay que tener capacidad de disuasi\u00f3n si no queremos estar a su merced, es decir, tienen que saber que<strong> tambi\u00e9n nosotros podemos hacerles da\u00f1o<\/strong> y que llegado el caso se lo har\u00edamos. Por supuesto, no se trata de amagar con enfrentamientos armados, sino con otro tipo de iniciativas\u00bb. Como dificultar a Marruecos sus relaciones con Europa o aislarles estrangulando su econom\u00eda, adem\u00e1s de que Espa\u00f1a cuenta con un sistema de defensa con el que evitar acciones de fuerza de cualquier tipo.<\/p>\n<p class=\"voc-title\">Lo primero que tendr\u00eda que hacer el PP en cuanto llegue al Gobierno es aclarar en qu\u00e9 t\u00e9rminos est\u00e1 escrita la carta de S\u00e1nchez al Rey de Marruecos en la que plasm\u00f3 el giro de Espa\u00f1a respecto al S\u00e1hara<\/p>\n<p class=\"voc-p\" style=\"\">Ante este escenario, fuentes consultadas por ABC explican que en el PP son \u00abconscientes de los <strong>avisos que lanza Marruecos<\/strong>\u00bb, pero en ning\u00fan caso van a renunciar a reunirse con quien quieran -como con el l\u00edder del Frente Polisario, Abdul\u00e1 Arabi- y tampoco van a dejar de ir a Ceuta y Melilla. Esto no quita que quieran llevarse bien con Marruecos, pero \u00abno a cualquier precio\u00bb y, en todo caso, nunca ser\u00e1 a costa de las ciudades aut\u00f3nomas, de la soberan\u00eda sobre las aguas de Canarias, del trabajo de los agricultores o con el r\u00e9gimen de paso de ciudadanos y mercanc\u00edas en las aduanas. <\/p>\n<p class=\"voc-p\" style=\"\">En ese ejercicio de querer tener unas buenas relaciones con Rabat, Feij\u00f3o ya anunci\u00f3 que su primer viaje como jefe del Ejecutivo ser\u00eda a Marruecos, una tradici\u00f3n que S\u00e1nchez rompi\u00f3 al llegar a la Moncloa y que irrit\u00f3 mucho en Rabat. Seg\u00fan otra fuente consultada, por l\u00f3gica, lo primero que tendr\u00eda que hacer el PP en cuanto llegue al Gobierno es aclarar en qu\u00e9 t\u00e9rminos est\u00e1 escrita<strong> la carta de Pedro S\u00e1nchez<\/strong> al Rey de Marruecos en la que plasm\u00f3 el giro copernicano de Espa\u00f1a respecto al S\u00e1hara. \u00abPorque no es lo mismo decir que la propuesta de Marruecos es la opci\u00f3n m\u00e1s realista que decir la \u00fanica posible\u00bb, explica un diplom\u00e1tico, consciente de que el lenguaje en estas cuestiones siempre importa. Hace solo unos d\u00edas, adem\u00e1s, Atalayar -otro medio oficialista- public\u00f3 un estudio jur\u00eddico diciendo que, tras la resoluci\u00f3n de la ONU sobre el S\u00e1hara, Marruecos tiene derecho tambi\u00e9n a las aguas territoriales de Canarias. <\/p>\n<p class=\"voc-p\" style=\"\"> Cambie o no la pol\u00edtica hacia Rabat, cabe esperar que Marruecos ponga a prueba al PP y <strong>castigue a Espa\u00f1a con m\u00e1s inmigraci\u00f3n<\/strong>, porque es lo que hace con todos nuevos gobiernos espa\u00f1oles, sean del color que sean.<\/p>\n","protected":false},"excerpt":{"rendered":"Marruecos no ve ni mucho menos improbable que el l\u00edder del Partido Popular (PP), Alberto N\u00fa\u00f1ez Feij\u00f3o, sea&hellip;\n","protected":false},"author":2,"featured_media":266411,"comment_status":"","ping_status":"","sticky":false,"template":"","format":"standard","meta":{"footnotes":""},"categories":[8],"tags":[17,18,65906,46560,25,24,13,14,9860,7957,11,590,19,20,9,10,15,16,65905,199,23,12,21,22],"class_list":{"0":"post-266410","1":"post","2":"type-post","3":"status-publish","4":"format-standard","5":"has-post-thumbnail","7":"category-espana","8":"tag-breaking-news","9":"tag-breakingnews","10":"tag-castigara","11":"tag-corrige","12":"tag-es","13":"tag-espana","14":"tag-featured-news","15":"tag-featurednews","16":"tag-feijoo","17":"tag-giro","18":"tag-headlines","19":"tag-inmigracion","20":"tag-latest-news","21":"tag-latestnews","22":"tag-news","23":"tag-noticias","24":"tag-noticias-destacadas","25":"tag-noticiasdestacadas","26":"tag-rabat","27":"tag-sanchez","28":"tag-spain","29":"tag-titulares","30":"tag-ultimas-noticias","31":"tag-ultimasnoticias"},"share_on_mastodon":{"url":"https:\/\/pubeurope.com\/@es\/115647311220153449","error":""},"_links":{"self":[{"href":"https:\/\/www.europesays.com\/es\/wp-json\/wp\/v2\/posts\/266410","targetHints":{"allow":["GET"]}}],"collection":[{"href":"https:\/\/www.europesays.com\/es\/wp-json\/wp\/v2\/posts"}],"about":[{"href":"https:\/\/www.europesays.com\/es\/wp-json\/wp\/v2\/types\/post"}],"author":[{"embeddable":true,"href":"https:\/\/www.europesays.com\/es\/wp-json\/wp\/v2\/users\/2"}],"replies":[{"embeddable":true,"href":"https:\/\/www.europesays.com\/es\/wp-json\/wp\/v2\/comments?post=266410"}],"version-history":[{"count":0,"href":"https:\/\/www.europesays.com\/es\/wp-json\/wp\/v2\/posts\/266410\/revisions"}],"wp:featuredmedia":[{"embeddable":true,"href":"https:\/\/www.europesays.com\/es\/wp-json\/wp\/v2\/media\/266411"}],"wp:attachment":[{"href":"https:\/\/www.europesays.com\/es\/wp-json\/wp\/v2\/media?parent=266410"}],"wp:term":[{"taxonomy":"category","embeddable":true,"href":"https:\/\/www.europesays.com\/es\/wp-json\/wp\/v2\/categories?post=266410"},{"taxonomy":"post_tag","embeddable":true,"href":"https:\/\/www.europesays.com\/es\/wp-json\/wp\/v2\/tags?post=266410"}],"curies":[{"name":"wp","href":"https:\/\/api.w.org\/{rel}","templated":true}]}}