{"id":266414,"date":"2025-12-02T01:16:13","date_gmt":"2025-12-02T01:16:13","guid":{"rendered":"https:\/\/www.europesays.com\/es\/266414\/"},"modified":"2025-12-02T01:16:13","modified_gmt":"2025-12-02T01:16:13","slug":"arok-sport-el-resurgir-del-tenis-en-jaca","status":"publish","type":"post","link":"https:\/\/www.europesays.com\/es\/266414\/","title":{"rendered":"Arok Sport, el resurgir del tenis en Jaca"},"content":{"rendered":"<p class=\"has-drop-cap\">Arok Sport lleva <strong>m\u00e1s de un a\u00f1o apostando por el tenis jaqu\u00e9s.<\/strong> En este per\u00edodo corto -pero intenso- ha desarrollado <strong>una labor de recuperaci\u00f3n de este deporte en Jaca, que d\u00e9cadas atr\u00e1s lleg\u00f3 a ser un s\u00edmbolo de la ciudad. <\/strong><\/p>\n<p>Los pasos han sido muy firmes, logrando \u00abreenganchar\u00bb a <strong>muchos tenistas del territorio<\/strong>, llegando a crear hace poco m\u00e1s <strong><a href=\"https:\/\/www.aroksport.com\/\" rel=\"nofollow noopener\" target=\"_blank\">de un mes el \u00fanico conjunto de la zona en competici\u00f3n federada. <\/a><\/strong><\/p>\n<p>Un proyecto que, tal y como afirma <strong>Pablo Pantoja, uno de sus encargados<\/strong>,<strong> \u00abha llegado con el objetivo de crecer y volver a situar al tenis donde se merece\u00bb.<\/strong><\/p>\n<p><img data-recalc-dims=\"1\" fetchpriority=\"high\" decoding=\"async\" width=\"700\" height=\"394\" data-attachment-id=\"233642\" data-permalink=\"https:\/\/jacetaniaexpress.com\/arok-sport-el-resurgir-del-tenis-en-jaca\/2715ff82-bbf1-4714-a7e5-343f320d6d71\/\" data-orig-file=\"https:\/\/i0.wp.com\/jacetaniaexpress.com\/wp-content\/uploads\/2025\/12\/2715ff82-bbf1-4714-a7e5-343f320d6d71.jpg?fit=2864%2C1611&amp;ssl=1\" data-orig-size=\"2864,1611\" data-comments-opened=\"1\" data-image-meta=\"{&quot;aperture&quot;:&quot;0&quot;,&quot;credit&quot;:&quot;&quot;,&quot;camera&quot;:&quot;&quot;,&quot;caption&quot;:&quot;&quot;,&quot;created_timestamp&quot;:&quot;0&quot;,&quot;copyright&quot;:&quot;&quot;,&quot;focal_length&quot;:&quot;0&quot;,&quot;iso&quot;:&quot;0&quot;,&quot;shutter_speed&quot;:&quot;0&quot;,&quot;title&quot;:&quot;&quot;,&quot;orientation&quot;:&quot;1&quot;}\" data-image-title=\"2715ff82-bbf1-4714-a7e5-343f320d6d71\" data-image-description=\"\" data-image-caption=\"&lt;p&gt;(Foto: Arok Sport)&lt;\/p&gt;&#10;\" data-medium-file=\"https:\/\/i0.wp.com\/jacetaniaexpress.com\/wp-content\/uploads\/2025\/12\/2715ff82-bbf1-4714-a7e5-343f320d6d71.jpg?fit=300%2C169&amp;ssl=1\" data-large-file=\"https:\/\/i0.wp.com\/jacetaniaexpress.com\/wp-content\/uploads\/2025\/12\/2715ff82-bbf1-4714-a7e5-343f320d6d71.jpg?fit=700%2C394&amp;ssl=1\" src=\"https:\/\/www.europesays.com\/es\/wp-content\/uploads\/2025\/12\/2715ff82-bbf1-4714-a7e5-343f320d6d71.jpg\" alt=\"\" class=\"wp-image-233642\"  \/>(Foto: Arok Sport)<\/p>\n<p>Arok Sport, un proyecto para recuperar el tenis en Jaca <\/p>\n<p><strong>Hace a\u00f1o y medio, Arok Sport apost\u00f3 por el tenis jaqu\u00e9s. <\/strong>Un deporte que, pese a haber tenido un gran peso en la ciudad, <strong>llevaba una \u00e9poca muy complicada debido a malas gestiones. <\/strong>\u00abDesde que lo cogimos, nuestra idea era que el tenis volviese a crecer en la zona\u00bb, <strong>comenta Pablo Pantoja, uno de los encargados de Arok Sport.  <\/strong><\/p>\n<p>Este verano se dio un gran paso en el proyecto,<strong> ya que la sede de Arok Sport se traslad\u00f3 hasta las instalaciones del tenis (el Arok Center)<\/strong>. Este hecho, sumado al duro trabajo,<strong> hizo que el volumen de personas apuntadas a la escuela de tenis aumentase. <\/strong><\/p>\n<p>El \u00fanico equipo de tenis federado en la zona <\/p>\n<p>En octubre<strong> Arok presentaba una de sus grandes novedades: la creaci\u00f3n de un equipo federado de tenis.<\/strong> \u00abSiempre hemos querido impulsar equipos de Arok ligados a diferentes deportes y categor\u00edas. En tenis lo vimos posible y nos lanzamos a ello\u00bb, destaca Pantoja. <\/p>\n<p><strong>El conjunto, apuntado a la segunda divisi\u00f3n auton\u00f3mica masculina por equipos<\/strong>, estaba compuesto <strong>por 6 integrantes, un n\u00famero peque\u00f1o pero que constitu\u00eda un \u00e9xito. <\/strong>\u00abHablamos con personas que ya hab\u00edan estado ligadas al tenis.<strong> Y aunque fue un poco de sopet\u00f3n conseguimos sacar equipo y apuntarnos. Estamos muy contentos\u00bb, a\u00f1ade. <\/strong><\/p>\n<p><img loading=\"lazy\" data-recalc-dims=\"1\" decoding=\"async\" width=\"700\" height=\"990\" data-attachment-id=\"233644\" data-permalink=\"https:\/\/jacetaniaexpress.com\/arok-sport-el-resurgir-del-tenis-en-jaca\/img_4675\/\" data-orig-file=\"https:\/\/i0.wp.com\/jacetaniaexpress.com\/wp-content\/uploads\/2025\/12\/IMG_4675.png?fit=1587%2C2245&amp;ssl=1\" data-orig-size=\"1587,2245\" data-comments-opened=\"1\" data-image-meta=\"{&quot;aperture&quot;:&quot;0&quot;,&quot;credit&quot;:&quot;&quot;,&quot;camera&quot;:&quot;&quot;,&quot;caption&quot;:&quot;&quot;,&quot;created_timestamp&quot;:&quot;0&quot;,&quot;copyright&quot;:&quot;&quot;,&quot;focal_length&quot;:&quot;0&quot;,&quot;iso&quot;:&quot;0&quot;,&quot;shutter_speed&quot;:&quot;0&quot;,&quot;title&quot;:&quot;&quot;,&quot;orientation&quot;:&quot;0&quot;}\" data-image-title=\"IMG_4675\" data-image-description=\"\" data-image-caption=\"\" data-medium-file=\"https:\/\/i0.wp.com\/jacetaniaexpress.com\/wp-content\/uploads\/2025\/12\/IMG_4675.png?fit=212%2C300&amp;ssl=1\" data-large-file=\"https:\/\/i0.wp.com\/jacetaniaexpress.com\/wp-content\/uploads\/2025\/12\/IMG_4675.png?fit=700%2C990&amp;ssl=1\" src=\"https:\/\/www.europesays.com\/es\/wp-content\/uploads\/2025\/12\/IMG_4675.png\" alt=\"\" class=\"wp-image-233644\"  \/>(Foto: Arok Sport)<\/p>\n<p>En pocos meses, se hab\u00eda conseguido comenzar a resurgir el tenis en Jaca, <strong>siendo el \u00fanico equipo federado ligado a este deporte en toda la zona.<\/strong> \u00abHay dos equipos federados en Huesca, pero por aqu\u00ed cerca no hay nada y tambi\u00e9n quer\u00edamos que la gente del tenis pudiese competir en su disciplina\u00bb, subraya. <\/p>\n<p>Una eliminaci\u00f3n llena de emoci\u00f3n<\/p>\n<p>El equipo de tenis de Arok comenz\u00f3 su historia en la competici\u00f3n en octubre. <strong>Una segunda divisi\u00f3n auton\u00f3mica masculina con m\u00e1s de 30 equipos,<\/strong> y con un sistema de competici\u00f3n curioso:\u00abDesde el principio son eliminatorias. <strong>Cada equipo convoca a 4 jugadores, y se disputan 4 partidos individuales a la vez. En caso de empate, se hace un quinto que es por parejas\u00bb<\/strong>.<\/p>\n<p>Los jaqueses, <strong>en su primera participaci\u00f3n llegaron hasta los octavos de final, cayendo con un muy buen sabor de boca por lo que significaba. <\/strong>\u00abHay equipos que tienen a 25 jugadores, y de all\u00ed seleccionan a sus mejores 4 para jugar las eliminatorias, nosotros \u00e9ramos 6 que a nada que falten dos ya est\u00e1s muy al l\u00edmite\u00bb, recuerda Pantoja entre risas. <\/p>\n<p>Cabe destacar que esta categor\u00eda tiene dos fechas anuales. L<strong>a comentada, que se desarrolla entre octubre y noviembre, y una segunda que comienza en marzo.<\/strong> Las dos escuadras finalistas logran el ascenso. <\/p>\n<p>El futuro del tenis en Jaca pasa por Arok Sport <\/p>\n<p>Ahora, tal y<strong> como declara Pablo Pantoja,<\/strong> es momento de mejorar y seguir aprendiendo. \u00abYa hemos debutado, <strong>ahora nos centramos en hacer equipo para que en marzo compitamos mucho mejor\u00bb, sostiene. <\/strong><\/p>\n<p><strong>La historia de Arok con el tenis no se queda aqu\u00ed. <\/strong>El proyecto va a seguir desarroll\u00e1ndose: \u00abQueremos crear otros equipos federados, en otras categor\u00edas<strong> y edades, para que todo el que quiera pueda competir de forma oficial. No nos olvidamos de que hay muchos inscritos en las clases de tenis, por lo que los equipos federados tambi\u00e9n ser\u00edan una motivaci\u00f3n extra y la continuaci\u00f3n para los j\u00f3venes\u00bb. <\/strong><\/p>\n<p class=\"has-text-align-right\"><strong>Por Jorge Callau <\/strong><\/p>\n<p>\u00daLTIMAS NOTICIAS <\/p>\n<p>Me gusta esto:<\/p>\n<p>Me gusta Cargando&#8230;<\/p>\n<p><a class=\"sd-link-color\"\/><\/p>\n<p>\n\tRelacionado\n<\/p>\n<p>\t\t\t\t<img loading=\"lazy\" alt=\"\" src=\"https:\/\/www.europesays.com\/es\/wp-content\/uploads\/2025\/12\/f4625fa8823db4073bad511b731f4ce5f273574d6cc9f3c9b69e7c2746be02f5\"  class=\"avatar avatar-100 photo\" height=\"100\" width=\"100\" decoding=\"async\"\/>\t\t\t<\/p>\n<p>\t\t\t\t\tPublicado por Jacetania Express\n\t\t\t<\/p>\n<p class=\"author-bio\">\n\t\t\t\tDiario de la periodista Rebeca Ruiz, que nace con la vocaci\u00f3n de informar sobre Jaca y su comarca, reflejando con fidelidad y objetividad todo lo que sucede e interesa a sus gentes.\t\t\t\t<a class=\"author-link\" href=\"https:\/\/jacetaniaexpress.com\/author\/jacetaniaexpress\/\" rel=\"author nofollow noopener\" target=\"_blank\"><br \/>\n\t\t\t\t\tVer todas las entradas de Jacetania Express\t\t\t\t<\/a>\n\t\t\t<\/p>\n","protected":false},"excerpt":{"rendered":"Arok Sport lleva m\u00e1s de un a\u00f1o apostando por el tenis jaqu\u00e9s. En este per\u00edodo corto -pero intenso-&hellip;\n","protected":false},"author":2,"featured_media":266415,"comment_status":"","ping_status":"","sticky":false,"template":"","format":"standard","meta":{"footnotes":""},"categories":[274],"tags":[168,25,24,29527,65907,23,167,327,326],"class_list":{"0":"post-266414","1":"post","2":"type-post","3":"status-publish","4":"format-standard","5":"has-post-thumbnail","7":"category-tenis","8":"tag-deportes","9":"tag-es","10":"tag-espana","11":"tag-jaca","12":"tag-pablo-pantoja","13":"tag-spain","14":"tag-sports","15":"tag-tenis","16":"tag-tennis"},"share_on_mastodon":{"url":"https:\/\/pubeurope.com\/@es\/115647334848683617","error":""},"_links":{"self":[{"href":"https:\/\/www.europesays.com\/es\/wp-json\/wp\/v2\/posts\/266414","targetHints":{"allow":["GET"]}}],"collection":[{"href":"https:\/\/www.europesays.com\/es\/wp-json\/wp\/v2\/posts"}],"about":[{"href":"https:\/\/www.europesays.com\/es\/wp-json\/wp\/v2\/types\/post"}],"author":[{"embeddable":true,"href":"https:\/\/www.europesays.com\/es\/wp-json\/wp\/v2\/users\/2"}],"replies":[{"embeddable":true,"href":"https:\/\/www.europesays.com\/es\/wp-json\/wp\/v2\/comments?post=266414"}],"version-history":[{"count":0,"href":"https:\/\/www.europesays.com\/es\/wp-json\/wp\/v2\/posts\/266414\/revisions"}],"wp:featuredmedia":[{"embeddable":true,"href":"https:\/\/www.europesays.com\/es\/wp-json\/wp\/v2\/media\/266415"}],"wp:attachment":[{"href":"https:\/\/www.europesays.com\/es\/wp-json\/wp\/v2\/media?parent=266414"}],"wp:term":[{"taxonomy":"category","embeddable":true,"href":"https:\/\/www.europesays.com\/es\/wp-json\/wp\/v2\/categories?post=266414"},{"taxonomy":"post_tag","embeddable":true,"href":"https:\/\/www.europesays.com\/es\/wp-json\/wp\/v2\/tags?post=266414"}],"curies":[{"name":"wp","href":"https:\/\/api.w.org\/{rel}","templated":true}]}}