{"id":266416,"date":"2025-12-02T01:19:16","date_gmt":"2025-12-02T01:19:16","guid":{"rendered":"https:\/\/www.europesays.com\/es\/266416\/"},"modified":"2025-12-02T01:19:16","modified_gmt":"2025-12-02T01:19:16","slug":"fichajes-cesiones-y-rescisiones","status":"publish","type":"post","link":"https:\/\/www.europesays.com\/es\/266416\/","title":{"rendered":"fichajes, cesiones y rescisiones &#8211;"},"content":{"rendered":"<p>Las Ventanas FIBA han vuelto a mover el mercado en pleno par\u00f3n competitivo, dejando fichajes, cesiones y salidas pertinentes a equipos de la Liga Endesa. Varios equipos han aprovechado este periodo para ajustar sus plantillas, reforzar posiciones clave o cerrar etapas. Un repaso por las operaciones de las \u00faltimas horas.<\/p>\n<p>Khalifa Koumadje firma con el Casademont Zaragoza<\/p>\n<p><a href=\"https:\/\/www.gigantes.com\/liga-endesa\/khalifa-koumadje-casademont-zaragoza-fichaje\/\" rel=\"nofollow noopener\" target=\"_blank\">Khalifa Koumadje<\/a> llega para reforzar la rotaci\u00f3n interior del Casademont Zaragoza. El p\u00edvot chadiano, de 2,24 metros, se convierte en el jugador m\u00e1s alto de la Liga Endesa y ser\u00e1 rojillo hasta final de temporada. Con experiencia Euroliga tras poco m\u00e1s de cuatro temporadas en el ALBA Berl\u00edn, Koumadje complet\u00f3 la pasada campa\u00f1a en el Shandong chino.<\/p>\n<p>Izaw-Bolavie, cedido del BAXI Manresa al Palmer Basket<\/p>\n<p>Archange Izaw-Bolavie, de 24 a\u00f1os, tambi\u00e9n se mueve durante estas Ventanas FIBA, aterrizando en el Palmer Basket Mallorca procedente del Baxi Manresa. El interior belga, cedido hasta final de curso, recala con el objetivo de sumar minutos y continuidad en un equipo que buscaba piezas en la zona, tras debutar en Liga Endesa y firmar buenas actuaciones en la BNXT League y la FIBA Europe Cup.<\/p>\n<p>Sergi Garc\u00eda pone fin a su etapa en el Recoletas Salud San Pablo Burgos<\/p>\n<p>Otro de los movimientos destacados es la salida de Sergi Garc\u00eda del Recoletas Salud San Pablo Burgos, que pone fin al contrato temporal que firm\u00f3 para cubrir las primeras semanas de la temporada. El base disput\u00f3 cinco partidos de Liga Endesa tras haber completado la <a href=\"https:\/\/www.gigantes.com\/liga-endesa\/sergi-garcia-real-madrid-pretemporada-juega\/\" rel=\"nofollow noopener\" target=\"_blank\">pretemporada con el Real Madrid<\/a>.<\/p>\n<p>Sanders Hollanders renueva por un mes m\u00e1s en Girona<\/p>\n<p>Sander Hollanders continuar\u00e1 ligado al B\u00e0squet Girona tras alcanzar un acuerdo para ampliar su contrato un mes m\u00e1s. El escolta neerland\u00e9s de 23 a\u00f1os y 1,94 metros, aterriz\u00f3 en Fontajau procedente del Spirou Basket. Su mejor partido fue en la segunda jornada ante el UCAM Murcia: 16 minutos en pista, 10 puntos y 4 rebotes para su mejor actuaci\u00f3n en valoraci\u00f3n con el equipo catal\u00e1n.<\/p>\n<p>Valencia Basket anuncia la desvinculaci\u00f3n de Ethan Happ<\/p>\n<p>El \u00faltimo movimiento lo protagoniza Ethan Happ, cuyo v\u00ednculo con el Valencia Basket se ha cerrado tras acordarse la rescisi\u00f3n del contrato que lo un\u00eda al club hasta 2026. El p\u00edvot estadounidense, fuera de las pistas desde octubre de 2024 por una lesi\u00f3n en el pie, deja el equipo despu\u00e9s de m\u00e1s de un a\u00f1o marcado por problemas f\u00edsicos que anularon su aportaci\u00f3n. Ya recuperado, ha podido resolver su <a href=\"https:\/\/www.gigantes.com\/liga-endesa\/valencia-basket-palabras-luis-arbalejo-mercado-proyecto-perfiles\/\" rel=\"nofollow noopener\" target=\"_blank\">situaci\u00f3n contractual<\/a> con los taronja.<\/p>\n<p>Foto: acb Photo y Euroleague<\/p>\n<p><img decoding=\"async\" src=\"https:\/\/www.europesays.com\/es\/wp-content\/uploads\/2025\/09\/1757543349_382_mtracking.gif\" alt=\"Etiquetas de Mautic\" style=\"display:none;\"\/><\/p>\n","protected":false},"excerpt":{"rendered":"Las Ventanas FIBA han vuelto a mover el mercado en pleno par\u00f3n competitivo, dejando fichajes, cesiones y salidas&hellip;\n","protected":false},"author":2,"featured_media":266417,"comment_status":"","ping_status":"","sticky":false,"template":"","format":"standard","meta":{"footnotes":""},"categories":[269],"tags":[299,298,168,25,24,665,23,167],"class_list":{"0":"post-266416","1":"post","2":"type-post","3":"status-publish","4":"format-standard","5":"has-post-thumbnail","7":"category-baloncesto","8":"tag-baloncesto","9":"tag-basketball","10":"tag-deportes","11":"tag-es","12":"tag-espana","13":"tag-liga-endesa","14":"tag-spain","15":"tag-sports"},"share_on_mastodon":{"url":"https:\/\/pubeurope.com\/@es\/115647346795866990","error":""},"_links":{"self":[{"href":"https:\/\/www.europesays.com\/es\/wp-json\/wp\/v2\/posts\/266416","targetHints":{"allow":["GET"]}}],"collection":[{"href":"https:\/\/www.europesays.com\/es\/wp-json\/wp\/v2\/posts"}],"about":[{"href":"https:\/\/www.europesays.com\/es\/wp-json\/wp\/v2\/types\/post"}],"author":[{"embeddable":true,"href":"https:\/\/www.europesays.com\/es\/wp-json\/wp\/v2\/users\/2"}],"replies":[{"embeddable":true,"href":"https:\/\/www.europesays.com\/es\/wp-json\/wp\/v2\/comments?post=266416"}],"version-history":[{"count":0,"href":"https:\/\/www.europesays.com\/es\/wp-json\/wp\/v2\/posts\/266416\/revisions"}],"wp:featuredmedia":[{"embeddable":true,"href":"https:\/\/www.europesays.com\/es\/wp-json\/wp\/v2\/media\/266417"}],"wp:attachment":[{"href":"https:\/\/www.europesays.com\/es\/wp-json\/wp\/v2\/media?parent=266416"}],"wp:term":[{"taxonomy":"category","embeddable":true,"href":"https:\/\/www.europesays.com\/es\/wp-json\/wp\/v2\/categories?post=266416"},{"taxonomy":"post_tag","embeddable":true,"href":"https:\/\/www.europesays.com\/es\/wp-json\/wp\/v2\/tags?post=266416"}],"curies":[{"name":"wp","href":"https:\/\/api.w.org\/{rel}","templated":true}]}}