{"id":266418,"date":"2025-12-02T01:20:15","date_gmt":"2025-12-02T01:20:15","guid":{"rendered":"https:\/\/www.europesays.com\/es\/266418\/"},"modified":"2025-12-02T01:20:15","modified_gmt":"2025-12-02T01:20:15","slug":"aprobados-y-suspensos-de-valencia-diego-lopez-salva-un-punto","status":"publish","type":"post","link":"https:\/\/www.europesays.com\/es\/266418\/","title":{"rendered":"Aprobados y suspensos de Valencia: Diego L\u00f3pez salva un punto"},"content":{"rendered":"<p class=\"\"><b>Agirrezabala: <\/b>Tuvo varias intervenciones en la primera mitad. Alguna con m\u00e1s contundencia que otra. Pudo hacer algo m\u00e1s para evitar el gol de Mendy, aunque el central del Rayo Vallecano remat\u00f3 con contundencia. En la segunda parte sigui\u00f3 dando seguridad a los suyos.<\/p>\n<p class=\"\"><b>Thierry: <\/b>Sufri\u00f3 mucho por su banda que no supo cerrarla con contundencia para evitar los ataques del Rayo. Filtr\u00f3 un buen pase que no pudo aprovechar Diego L\u00f3pez para marcar el segundo. <\/p>\n<p class=\"\"><b>Copete: <\/b>Salv\u00f3 al Valencia de encajar el primer gol tras sacar un bal\u00f3n en la l\u00ednea de gol tras un buen remate de Fran P\u00e9rez. Se compenetr\u00f3 bien con T\u00e1rrega para evitar el peligro de los atacantes del Rayo Vallecano. Fall\u00f3 en la salida del bal\u00f3n del equipo.<\/p>\n<p class=\"\"><b>T\u00e1rrega: <\/b>No estuvo acertado en la primera mitad. Cometi\u00f3 un error que podr\u00eda haber acabado en una ocasi\u00f3n clara para el Rayo. Creci\u00f3 conforme pasaban los minutos para lograr equilibrar la defensa.<\/p>\n<p class=\"\"><b>Gay\u00e0: <\/b>Estuvo muy participativo en la primera mitad. En defensa y en ataque sacando el bal\u00f3n controlado desde atr\u00e1s. Se tom\u00f3 el partido muy en serio y tuvo mucho protagonismo, aunque ninguna ocasi\u00f3n con cierto peligro.<\/p>\n<p><img decoding=\"async\" src=\"https:\/\/www.europesays.com\/es\/wp-content\/uploads\/2025\/12\/RBVHICYPSRNULL7NV5Z4OKT73E.jpg\" alt=\"Aprobados y suspensos de Valencia: Diego L\u00f3pez salva un punto\" height=\"4000\" width=\"6000\"   loading=\"lazy\"\/>MADRID, 01\/12\/2025.- El defensa del Valencia Jos\u00e9 Gay\u00e1 durante el partido de la jornada 14 de LaLiga que Rayo Vallecano y Valencia CF disputan hoy lunes en el estadio de Vallecas. EFE\/Juanjo Mart\u00edn&#13;<br \/>\nJUANJO MARTIN<\/p>\n<p class=\"\"><b>Pepelu: <\/b>Sostuvo bien al equipo ejerciendo de ancla, pero no gener\u00f3 peligro en ataque. Alguna jugada aislada y poco m\u00e1s. Con la salida de Ugrinic al campo estuvo m\u00e1s c\u00f3modo. Fue sustituido en el tiempo de descuento.<\/p>\n<p class=\"\"><b>Javi Guerra: <\/b>Muy poco participativo y muy desacertado. Estuvo poco tiempo en contacto con el bal\u00f3n y el equipo lo ech\u00f3 de menos. Fue sustituido en el minuto 55.<b> <\/b><\/p>\n<p class=\"\"><b>Andr\u00e9 Almeida:<\/b> Fue el mejor de los que jugaron en el centro del campo del Valencia. De menos a m\u00e1s en el partido y ganando protagonismo conforme pasaban los minutos. Le falt\u00f3 algo de suerte en la toma final de decisiones.<\/p>\n<p class=\"\"><b>Diego L\u00f3pez: <\/b>Tuvo en sus botas la mejor oportunidad de la primera parte, pero su remate lo repeli\u00f3 la defensa del Rayo. En la segunda mitad marc\u00f3 el gol del empate (con algo de fortuna) y estuvo a punto de marcar el segundo. Fue sustituido en el tiempo de descuento.<\/p>\n<p class=\"\"><b>Luis Rioja: <\/b>Lo intent\u00f3 y gener\u00f3 peligro tras una buena combinaci\u00f3n con Hugo Duro dentro del \u00e1rea en la primera parte. En la segunda parte lo dio todo, pero no estuvo acertado. Fue sustituido en el minuto 73.<\/p>\n<p class=\"\"><b>Hugo Duro: <\/b>Sin ocasiones y sin generar peligro. Particip\u00f3 en una buena acci\u00f3n de ataque con Luis Rioja en la primera parte y poco m\u00e1s. Se march\u00f3 del campo muy enfadado cuando fue sustituido en el minuto 73.<\/p>\n<p><img decoding=\"async\" src=\"https:\/\/www.europesays.com\/es\/wp-content\/uploads\/2025\/12\/UNBDTY5PRFM3PCH4T4ISVLHLQU.jpg\" alt=\"Aprobados y suspensos de Valencia: Diego L\u00f3pez salva un punto\" height=\"2430\" width=\"3645\"   loading=\"lazy\"\/>MADRID, 01\/12\/2025.- El defensa del Valencia Jos\u00e9 Manuel Arias Copete (i) despeja un bal\u00f3n de cabeza junto a \u00c1lvaro Garc\u00eda (c), del Rayo, durante el partido de la jornada 14 de LaLiga que Rayo Vallecano y Valencia CF disputan hoy lunes en el estadio de Vallecas. EFE\/Juanjo Mart\u00edn&#13;<br \/>\nJUANJO MARTIN<\/p>\n<p class=\"\"><b>BANQUILLO<\/b><\/p>\n<p class=\"\"><b>Danjuma: <\/b>Revolucion\u00f3 el partido los primeros minutos que estuvo sobre el c\u00e9sped, pero fue desapareciendo. Un disparo desde fuera del \u00e1rea y poco m\u00e1s.<\/p>\n<p class=\"\"><b>Ugrinic: <\/b>Volvi\u00f3 a jugar despu\u00e9s de mucho tiempo y no estuvo mal. Ofreci\u00f3 equilibrio en el centro del campo con su salida jugando junto a Pepelu.<\/p>\n<p class=\"\"><b>Lucas Beltr\u00e1n:<\/b> Pele\u00f3 todo lo que pudo en ataque los minutos que estuvo sobre el terreno de juego, pero sigue re\u00f1ido con el gol.<\/p>\n<p class=\"\"><b>Santamar\u00eda: <\/b>Sali\u00f3 en el tiempo de descuento.<\/p>\n<p>Noticias relacionadas<\/p>\n<p class=\"\"><b>Raba: <\/b>Sali\u00f3 en el tiempo de descuento.<\/p>\n<p class=\"\"><b>\u00a1Tus opiniones importan!<\/b> Comenta en los art\u00edculos y suscr\u00edbete gratis a nuestra <a href=\"https:\/\/asfan.as.com\/newsletters\/\" target=\"_blank\" rel=\"nofollow noopener\" title=\"https:\/\/asfan.as.com\/newsletters\/\">newsletter<\/a> y a las alertas informativas en la <a href=\"https:\/\/as.com\/aplicacion-de-as-n\/\" target=\"_blank\" rel=\"nofollow noopener\" title=\"https:\/\/as.com\/aplicacion-de-as-n\/\">App<\/a> o el canal de <a href=\"https:\/\/www.whatsapp.com\/channel\/0029VaAasdA7j6g745nz9M10\" target=\"_blank\" rel=\"nofollow noopener\" title=\"https:\/\/www.whatsapp.com\/channel\/0029VaAasdA7j6g745nz9M10\">WhatsApp<\/a>. \u00bfBuscas licenciar contenido? Haz clic <a href=\"https:\/\/profesional.elpais.com\/soluciones-sindicacion?utm_medium=interno&amp;utm_source=crosslinking&amp;utm_campaign=sindicacion_as_pie_articulos\" target=\"_blank\" rel=\"nofollow noopener\" title=\"https:\/\/profesional.elpais.com\/soluciones-sindicacion?utm_medium=interno&amp;utm_source=crosslinking&amp;utm_campaign=sindicacion_as_pie_articulos\">aqu\u00ed<\/a><\/p>\n","protected":false},"excerpt":{"rendered":"Agirrezabala: Tuvo varias intervenciones en la primera mitad. Alguna con m\u00e1s contundencia que otra. Pudo hacer algo m\u00e1s&hellip;\n","protected":false},"author":2,"featured_media":266419,"comment_status":"","ping_status":"","sticky":false,"template":"","format":"standard","meta":{"footnotes":""},"categories":[268],"tags":[168,25,24,280,282,281,23,167],"class_list":{"0":"post-266418","1":"post","2":"type-post","3":"status-publish","4":"format-standard","5":"has-post-thumbnail","7":"category-futbol","8":"tag-deportes","9":"tag-es","10":"tag-espana","11":"tag-football","12":"tag-futbol","13":"tag-soccer","14":"tag-spain","15":"tag-sports"},"share_on_mastodon":{"url":"https:\/\/pubeurope.com\/@es\/115647350690804475","error":""},"_links":{"self":[{"href":"https:\/\/www.europesays.com\/es\/wp-json\/wp\/v2\/posts\/266418","targetHints":{"allow":["GET"]}}],"collection":[{"href":"https:\/\/www.europesays.com\/es\/wp-json\/wp\/v2\/posts"}],"about":[{"href":"https:\/\/www.europesays.com\/es\/wp-json\/wp\/v2\/types\/post"}],"author":[{"embeddable":true,"href":"https:\/\/www.europesays.com\/es\/wp-json\/wp\/v2\/users\/2"}],"replies":[{"embeddable":true,"href":"https:\/\/www.europesays.com\/es\/wp-json\/wp\/v2\/comments?post=266418"}],"version-history":[{"count":0,"href":"https:\/\/www.europesays.com\/es\/wp-json\/wp\/v2\/posts\/266418\/revisions"}],"wp:featuredmedia":[{"embeddable":true,"href":"https:\/\/www.europesays.com\/es\/wp-json\/wp\/v2\/media\/266419"}],"wp:attachment":[{"href":"https:\/\/www.europesays.com\/es\/wp-json\/wp\/v2\/media?parent=266418"}],"wp:term":[{"taxonomy":"category","embeddable":true,"href":"https:\/\/www.europesays.com\/es\/wp-json\/wp\/v2\/categories?post=266418"},{"taxonomy":"post_tag","embeddable":true,"href":"https:\/\/www.europesays.com\/es\/wp-json\/wp\/v2\/tags?post=266418"}],"curies":[{"name":"wp","href":"https:\/\/api.w.org\/{rel}","templated":true}]}}