{"id":266420,"date":"2025-12-02T01:21:13","date_gmt":"2025-12-02T01:21:13","guid":{"rendered":"https:\/\/www.europesays.com\/es\/266420\/"},"modified":"2025-12-02T01:21:13","modified_gmt":"2025-12-02T01:21:13","slug":"la-desconocida-anecdota-de-rappel-con-telma-ortiz-la-hermana-de-la-reina","status":"publish","type":"post","link":"https:\/\/www.europesays.com\/es\/266420\/","title":{"rendered":"La desconocida an\u00e9cdota de Rappel con Telma Ortiz, la hermana de la Reina"},"content":{"rendered":"<p data-pm-slice=\"1 1 []\">El vidente <strong>Rappel<\/strong> y <a href=\"https:\/\/okdiario.com\/look\/actualidad\/telma-ortiz-vuelve-escena-conocerse-ruptura-robert-gavin-2407578\" rel=\"nofollow noopener\" target=\"_blank\"><strong>Telma Ortiz<\/strong>, la hermana de la Reina Letizia<\/a>, por raro que parezca, hubo una vez que <strong>coincidieron<\/strong> en espacio y tiempo. Este encuentro, inesperado para ambos, tuvo lugar en un ambiente relajado y medianamente festivo, pues ambos iban a recoger un premio. Rappel lo recib\u00eda en primera persona por su trayectoria; sin embargo, <strong>Telma era la enviada especial de su abuela, <a href=\"https:\/\/okdiario.com\/look\/casa-real\/boda-felipe-letizia-seres-queridos-que-ya-no-estan-2020164\" rel=\"nofollow noopener\" target=\"_blank\">Menchu \u00c1lvarez del Valle<\/a><\/strong>, que era quien hab\u00eda sido reconocida con un galard\u00f3n. Tal y como ha revelado el televisivo, ambos conectaron en el primer momento.<\/p>\n<p>Los dos coincidieron antes de que comenzara el evento y all\u00ed se desencaden\u00f3 la conversaci\u00f3n entre el mentalista y la asturiana que se inmortaliz\u00f3. Una instant\u00e1nea que cobra a\u00fan m\u00e1s valor y trascendencia si recordamos que Telma, a pesar de ser la hermana de una de las personas m\u00e1s conocidas y famosas de nuestro pa\u00eds, como es do\u00f1a Letizia, siempre ha <strong>tratado de mantener su figura en un segundo plano<\/strong>, restando importancia en su vida laboral y p\u00fablica a sus v\u00ednculos familiares. Motivo por el cual, tras contar la an\u00e9cdota el empresario, Emma Garc\u00eda no pudo contener su asombro: \u00abCon lo <strong>reservada<\/strong> que es, tuviste m\u00e9rito\u00bb, se\u00f1al\u00f3, conocedora de la postura de Ortiz frente a los medios y las personalidades televisivas.<\/p>\n<p>\n<img decoding=\"async\" loading=\"lazy\" class=\"size-medium wp-image-2439875\" alt=\"La foto de Rappel y Telma Ortiz. (Foto: Telecinco)\" width=\"620\" height=\"349\"  src=\"https:\/\/www.europesays.com\/es\/wp-content\/uploads\/2025\/10\/placeholder.jpg\"  bad-src=\"https:\/\/www.europesays.com\/es\/wp-content\/uploads\/2025\/10\/placeholder.jpg\"\/><\/p>\n<p><img decoding=\"async\" loading=\"lazy\" class=\"size-medium wp-image-2439875\" src=\"https:\/\/www.europesays.com\/es\/wp-content\/uploads\/2025\/12\/image-2025-12-01t195007.831-620x349.jpg\" alt=\"La foto de Rappel y Telma Ortiz. (Foto: Telecinco)\" width=\"620\" height=\"349\"  \/><\/p>\n<p> La foto de Rappel y Telma Ortiz. (Foto: Telecinco)\n<\/p>\n<p>Fue el propio Rappel quien desvel\u00f3 lo que hablaron entre ellos. \u00ab<strong>Nos encontramos en el c\u00f3ctel<\/strong> y me dice: \u00abYo es que vengo un poco\u2026, vengo a recoger un premio para mi abuela\u00bb. Una informaci\u00f3n a la que el modisto replic\u00f3: \u00ab\u00bfPero viene sola?\u00bb. \u00abS\u00ed, <strong>sola<\/strong>\u00bb, contest\u00f3 ella. Acto seguido le propuso que entraran juntos a la gala: \u00abMe encantar\u00eda entrar contigo\u00bb. Sin salir de su asombro, el vidente contest\u00f3 de manera afirmativa: \u00abPues entramos los dos\u00bb. Un intercambio de palabras que trajo consigo la instant\u00e1nea que uno de los protagonistas mostr\u00f3 este fin de semana en el programa Fiesta de Telecinco.<\/p>\n<p>\n<img decoding=\"async\" loading=\"lazy\" class=\"size-medium wp-image-2153498\" alt=\"Telma Ortiz\" width=\"620\" height=\"349\"  src=\"https:\/\/www.europesays.com\/es\/wp-content\/uploads\/2025\/10\/placeholder.jpg\"  bad-src=\"https:\/\/www.europesays.com\/es\/wp-content\/uploads\/2025\/10\/placeholder.jpg\"\/><\/p>\n<p><img decoding=\"async\" loading=\"lazy\" class=\"size-medium wp-image-2153498\" src=\"https:\/\/www.europesays.com\/es\/wp-content\/uploads\/2025\/12\/u557752_040-620x349.jpg\" alt=\"Telma Ortiz\" width=\"620\" height=\"349\"  \/><\/p>\n<p> Telma Ortiz en la presentaci\u00f3n de un libro. (Foto: Gtres).\n<\/p>\n<p>La casa-museo de Rappel<\/p>\n<p>En un inmueble inundado por el color <strong>morado<\/strong>, la <strong>decoraci\u00f3n barroca<\/strong> y el <strong>dorado<\/strong>, Rappel atesora vivencias y emociones que ha ido presenciando a lo largo de todos estos a\u00f1os. Su posici\u00f3n medi\u00e1tica le ha llevado a codearse con ic\u00f3nicas figuras de nuestro pa\u00eds. As\u00ed lo atestiguan los <strong>numerosos recuerdos<\/strong> que alberga encima de una c\u00f3moda en la que se pueden ver fotograf\u00edas del protagonista de estas l\u00edneas junto a cantantes de la talla de <strong>Roc\u00edo Jurado<\/strong> o <strong>Isabel Pantoja<\/strong> e incluso al lado de arist\u00f3cratas como la siempre recordada Cayetana de Alba, la <strong>duquesa de Alba<\/strong>.<\/p>\n<p>\n<img decoding=\"async\" loading=\"lazy\" class=\"size-medium wp-image-2439885\" alt=\"Rappel ense\u00f1ando el abanico de la duquesa de Alba. (Foto: Telecinco)\" width=\"620\" height=\"349\"  src=\"https:\/\/www.europesays.com\/es\/wp-content\/uploads\/2025\/10\/placeholder.jpg\"  bad-src=\"https:\/\/www.europesays.com\/es\/wp-content\/uploads\/2025\/10\/placeholder.jpg\"\/><\/p>\n<p><img decoding=\"async\" loading=\"lazy\" class=\"size-medium wp-image-2439885\" src=\"https:\/\/www.europesays.com\/es\/wp-content\/uploads\/2025\/12\/image-2025-12-01t195124.096-620x349.jpg\" alt=\"Rappel ense\u00f1ando el abanico de la duquesa de Alba. (Foto: Telecinco)\" width=\"620\" height=\"349\"  \/><\/p>\n<p> Rappel ense\u00f1ando el abanico de la duquesa de Alba. (Foto: Telecinco)\n<\/p>\n<p>Tal era su buena relaci\u00f3n con la madre de Eugenia Mart\u00ednez de Irujo que incluso guarda entre sus mayores tesoros un <strong>regalo<\/strong> que esta le dio en vida. Se trata de un <strong>exclusivo abanico<\/strong> que formaba parte de la extensa colecci\u00f3n personal de la grande de Espa\u00f1a y que ha pasado a ser uno de los grandes tesoros de la del mentalista. Un objeto que, como no pod\u00eda ser de otra manera, Rappel guarda como oro en pa\u00f1o. A esta exquisita lista de recuerdos impagables se le suma una <strong>peineta de la cantante Raquel Meller<\/strong>, algo que ha catalogado como \u00abuna aut\u00e9ntica pieza de coleccionista\u00bb.<\/p>\n","protected":false},"excerpt":{"rendered":"El vidente Rappel y Telma Ortiz, la hermana de la Reina Letizia, por raro que parezca, hubo una&hellip;\n","protected":false},"author":2,"featured_media":266421,"comment_status":"","ping_status":"","sticky":false,"template":"","format":"standard","meta":{"footnotes":""},"categories":[174],"tags":[255,146,147,25,24,256,23,65908],"class_list":{"0":"post-266420","1":"post","2":"type-post","3":"status-publish","4":"format-standard","5":"has-post-thumbnail","7":"category-famosos","8":"tag-celebrities","9":"tag-entertainment","10":"tag-entretenimiento","11":"tag-es","12":"tag-espana","13":"tag-famosos","14":"tag-spain","15":"tag-telma-ortiz-rappel"},"share_on_mastodon":{"url":"https:\/\/pubeurope.com\/@es\/115647354577117347","error":""},"_links":{"self":[{"href":"https:\/\/www.europesays.com\/es\/wp-json\/wp\/v2\/posts\/266420","targetHints":{"allow":["GET"]}}],"collection":[{"href":"https:\/\/www.europesays.com\/es\/wp-json\/wp\/v2\/posts"}],"about":[{"href":"https:\/\/www.europesays.com\/es\/wp-json\/wp\/v2\/types\/post"}],"author":[{"embeddable":true,"href":"https:\/\/www.europesays.com\/es\/wp-json\/wp\/v2\/users\/2"}],"replies":[{"embeddable":true,"href":"https:\/\/www.europesays.com\/es\/wp-json\/wp\/v2\/comments?post=266420"}],"version-history":[{"count":0,"href":"https:\/\/www.europesays.com\/es\/wp-json\/wp\/v2\/posts\/266420\/revisions"}],"wp:featuredmedia":[{"embeddable":true,"href":"https:\/\/www.europesays.com\/es\/wp-json\/wp\/v2\/media\/266421"}],"wp:attachment":[{"href":"https:\/\/www.europesays.com\/es\/wp-json\/wp\/v2\/media?parent=266420"}],"wp:term":[{"taxonomy":"category","embeddable":true,"href":"https:\/\/www.europesays.com\/es\/wp-json\/wp\/v2\/categories?post=266420"},{"taxonomy":"post_tag","embeddable":true,"href":"https:\/\/www.europesays.com\/es\/wp-json\/wp\/v2\/tags?post=266420"}],"curies":[{"name":"wp","href":"https:\/\/api.w.org\/{rel}","templated":true}]}}