{"id":266426,"date":"2025-12-02T01:26:11","date_gmt":"2025-12-02T01:26:11","guid":{"rendered":"https:\/\/www.europesays.com\/es\/266426\/"},"modified":"2025-12-02T01:26:11","modified_gmt":"2025-12-02T01:26:11","slug":"los-estrenos-imprescindibles-de-netflix-en-diciembre-con-dos-potentes-regresos","status":"publish","type":"post","link":"https:\/\/www.europesays.com\/es\/266426\/","title":{"rendered":"Los estrenos imprescindibles de Netflix en diciembre con dos potentes regresos"},"content":{"rendered":"<p class=\"v-mdl-ath__p v-mdl-ath__p--6\">\nLunes, 1 de diciembre 2025, 14:41<\/p>\n<p class=\"v-p\">Este mes lunes y d\u00eda 1 coinciden, los astros se alinean y llegan estrenos muy potentes a <strong>Netflix<\/strong> entre las exitosas series que traen nueva temporada y aquellas que, por su elenco y trama, resultan muy prometedoras.<\/p>\n<p class=\"v-p\">El <strong>jueves 4 de diciembre<\/strong> las mujeres manejan el cotarro en la plataforma con dos matriarcas interpretadas por nada m\u00e1s y nada menos que <strong>Gillian Anderson y Lena Headey<\/strong>, que protagonizan <strong>&#8216;Los abandonados&#8217;<\/strong>, ambientada en <strong>1854<\/strong> en el <strong>territorio de Washington<\/strong>. Sendas familias, una rica y privilegiada y otra formada por hu\u00e9rfanos y marginados, ver\u00e1n sus destinos entrelazados por un oscuro secreto, dos delitos y un amor imposible en medio de una lucha de clases que aportar\u00e1 una dosis de drama con ambientaci\u00f3n del lejano oeste a los espectadores.<\/p>\n<p class=\"v-p\">Aunque realmente la primera temporada hab\u00eda cerrado bien sin necesidad de estrenar una nueva entrega, parece ser que el \u00e9xito cosechado el pasado a\u00f1o por <strong>&#8216;El accidente&#8217;<\/strong> ha empujado a los productores a estrujarse el seso para darle continuidad el pr\u00f3ximo <strong>10 de diciembre<\/strong>. Rememorando de qu\u00e9 iba este <strong>drama mexicano<\/strong>, un grupo de familias adineradas celebra un cumplea\u00f1os infantil cuando un hinchable sale volando, acabando con la vida de dos de los peque\u00f1os. En ese momento, la culpa, la venganza y la estrategia se mezclan en medio de un conflicto de clases lleno de dolor, negocios y secretos. En esta <strong>nueva temporada<\/strong>, un a\u00f1o despu\u00e9s de la tragedia, las cuatro familias siguen sin superarlo y volver\u00e1n a vivir situaciones l\u00edmite fruto de la aparici\u00f3n de nuevos personajes y secretos que salen a la luz.<\/p>\n<p class=\"v-p\">La americana m\u00e1s dicharachera vuelve a Francia, o un poquito m\u00e1s al sur, dejando ver sus aventuras por Venecia y lo m\u00e1s pintoresco de Italia. <strong>&#8216;Emily en Par\u00eds&#8217;<\/strong> aterriza con su <strong>quinta temporada el 18 de diciembre<\/strong>. Con nuevos desaf\u00edos rom\u00e1nticos y profesionales, la influencer m\u00e1s famosa de Netflix coge las riendas de la &#8216;Agencia Grateau&#8217; en Roma en una trama llena de comedia y romanticismo.<\/p>\n<p class=\"v-p\">Por \u00faltimo, y desde <strong>Espa\u00f1a<\/strong>, el <strong>23 de diciembre<\/strong> arriba &#8216;Innato&#8217;, en la que <strong>Imanol Arias<\/strong> interpreta a F\u00e9lix Garay, un asesino en serie bautizado como \u00abel asesino del gasoil\u00bb. La serie gira en torno a su hija Sara (Elena Anaya), una psic\u00f3loga traumatizada por su pasado familiar que ha conseguido rehacer su vida junto a su marido Aitor (Roberto \u00c1lamo), con el que tiene un hijo ya adolescente, Sebas (Teo Soler). Sin embargo, su vida se tambalea cuando su padre sale de la c\u00e1rcel y ocurre una nueva ola de cr\u00edmenes que repiten el mismo modus operandi que el de F\u00e9lix. Sara deber\u00e1 colaborar con la polic\u00eda para resolver nuevos casos.<\/p>\n<p>Reporta un error<\/p>\n","protected":false},"excerpt":{"rendered":"Lunes, 1 de diciembre 2025, 14:41 Este mes lunes y d\u00eda 1 coinciden, los astros se alinean y&hellip;\n","protected":false},"author":2,"featured_media":266427,"comment_status":"","ping_status":"","sticky":false,"template":"","format":"standard","meta":{"footnotes":""},"categories":[169],"tags":[177,35329,1563,146,147,25,24,6750,176,4695,175,152,37349,15763,23],"class_list":{"0":"post-266426","1":"post","2":"type-post","3":"status-publish","4":"format-standard","5":"has-post-thumbnail","7":"category-cine","8":"tag-cine","9":"tag-diciembre","10":"tag-dos","11":"tag-entertainment","12":"tag-entretenimiento","13":"tag-es","14":"tag-espana","15":"tag-estrenos","16":"tag-film","17":"tag-imprescindibles","18":"tag-movies","19":"tag-netflix","20":"tag-potentes","21":"tag-regresos","22":"tag-spain"},"share_on_mastodon":{"url":"https:\/\/pubeurope.com\/@es\/115647373914899588","error":""},"_links":{"self":[{"href":"https:\/\/www.europesays.com\/es\/wp-json\/wp\/v2\/posts\/266426","targetHints":{"allow":["GET"]}}],"collection":[{"href":"https:\/\/www.europesays.com\/es\/wp-json\/wp\/v2\/posts"}],"about":[{"href":"https:\/\/www.europesays.com\/es\/wp-json\/wp\/v2\/types\/post"}],"author":[{"embeddable":true,"href":"https:\/\/www.europesays.com\/es\/wp-json\/wp\/v2\/users\/2"}],"replies":[{"embeddable":true,"href":"https:\/\/www.europesays.com\/es\/wp-json\/wp\/v2\/comments?post=266426"}],"version-history":[{"count":0,"href":"https:\/\/www.europesays.com\/es\/wp-json\/wp\/v2\/posts\/266426\/revisions"}],"wp:featuredmedia":[{"embeddable":true,"href":"https:\/\/www.europesays.com\/es\/wp-json\/wp\/v2\/media\/266427"}],"wp:attachment":[{"href":"https:\/\/www.europesays.com\/es\/wp-json\/wp\/v2\/media?parent=266426"}],"wp:term":[{"taxonomy":"category","embeddable":true,"href":"https:\/\/www.europesays.com\/es\/wp-json\/wp\/v2\/categories?post=266426"},{"taxonomy":"post_tag","embeddable":true,"href":"https:\/\/www.europesays.com\/es\/wp-json\/wp\/v2\/tags?post=266426"}],"curies":[{"name":"wp","href":"https:\/\/api.w.org\/{rel}","templated":true}]}}