{"id":266438,"date":"2025-12-02T01:33:13","date_gmt":"2025-12-02T01:33:13","guid":{"rendered":"https:\/\/www.europesays.com\/es\/266438\/"},"modified":"2025-12-02T01:33:13","modified_gmt":"2025-12-02T01:33:13","slug":"zarzuela-ve-inoportuno-e-innecesario-el-video-de-juan-carlos-i-pidiendo-a-los-jovenes-apoyar-a-felipe-vi","status":"publish","type":"post","link":"https:\/\/www.europesays.com\/es\/266438\/","title":{"rendered":"Zarzuela ve inoportuno e innecesario el v\u00eddeo de Juan Carlos I pidiendo a los j\u00f3venes apoyar a Felipe VI"},"content":{"rendered":"<p class=\"c-paragraph\">La Casa del Rey considera que el v\u00eddeo publicado por <a href=\"https:\/\/www.20minutos.es\/tags\/personas\/juan-carlos-i.html\" title=\"Juan Carlos I\" rel=\"nofollow noopener\" target=\"_blank\">Juan Carlos I<\/a> reclamando el apoyo de los j\u00f3venes a la labor del <a href=\"https:\/\/www.20minutos.es\/tags\/personas\/rey-felipe-vi.html\" title=\"Rey Felipe VI\" rel=\"nofollow noopener\" target=\"_blank\">rey Felipe VI<\/a> <b>\u00abno parece oportuno ni necesario\u00bb<\/b>. Seg\u00fan explican fuentes de Zarzuela citadas por Ep, la instituci\u00f3n no fue informada de antemano de esta grabaci\u00f3n.<\/p>\n<p class=\"c-paragraph\">En general, desde la Casa del Rey no se comenta nada en relaci\u00f3n con el rey em\u00e9rito y, de hecho, no se hab\u00edan pronunciado ni por la publicaci\u00f3n en Francia de sus memorias ni por la entrevista ofrecida la semana pasada a la televisi\u00f3n gala. Tras semanas de noticias y comentarios sobre estas publicaciones, ahora Juan Carlos de Borb\u00f3n ha grabado este mensaje, <b>el primero a los espa\u00f1oles desde que abdic\u00f3 en 2014 <\/b>y posteriormente se instal\u00f3 en Emiratos \u00c1rabes Unidos en el verano de 2020.<\/p>\n<p class=\"c-paragraph\">En la grabaci\u00f3n publicada este lunes, que apenas dura un minuto y medio, quien fuera monarca durante casi cuatro d\u00e9cadas busca trasladar un mensaje a los m\u00e1s j\u00f3venes, \u00absobre todo para todos los que no conoc\u00e9is la historia de Espa\u00f1a\u00bb. \u00abQuiero que sep\u00e1is que vuestros padres, vuestros abuelos y muchos espa\u00f1oles unidos<b> conseguimos hacer una Transici\u00f3n ejemplar<\/b>, dar un cambio a este pa\u00eds en unas circunstancias muy complejas en las que todos tuvimos que esforzarnos y arriesgar, pero con la generosidad y el esfuerzo de todos logramos que este pa\u00eds sea lo que hoy es\u00bb, ha reivindicado Juan Carlos I.\u00a0<\/p>\n<p class=\"c-paragraph\">El em\u00e9rito ha justificado nuevamente la publicaci\u00f3n de sus memorias en v\u00edsperas del <b>50 aniversario de su proclamaci\u00f3n como rey<\/b>. Lo ha hecho dirigi\u00e9ndose a los j\u00f3venes, \u00abcon la idea de que vuestros padres puedan recordar momentos hist\u00f3ricos y que vosotros pod\u00e1is conocer la historia reciente de vuestro pa\u00eds, sin distorsiones interesadas\u00bb.\u00a0<\/p>\n<p class=\"c-paragraph\">\u00abLa monarqu\u00eda ha jugado un papel esencial en toda esta Transici\u00f3n, una posici\u00f3n institucional y de relaciones en las que hemos conseguido conectar a Espa\u00f1a con el resto del mundo\u00bb, ha resaltado. En este punto, y antes de terminar, les ha pedido que <b>apoyen \u00abal rey Felipe en este duro trabajo que es unir a todos los espa\u00f1oles<\/b> y que Espa\u00f1a siga siendo y jugando un papel tan relevante en el mundo\u00bb.\u00a0<\/p>\n","protected":false},"excerpt":{"rendered":"La Casa del Rey considera que el v\u00eddeo publicado por Juan Carlos I reclamando el apoyo de los&hellip;\n","protected":false},"author":2,"featured_media":266439,"comment_status":"","ping_status":"","sticky":false,"template":"","format":"standard","meta":{"footnotes":""},"categories":[8],"tags":[17,18,25,24,13,14,11,65911,65910,19,20,9,10,15,16,23,12,21,22,7096,2338,65909],"class_list":{"0":"post-266438","1":"post","2":"type-post","3":"status-publish","4":"format-standard","5":"has-post-thumbnail","7":"category-espana","8":"tag-breaking-news","9":"tag-breakingnews","10":"tag-es","11":"tag-espana","12":"tag-featured-news","13":"tag-featurednews","14":"tag-headlines","15":"tag-innecesario","16":"tag-inoportuno","17":"tag-latest-news","18":"tag-latestnews","19":"tag-news","20":"tag-noticias","21":"tag-noticias-destacadas","22":"tag-noticiasdestacadas","23":"tag-spain","24":"tag-titulares","25":"tag-ultimas-noticias","26":"tag-ultimasnoticias","27":"tag-ve","28":"tag-video","29":"tag-zarzuela"},"share_on_mastodon":{"url":"https:\/\/pubeurope.com\/@es\/115647401421874221","error":""},"_links":{"self":[{"href":"https:\/\/www.europesays.com\/es\/wp-json\/wp\/v2\/posts\/266438","targetHints":{"allow":["GET"]}}],"collection":[{"href":"https:\/\/www.europesays.com\/es\/wp-json\/wp\/v2\/posts"}],"about":[{"href":"https:\/\/www.europesays.com\/es\/wp-json\/wp\/v2\/types\/post"}],"author":[{"embeddable":true,"href":"https:\/\/www.europesays.com\/es\/wp-json\/wp\/v2\/users\/2"}],"replies":[{"embeddable":true,"href":"https:\/\/www.europesays.com\/es\/wp-json\/wp\/v2\/comments?post=266438"}],"version-history":[{"count":0,"href":"https:\/\/www.europesays.com\/es\/wp-json\/wp\/v2\/posts\/266438\/revisions"}],"wp:featuredmedia":[{"embeddable":true,"href":"https:\/\/www.europesays.com\/es\/wp-json\/wp\/v2\/media\/266439"}],"wp:attachment":[{"href":"https:\/\/www.europesays.com\/es\/wp-json\/wp\/v2\/media?parent=266438"}],"wp:term":[{"taxonomy":"category","embeddable":true,"href":"https:\/\/www.europesays.com\/es\/wp-json\/wp\/v2\/categories?post=266438"},{"taxonomy":"post_tag","embeddable":true,"href":"https:\/\/www.europesays.com\/es\/wp-json\/wp\/v2\/tags?post=266438"}],"curies":[{"name":"wp","href":"https:\/\/api.w.org\/{rel}","templated":true}]}}