{"id":266440,"date":"2025-12-02T01:34:13","date_gmt":"2025-12-02T01:34:13","guid":{"rendered":"https:\/\/www.europesays.com\/es\/266440\/"},"modified":"2025-12-02T01:34:13","modified_gmt":"2025-12-02T01:34:13","slug":"lubo-penev-ingresado-grave-en-alemania-victima-de-un-cancer","status":"publish","type":"post","link":"https:\/\/www.europesays.com\/es\/266440\/","title":{"rendered":"Lubo Penev, ingresado grave en Alemania v\u00edctima de un c\u00e1ncer"},"content":{"rendered":"<p data-gtm-element-container=\"modulo-texto-link\" class=\"paragraph\">El b\u00falgaro <strong>Lubo Penev<\/strong>, exdelantero de equipos como CSKA Sof\u00eda, Valencia, Atl\u00e9tico de Madrid, Compostela y Celta de Vigo, se encuentra ingresado en estado grave en un centro oncol\u00f3gico de <strong>Alemania v\u00edctima de un c\u00e1ncer de ri\u00f1\u00f3n.<\/strong><\/p>\n<p data-gtm-element-container=\"modulo-texto-link\" class=\"paragraph\"><strong>Penev, que en 1994 super\u00f3 un c\u00e1ncer testicular<\/strong> cuando militaba en el Valencia, lleg\u00f3 al f\u00fatbol espa\u00f1ol como jugador valencianista.<\/p>\n<p data-gtm-element-container=\"modulo-texto-link\" class=\"paragraph\">Fue una de las figuras del Atl\u00e9tico de Madrid que logr\u00f3 el doblete en 1996 y figura de la selecci\u00f3n de su pa\u00eds en los a\u00f1os 90, se encuentra en una situaci\u00f3n delicada y el tratamiento al que debe ser sometido cuesta unos 150.000 euros al mes, por lo que<strong> su esposa, Kristina Mitseva, ha abierto una cuenta bancaria para donaciones<\/strong> y pidi\u00f3 a quien tenga la capacidad y el deseo que aporte la cantidad que pueda, seg\u00fan &#8216;Trud News&#8217;.<\/p>\n<p data-gtm-element-container=\"modulo-texto-link\" class=\"paragraph\">El mundo del f\u00fatbol en Bulgaria se est\u00e1 volcando en dar \u00e1nimos a <strong>Penev, de 59 a\u00f1os.<\/strong> Entre ellos, <strong>Hristo Stoichkov<\/strong>, que tambi\u00e9n se acord\u00f3 de otros dos exinternacionales que se encuentran tambi\u00e9n luchando contra sus respectivas enfermedades, <strong>Borislav Mihaylov y Petar Hubchev.<\/strong><\/p>\n<p>    Lee tambi\u00e9n<\/p>\n<p data-gtm-element-container=\"modulo-texto-link\" class=\"paragraph\">El CSKA tambi\u00e9n se ha manifestado sobre su leyenda: \u00ab\u00a1Ganar\u00e1s este partido tambi\u00e9n, Lyubo! El CSKA expresa<strong> su total apoyo a Lyuboslav Penev en este dif\u00edcil momento.<\/strong> Estamos seguros de que el gran goleador ganar\u00e1 la batalla m\u00e1s importante, como lo ha hecho cientos de veces en el campo y en la l\u00ednea de banda. <strong>Lyubo,<\/strong> toda la comunidad militar est\u00e1 contigo. Creemos en la fuerza de tu esp\u00edritu, que te llev\u00f3 a lo m\u00e1s alto del f\u00fatbol con la camiseta roja y te convirti\u00f3 en el favorito de toda Bulgaria\u00bb.<\/p>\n","protected":false},"excerpt":{"rendered":"El b\u00falgaro Lubo Penev, exdelantero de equipos como CSKA Sof\u00eda, Valencia, Atl\u00e9tico de Madrid, Compostela y Celta de&hellip;\n","protected":false},"author":2,"featured_media":266441,"comment_status":"","ping_status":"","sticky":false,"template":"","format":"standard","meta":{"footnotes":""},"categories":[5],"tags":[17,18,25,24,13,14,11,19,20,9,10,15,16,23,12,21,22],"class_list":{"0":"post-266440","1":"post","2":"type-post","3":"status-publish","4":"format-standard","5":"has-post-thumbnail","7":"category-titulares","8":"tag-breaking-news","9":"tag-breakingnews","10":"tag-es","11":"tag-espana","12":"tag-featured-news","13":"tag-featurednews","14":"tag-headlines","15":"tag-latest-news","16":"tag-latestnews","17":"tag-news","18":"tag-noticias","19":"tag-noticias-destacadas","20":"tag-noticiasdestacadas","21":"tag-spain","22":"tag-titulares","23":"tag-ultimas-noticias","24":"tag-ultimasnoticias"},"share_on_mastodon":{"url":"https:\/\/pubeurope.com\/@es\/115647405320696253","error":""},"_links":{"self":[{"href":"https:\/\/www.europesays.com\/es\/wp-json\/wp\/v2\/posts\/266440","targetHints":{"allow":["GET"]}}],"collection":[{"href":"https:\/\/www.europesays.com\/es\/wp-json\/wp\/v2\/posts"}],"about":[{"href":"https:\/\/www.europesays.com\/es\/wp-json\/wp\/v2\/types\/post"}],"author":[{"embeddable":true,"href":"https:\/\/www.europesays.com\/es\/wp-json\/wp\/v2\/users\/2"}],"replies":[{"embeddable":true,"href":"https:\/\/www.europesays.com\/es\/wp-json\/wp\/v2\/comments?post=266440"}],"version-history":[{"count":0,"href":"https:\/\/www.europesays.com\/es\/wp-json\/wp\/v2\/posts\/266440\/revisions"}],"wp:featuredmedia":[{"embeddable":true,"href":"https:\/\/www.europesays.com\/es\/wp-json\/wp\/v2\/media\/266441"}],"wp:attachment":[{"href":"https:\/\/www.europesays.com\/es\/wp-json\/wp\/v2\/media?parent=266440"}],"wp:term":[{"taxonomy":"category","embeddable":true,"href":"https:\/\/www.europesays.com\/es\/wp-json\/wp\/v2\/categories?post=266440"},{"taxonomy":"post_tag","embeddable":true,"href":"https:\/\/www.europesays.com\/es\/wp-json\/wp\/v2\/tags?post=266440"}],"curies":[{"name":"wp","href":"https:\/\/api.w.org\/{rel}","templated":true}]}}