{"id":266448,"date":"2025-12-02T01:43:11","date_gmt":"2025-12-02T01:43:11","guid":{"rendered":"https:\/\/www.europesays.com\/es\/266448\/"},"modified":"2025-12-02T01:43:11","modified_gmt":"2025-12-02T01:43:11","slug":"donde-ver-torrent-betis-canal-de-tv-y-streaming-online-del-partido-de-la-copa-del-rey-2025-2026","status":"publish","type":"post","link":"https:\/\/www.europesays.com\/es\/266448\/","title":{"rendered":"D\u00f3nde ver Torrent &#8211; Betis: canal de TV y streaming online del partido de la Copa del Rey 2025-2026"},"content":{"rendered":"<p style=\"\">Tras imponerse en el derbi con un ejercicio de superioridad incontestable en la segunda parte, el <strong>Real Betis<\/strong> se enfoca ya en una semana con dos partidos que arranca este mi\u00e9rcoles en el Ciutat de Valencia, donde se enfrentar\u00e1 al <strong>Torrent CF<\/strong>, de  &#8230; Segunda RFEF, en encuentro de la segunda ronda de la <a href=\"https:\/\/rfef.es\/es\/competiciones\/copa-de-sm-el-rey\" target=\"_self\" data-voc-vtm-id=\"in-text-traffic\" title=\"Copa del Rey\" data-mrf-link=\"rfef.es\" rel=\"nofollow noopener\">Copa del Rey<\/a>. En la primera eliminatoria, el conjunto verdiblanco super\u00f3 al Palma del R\u00edo (1-7) y el valenciano al Juventud de Torremolinos (3-1). Te contamos todos los detalles de este duelo copero que se jugar\u00e1 en el estadio del Levante y c\u00f3mo verlo y seguirlo.<\/p>\n<p>\nTorrent &#8211; Betis: en qu\u00e9 canal lo televisan y plataformas de streaming\n<\/p>\n<p class=\"voc-p\" style=\"\">El partido entre el conjunto valenciano y el verdiblanco correspondiente a la segunda eliminatoria de la Copa del Rey ser\u00e1 retransmitido por RTVE Play y <a href=\"https:\/\/www.rtve.es\/play\/videos\/directo\/deportes\/futbol-torrent-betis-copa-rey\/\" target=\"_self\" data-voc-vtm-id=\"in-text-traffic\" title=\"Teledeporte\" data-mrf-link=\"www.rtve.es\" rel=\"nofollow noopener\">Teledeporte<\/a>.<\/p>\n<p>\nA qu\u00e9 hora es el Torrent &#8211; Betis: fecha, d\u00eda, horario, estadio y d\u00f3nde se juega\n<\/p>\n<p class=\"voc-p\" style=\"\">El Torrent CF y el Real Betis se enfrentan <strong>este mi\u00e9rcoles, 3 de diciembre, a las 21.00 horas<\/strong> en el Estadio Ciutat de Valencia.<\/p>\n<p>\nC\u00f3mo seguir el Torrent &#8211; Betis\n<\/p>\n<p class=\"voc-p\" style=\"\">El duelo de la Copa del Rey entre el conjunto de Toni Seligrat y el de Manuel Pellegrini se puede seguir por dos v\u00edas online. En primer lugar, desde esta misma web: <a href=\"https:\/\/www.abc.es\/deportes\/alfinaldelapalmera\/\" target=\"_self\" data-voc-vtm-id=\"in-text-traffic\" title=\"Alfinaldelapalmera.com\" data-mrf-link=\"www.abc.es\" rel=\"nofollow noopener\">Alfinaldelapalmera.com<\/a> donde contaremos el partido en directo y minuto a minuto. Tambi\u00e9n a trav\u00e9s de ABC de Sevilla. En ambas webs, aparte del transcurrir del choque, se podr\u00e1n leer estad\u00edsticas, comentarios, cr\u00f3nicas, res\u00famenes, v\u00eddeos y todo lo relacionado con este partido de la<strong> Copa del Rey 2025-2026<\/strong>.<\/p>\n<p>\nTodo lo que hay que saber del Torrent &#8211; Betis\n<\/p>\n<p class=\"voc-p\" style=\"\">Con la ausencia de seis jugadores importantes a los que <a href=\"https:\/\/www.abc.es\/deportes\/alfinaldelapalmera\/noticias-betis\/sevilla-betis-palmera-cronica-20251130164334-nts.html\" target=\"_self\" data-voc-vtm-id=\"in-text-traffic\" title=\"no ech\u00f3 de menos\" data-mrf-link=\"www.abc.es\" rel=\"nofollow noopener\">no ech\u00f3 de menos<\/a>, el <strong>Betis<\/strong> gan\u00f3 siete a\u00f1os despu\u00e9s en el <strong>Ram\u00f3n S\u00e1nchez-Pizju\u00e1n<\/strong> tras un primer tiempo igualado y un segundo periodo en el que se mostr\u00f3 muy superior a ra\u00edz del 0-1 de <strong>Fornals<\/strong>. La diferencia deportiva que existe ahora mismo entre los dos rivales de la ciudad se plasm\u00f3 en el c\u00e9sped de <a href=\"https:\/\/www.abc.es\/deportes\/alfinaldelapalmera\/noticias-betis\/primer-triunfo-pellegrini-derbi-nervion-20251130184832-nts.html\" target=\"_self\" data-voc-vtm-id=\"in-text-traffic\" title=\"Nervi\u00f3n\" data-mrf-link=\"www.abc.es\" rel=\"nofollow noopener\">Nervi\u00f3n<\/a> y el Betis consum\u00f3 su segundo <a href=\"https:\/\/www.abc.es\/deportes\/alfinaldelapalmera\/noticias-betis\/sevilla-betis-triunfo-familia-20251201204736-nts.html\" target=\"_self\" data-voc-vtm-id=\"in-text-traffic\" title=\"triunfo\" data-mrf-link=\"www.abc.es\" rel=\"nofollow noopener\">triunfo<\/a> a domicilio de la temporada para, con 24 puntos ya, afianzarse en la quinta posici\u00f3n de la tabla. El s\u00e1bado volver\u00e1n los de <a href=\"https:\/\/www.abc.es\/deportes\/alfinaldelapalmera\/noticias-betis\/pellegrini-entrenador-derbis-dirigido-primera-division-20251201141815-nts.html\" target=\"_self\" data-voc-vtm-id=\"in-text-traffic\" title=\"Pellegrini\" data-mrf-link=\"www.abc.es\" rel=\"nofollow noopener\">Pellegrini<\/a> al estadio de la <strong>Cartuja<\/strong> para afrontar una cita de la m\u00e1xima dificultad frente al FC Barcelona, pero antes tiene este compromiso copero que debe sacar adelante para seguir avanzando rondas en una competici\u00f3n que, como siempre, ilusiona mucho al club y al beticismo.<\/p>\n<p class=\"voc-p\" style=\"\"> Esta semana hay que estar pendientes de la enfermer\u00eda para ver c\u00f3mo evolucionan los cinco jugadores que la ocupan: <strong>Pau L\u00f3pez, Beller\u00edn, Amrabat, Lo Celso e Isco<\/strong>. Lo m\u00e1s probable es que se reserven para el s\u00e1bado a los futbolistas que est\u00e9n m\u00e1s cerca de reaparecer y en Valencia tengan minutos los menos habituales, como <strong>Adri\u00e1n San Miguel, Ricardo, Junior, Chimy \u00c1vila o Bakambu<\/strong>, a semejanza del planteamiento de la primera eliminatoria en <a href=\"https:\/\/www.abc.es\/deportes\/alfinaldelapalmera\/noticias-betis\/palma-betis-cronica-20251030224122-nts.html\" target=\"_self\" data-voc-vtm-id=\"in-text-traffic\" title=\"Palma del R\u00edo\" data-mrf-link=\"www.abc.es\" rel=\"nofollow noopener\">Palma del R\u00edo<\/a>. Hay una diferencia de tres categor\u00edas entre ambos equipos y, siempre sin confianzas, el Betis no deber\u00eda tener problema alguno para pasar a la siguiente fase del torneo del KO. <\/p>\n<p>\nC\u00f3mo llega el Torrent\n<\/p>\n<p class=\"voc-p\" style=\"\">Entrenado por Toni Seligrat, el Torrent se dio un alegr\u00f3n copero superando en la primera ronda al <strong>Juventud de Torremolinos<\/strong> (3-1) y ahora disfrutar\u00e1 del premio que supone medirse a un equipo de la zona noble de LaLiga como el Betis. Eso s\u00ed, no podr\u00e1 recibir al conjunto verdiblanco en su estadio, el<strong> San Gregorio<\/strong>, ya que no se han terminado a tiempo las obras de adecuaci\u00f3n de la instalaci\u00f3n. Ante esa imposibilidad, el club valenciano se movi\u00f3 para buscar un nuevo escenario y finalmente se jugar\u00e1 el choque en la sede del <strong>Levante<\/strong>. Un <a href=\"https:\/\/www.abc.es\/deportes\/alfinaldelapalmera\/noticias-betis\/ciutat-valencia-sede-definitiva-torrent-betis-copa-20251120225848-nts.html\" target=\"_self\" data-voc-vtm-id=\"in-text-traffic\" title=\"Ciutat de Valencia\" data-mrf-link=\"www.abc.es\" rel=\"nofollow noopener\">Ciutat de Valencia<\/a> que, por cierto, visitar\u00e1 por segunda vez el Betis esta temporada. El Torrent CF, que la pasada campa\u00f1a disput\u00f3 la fase de ascenso a Primera RFEF, es el <strong>17\u00ba clasificado de 18 equipos del Grupo 3 de la Segunda RFEF<\/strong> con once puntos en trece jornadas disputadas. Este pasado fin de semana igual\u00f3 a dos tantos en casa con el Andratx.<\/p>\n","protected":false},"excerpt":{"rendered":"Tras imponerse en el derbi con un ejercicio de superioridad incontestable en la segunda parte, el Real Betis&hellip;\n","protected":false},"author":2,"featured_media":266449,"comment_status":"","ping_status":"","sticky":false,"template":"","format":"standard","meta":{"footnotes":""},"categories":[268],"tags":[13519,291,4632,2493,168,25,24,280,282,133,1045,5330,281,23,167,6879,53945,809],"class_list":{"0":"post-266448","1":"post","2":"type-post","3":"status-publish","4":"format-standard","5":"has-post-thumbnail","7":"category-futbol","8":"tag-13519","9":"tag-betis","10":"tag-canal","11":"tag-copa","12":"tag-deportes","13":"tag-es","14":"tag-espana","15":"tag-football","16":"tag-futbol","17":"tag-online","18":"tag-partido","19":"tag-rey","20":"tag-soccer","21":"tag-spain","22":"tag-sports","23":"tag-streaming","24":"tag-torrent","25":"tag-ver"},"share_on_mastodon":{"url":"https:\/\/pubeurope.com\/@es\/115647440815395314","error":""},"_links":{"self":[{"href":"https:\/\/www.europesays.com\/es\/wp-json\/wp\/v2\/posts\/266448","targetHints":{"allow":["GET"]}}],"collection":[{"href":"https:\/\/www.europesays.com\/es\/wp-json\/wp\/v2\/posts"}],"about":[{"href":"https:\/\/www.europesays.com\/es\/wp-json\/wp\/v2\/types\/post"}],"author":[{"embeddable":true,"href":"https:\/\/www.europesays.com\/es\/wp-json\/wp\/v2\/users\/2"}],"replies":[{"embeddable":true,"href":"https:\/\/www.europesays.com\/es\/wp-json\/wp\/v2\/comments?post=266448"}],"version-history":[{"count":0,"href":"https:\/\/www.europesays.com\/es\/wp-json\/wp\/v2\/posts\/266448\/revisions"}],"wp:featuredmedia":[{"embeddable":true,"href":"https:\/\/www.europesays.com\/es\/wp-json\/wp\/v2\/media\/266449"}],"wp:attachment":[{"href":"https:\/\/www.europesays.com\/es\/wp-json\/wp\/v2\/media?parent=266448"}],"wp:term":[{"taxonomy":"category","embeddable":true,"href":"https:\/\/www.europesays.com\/es\/wp-json\/wp\/v2\/categories?post=266448"},{"taxonomy":"post_tag","embeddable":true,"href":"https:\/\/www.europesays.com\/es\/wp-json\/wp\/v2\/tags?post=266448"}],"curies":[{"name":"wp","href":"https:\/\/api.w.org\/{rel}","templated":true}]}}