{"id":266450,"date":"2025-12-02T01:44:09","date_gmt":"2025-12-02T01:44:09","guid":{"rendered":"https:\/\/www.europesays.com\/es\/266450\/"},"modified":"2025-12-02T01:44:09","modified_gmt":"2025-12-02T01:44:09","slug":"como-se-conocieron-donde-se-casaron-y-por-que-no-tienen-hijos","status":"publish","type":"post","link":"https:\/\/www.europesays.com\/es\/266450\/","title":{"rendered":"c\u00f3mo se conocieron, d\u00f3nde se casaron y por qu\u00e9 no tienen hijos"},"content":{"rendered":"<p>La industria interpretativa espa\u00f1ola nos ha presentado, a lo largo de su historia, a numerosos rostros que han formado parte de grandes producciones. Pero, si hablamos de parejas de actores consolidadas, los nombres de <strong>Javier Veiga<\/strong> y <strong>Marta Hazas<\/strong> no pueden faltar en la lista, puesto que <a href=\"https:\/\/okdiario.com\/happyfm\/hormiguero-marta-hazas-javier-veiga-confiesan-que-lo-peor-trabajar-juntos-6815352\" target=\"_blank\" rel=\"noopener noreferrer nofollow\">los artistas<\/a> llevan ya m\u00e1s de una d\u00e9cada juntos. <strong>Una historia de amor que surgi\u00f3 en pleno rodaje<\/strong>. Pues, fue la producci\u00f3n Muertos de amor la que uni\u00f3 sus destinos. Y es que, desde entonces, han sido varios los proyectos profesionales en los que han trabajado juntos. Un peque\u00f1o detalle que demuestra que, tambi\u00e9n, <strong>son un gran equipo como actores.<\/strong><\/p>\n<p>Tal y como la pareja ha relatado, ambos <strong>ya se hab\u00edan conocido anteriormente<\/strong>. Pues, al parecer, ella hab\u00eda visto una obra de teatro protagonizada por Javier Veiga en la que \u00e9l era el protagonista. Pero, no fue hasta el rodaje de Muertos de amor,\u00a0en el 2012, que comenzaron a tener un trato m\u00e1s cercano. De hecho, <strong>juntos han apostado por fundar una productora, Medio Lim\u00f3n<\/strong>. Un medio con el que han lanzado al mundo varias producciones cinematogr\u00e1ficas como, por ejemplo, Peque\u00f1as coincidencias o Amigos hasta la muerte.<\/p>\n<p>\u00bfD\u00f3nde se casaron Javier Veiga y Marta Hazas?<\/p>\n<p>Tras comenzar un noviazgo,<strong> la pareja de actores decidi\u00f3 unir sus vidas en matrimonio en el 2016.<\/strong> El 1 de octubre de dicho a\u00f1o, los artistas se casaron en\u00a0Santander, en el Palacio de la Magdalena. Un enlace al que acudieron sus respectivos familiares, amigos, seres queridos y compa\u00f1eros de profesi\u00f3n para poder vivir con ellos un d\u00eda tan importante. <strong>Una boda que quisieron hacer por lo civil.<\/strong><\/p>\n<p>\u00abHemos sido <strong>una pareja muy productiva<\/strong> con el \u00faltimo estreno de Amigos hasta la muerte\u00a0en cines. La pel\u00edcula que hemos producido, \u00f3pera prima de Javi, hemos hecho una serie, una obra de teatro y encima <strong>nos lo seguimos pasando bien juntos, as\u00ed que no se puede pedir nada m\u00e1s<\/strong>\u00bb, dijo para \u00a1Hola!<\/p>\n<p>\u00bfPor qu\u00e9 no quieren tener hijos?<\/p>\n<p>A pesar de haber estado 13 a\u00f1os juntos, la pareja no ha sentido la necesidad de querer darle la bienvenida a su c\u00edrculo a un beb\u00e9. Y es que, Marta Hazas ha manifestado que es completamente feliz sin ser madre. <strong>\u00abYo no quiero pasar mi d\u00e9cada de los 40 a los 50 en la crianza\u00bb<\/strong>, coment\u00f3 a El Pa\u00eds en su momento.<\/p>\n<p>Por su parte, <strong>Javier Veiga ha indicado que sabe que se est\u00e1n \u00abperdiendo\u00bb algunas etapas<\/strong> y momentos por no ser padre, pero tambi\u00e9n sabe que hay hombres que son padres y se est\u00e1n perdiendo cosas \u00abpor tener que estar cuidando a sus hijos\u00bb. Y es que, la pareja de actores lo tiene claro. No quieren tener hijos. <strong>\u00abEs una faena porque es una decisi\u00f3n que hay que tomar\u00bb<\/strong>, agrega el actor.<\/p>\n","protected":false},"excerpt":{"rendered":"La industria interpretativa espa\u00f1ola nos ha presentado, a lo largo de su historia, a numerosos rostros que han&hellip;\n","protected":false},"author":2,"featured_media":266451,"comment_status":"","ping_status":"","sticky":false,"template":"","format":"standard","meta":{"footnotes":""},"categories":[174],"tags":[255,146,147,25,24,256,23],"class_list":{"0":"post-266450","1":"post","2":"type-post","3":"status-publish","4":"format-standard","5":"has-post-thumbnail","7":"category-famosos","8":"tag-celebrities","9":"tag-entertainment","10":"tag-entretenimiento","11":"tag-es","12":"tag-espana","13":"tag-famosos","14":"tag-spain"},"share_on_mastodon":{"url":"https:\/\/pubeurope.com\/@es\/115647444604309570","error":""},"_links":{"self":[{"href":"https:\/\/www.europesays.com\/es\/wp-json\/wp\/v2\/posts\/266450","targetHints":{"allow":["GET"]}}],"collection":[{"href":"https:\/\/www.europesays.com\/es\/wp-json\/wp\/v2\/posts"}],"about":[{"href":"https:\/\/www.europesays.com\/es\/wp-json\/wp\/v2\/types\/post"}],"author":[{"embeddable":true,"href":"https:\/\/www.europesays.com\/es\/wp-json\/wp\/v2\/users\/2"}],"replies":[{"embeddable":true,"href":"https:\/\/www.europesays.com\/es\/wp-json\/wp\/v2\/comments?post=266450"}],"version-history":[{"count":0,"href":"https:\/\/www.europesays.com\/es\/wp-json\/wp\/v2\/posts\/266450\/revisions"}],"wp:featuredmedia":[{"embeddable":true,"href":"https:\/\/www.europesays.com\/es\/wp-json\/wp\/v2\/media\/266451"}],"wp:attachment":[{"href":"https:\/\/www.europesays.com\/es\/wp-json\/wp\/v2\/media?parent=266450"}],"wp:term":[{"taxonomy":"category","embeddable":true,"href":"https:\/\/www.europesays.com\/es\/wp-json\/wp\/v2\/categories?post=266450"},{"taxonomy":"post_tag","embeddable":true,"href":"https:\/\/www.europesays.com\/es\/wp-json\/wp\/v2\/tags?post=266450"}],"curies":[{"name":"wp","href":"https:\/\/api.w.org\/{rel}","templated":true}]}}