{"id":266454,"date":"2025-12-02T01:48:12","date_gmt":"2025-12-02T01:48:12","guid":{"rendered":"https:\/\/www.europesays.com\/es\/266454\/"},"modified":"2025-12-02T01:48:12","modified_gmt":"2025-12-02T01:48:12","slug":"slash-ozzy-y-noches-inolvidables-charlie-sheen-revela-su-lado-rockero-en-su-nueva-autobiografia","status":"publish","type":"post","link":"https:\/\/www.europesays.com\/es\/266454\/","title":{"rendered":"Slash, Ozzy y noches inolvidables: Charlie Sheen revela su lado \u201crockero\u201d en su nueva autobiograf\u00eda"},"content":{"rendered":"<p><img alt=\"Charlie Sheen publica sus memorias\" class=\"global-image\" decoding=\"async\" fetchpriority=\"high\" height=\"1080\" loading=\"eager\" src=\"https:\/\/www.europesays.com\/es\/wp-content\/uploads\/2025\/12\/E3ECYEQSVBHARCIY6PWGXLSVOQ.jpg\" width=\"1920\"\/>Charlie Sheen publica sus memorias &#8216;The Book of Sheen&#8217; con episodios in\u00e9ditos de su vida personal y profesional<br \/>\nCr\u00e9dito: Netflix<\/p>\n<p class=\"paragraph\">La publicaci\u00f3n de las memorias de <a href=\"https:\/\/www.infobae.com\/tag\/charlie-sheen\/\" target=\"_blank\" rel=\"noreferrer nofollow noopener\" title=\"https:\/\/www.infobae.com\/tag\/charlie-sheen\/\"><b>Charlie Sheen<\/b><\/a>, bajo el t\u00edtulo <a href=\"https:\/\/www.infobae.com\/tag\/the-book-of-sheen\/\" target=\"_blank\" rel=\"noreferrer nofollow noopener\" title=\"https:\/\/www.infobae.com\/tag\/the-book-of-sheen\/\">The Book of Sheen<\/a>, ha suscitado una notable expectaci\u00f3n medi\u00e1tica al presentar episodios in\u00e9ditos de su historia personal y profesional. <\/p>\n<p class=\"paragraph\"><b>El propio actor ha recalcado su voluntad de escribir una autobiograf\u00eda en la que reina la honestidad, el autoan\u00e1lisis y la renuncia a cualquier tipo de victimismo, tanto hacia los dem\u00e1s como hacia s\u00ed mismo<\/b>.<\/p>\n<p class=\"paragraph\">En una entrevista para Loudwire Nights, <b>Sheen<\/b> <b>explic\u00f3 que su meta primordial fue ofrecer un relato \u00edntegro sobre sus vivencias<\/b>, asumiendo errores y aciertos sin filtros ni eufemismos. <\/p>\n<p><img alt=\"La autobiograf\u00eda de Charlie Sheen\" class=\"global-image\" decoding=\"async\" fetchpriority=\"low\" height=\"1080\" loading=\"lazy\" src=\"https:\/\/www.europesays.com\/es\/wp-content\/uploads\/2025\/12\/VAZB6ODO6FEU3DV3W5VSRIA7LU.jpg\" width=\"1920\"\/>La autobiograf\u00eda de Charlie Sheen destaca la honestidad y el autoan\u00e1lisis, sin victimismo ni excusas<br \/>\n(AP)<\/p>\n<p class=\"paragraph\">\u201cTengo que aceptar lo bueno y lo malo. No rehu\u00ed muchas de las cosas que sucedieron ni por qu\u00e9 sucedieron, porque cuando me propuse hacer esto, tom\u00e9 la decisi\u00f3n consciente de que no habr\u00eda v\u00edctimas en mi libro, incluy\u00e9ndome a m\u00ed mismo\u201d, afirm\u00f3 el actor. <\/p>\n<p class=\"paragraph\">Al rechazar el papel de v\u00edctima de las circunstancias, <b>Sheen <\/b>realza la importancia de la <b>autenticidad y la responsabilidad personal<\/b> en la reconstrucci\u00f3n de su trayectoria.<\/p>\n<p class=\"paragraph\">En su narrativa no hay espacio para excusas o justificaciones. El int\u00e9rprete estadounidense propone un ejercicio de memoria que invita a asumir, sin tapujos, los costes y consecuencias de las acciones propias. <b>La sinceridad es, para Sheen, el eje que gu\u00eda tanto la confesi\u00f3n de sus episodios dif\u00edciles como la evocaci\u00f3n de los momentos de gloria en su carrera.<\/b><\/p>\n<p><img alt=\"El rock and roll y\" class=\"global-image\" decoding=\"async\" fetchpriority=\"low\" height=\"591\" loading=\"lazy\" src=\"https:\/\/www.europesays.com\/es\/wp-content\/uploads\/2025\/12\/BVDNL2BAJ5DYRGXZK3557GXRMA.jpeg\" width=\"1054\"\/>El rock and roll y la amistad con Slash, guitarrista de Guns N\u2019 Roses, ocupan un lugar central en las memorias de Sheen<br \/>\n(Captura de video)<\/p>\n<p class=\"paragraph\">El <b>rock and roll<\/b> ocupa un lugar esencial en las memorias de Sheen. Su afinidad por la m\u00fasica y su relaci\u00f3n de amistad con <a href=\"https:\/\/www.infobae.com\/tag\/slash\/\" target=\"_blank\" rel=\"noreferrer nofollow noopener\" title=\"https:\/\/www.infobae.com\/tag\/slash\/\"><b>Slash<\/b><\/a>, guitarrista de Guns N\u2019 Roses, marcan varios de los cap\u00edtulos m\u00e1s reveladores. El inicio de ese v\u00ednculo se remonta a 1990, durante un encuentro casual en el Hamburger Hamlet de Sunset y Doheny, en Los \u00c1ngeles. <\/p>\n<p class=\"paragraph\">El actor lleg\u00f3 acompa\u00f1ado de un amigo conocido como Dead Rick, y el encuentro con Slash marc\u00f3 el comienzo de una relaci\u00f3n que, con el paso del tiempo, se enriquecer\u00eda con m\u00faltiples an\u00e9cdotas y reuniones.<\/p>\n<p class=\"paragraph\">A lo largo de los a\u00f1os, Sheen y Slash compartieron <b>veladas en clubes angelinos con figuras reconocidas del rock<\/b>, como Bret Michaels de Poison. En una de esas noches, Sheen convers\u00f3 extensamente con Slash sobre temas personales y profesionales, sellando as\u00ed una complicidad poco com\u00fan entre el mundo del cine y el de la m\u00fasica.<\/p>\n<p><img alt=\"Charlie Sheen narra experiencias \u00fanicas\" class=\"global-image\" decoding=\"async\" fetchpriority=\"low\" height=\"1080\" loading=\"lazy\" src=\"https:\/\/www.europesays.com\/es\/wp-content\/uploads\/2025\/12\/EM3N6KWNY5FKNJUR5OPPWUFIIY.jpg\" width=\"1920\"\/>Charlie Sheen narra experiencias \u00fanicas junto a leyendas del rock como Bret Michaels y Slash en escenarios internacionales<br \/>\n(2012\/REUTERS: Foto de archivo)<\/p>\n<p class=\"paragraph\">La camarader\u00eda entre Sheen y Slash fue m\u00e1s all\u00e1 de las fronteras estadounidenses, consolid\u00e1ndose en eventos de gran carga simb\u00f3lica. Sheen form\u00f3 parte de la ceremonia en la que Slash fue homenajeado con una estrella en el Paseo de la Fama de Hollywood, acompa\u00f1ando al m\u00fasico en ese acto tan significativo. <\/p>\n<p class=\"paragraph\">Adem\u00e1s, viaj\u00f3 hasta Irlanda para presentar a la banda The Conspirators, con la que Slash tocaba en un hist\u00f3rico sal\u00f3n de conciertos. En aquella ocasi\u00f3n, Sheen pidi\u00f3 interpretar un tema de <b>Myles Kennedy<\/b>, y la banda accedi\u00f3 tras apenas diez horas de preparaci\u00f3n con el cantante a\u00fan afectado por el jet lag. Slash anunci\u00f3 desde el micr\u00f3fono: <b>\u201cThis is for Carlos\u201d<\/b>, dedic\u00e1ndole la canci\u00f3n al actor, quien describi\u00f3 el momento como inolvidable.<\/p>\n<p class=\"paragraph\">La huella de estas experiencias trasciende lo anecd\u00f3tico, ya que reflejan la integraci\u00f3n de Sheen en ambientes art\u00edsticos diversos y su capacidad para generar lazos aut\u00e9nticos m\u00e1s all\u00e1 de las c\u00e1maras y los escenarios.<\/p>\n<p><img alt=\"El actor relata su encuentro\" class=\"global-image\" decoding=\"async\" fetchpriority=\"low\" height=\"1962\" loading=\"lazy\" src=\"https:\/\/www.europesays.com\/es\/wp-content\/uploads\/2025\/12\/B7YV2UZ3QRCWPAOEBHG73QBYVM.JPG\" width=\"3488\"\/>El actor relata su encuentro con Ozzy Osbourne durante un proceso de rehabilitaci\u00f3n en el centro Promises<br \/>\n(REUTERS\/Mario Anzuoni\/File Photo)<\/p>\n<p class=\"paragraph\">Otro episodio central del libro narra el inesperado encuentro de Sheen con <a href=\"https:\/\/www.infobae.com\/tag\/ozzy-osbourne\/\" target=\"_blank\" rel=\"noreferrer nofollow noopener\" title=\"https:\/\/www.infobae.com\/tag\/ozzy-osbourne\/\"><b>Ozzy Osbourne<\/b><\/a> en el centro de desintoxicaci\u00f3n Promises. <b>Coincidieron mientras ambos atravesaban procesos de rehabilitaci\u00f3n y compartieron comidas, adem\u00e1s de asistir juntos a varias reuniones<\/b>. <\/p>\n<p class=\"paragraph\">Sheen relat\u00f3 que, al finalizar el programa, fue persuadido por el personal del centro para seguir vinculado a la vida sobria promovida por la instituci\u00f3n, aunque ya no estaba internado oficialmente. Durante ese periodo, emergieron vivencias singulares. Entre ellas, una conversaci\u00f3n con Osbourne, quien mascaba un palillo de menta. <\/p>\n<p class=\"paragraph\">Al preguntarle si se estaba limpiando los dientes, el m\u00fasico respondi\u00f3 que hab\u00eda dejado de fumar y, ante la pregunta sobre cu\u00e1ntos a\u00f1os hab\u00eda fumado, contest\u00f3 con iron\u00eda: \u201cNo s\u00e9, \u00bfmil a\u00f1os?\u201d. Luego, Osbourne brome\u00f3 con la idea de abandonar simult\u00e1neamente el alcohol, las drogas y el tabaco: <b>\u201cYa que estoy aqu\u00ed, mejor lo dejo todo al mismo tiempo\u201d<\/b>, record\u00f3 Sheen.<\/p>\n<p><img alt=\"'The Book of Sheen' ofrece\" class=\"global-image\" decoding=\"async\" fetchpriority=\"low\" height=\"1500\" loading=\"lazy\" src=\"https:\/\/www.europesays.com\/es\/wp-content\/uploads\/2025\/12\/A7QQ2B3CYVCPBHXNFPQK5MPQGA.webp\" width=\"1000\"\/>&#8216;The Book of Sheen&#8217; ofrece un testimonio sin concesiones, invitando a descubrir a un Charlie Sheen renovado y due\u00f1o de su historia<br \/>\n(Cr\u00e9ditos: Gallery Books)<\/p>\n<p class=\"paragraph\">A lo largo de sus memorias, Sheen insiste en la necesidad de <b>asumir la responsabilidad<\/b> de las propias decisiones. Ning\u00fan cap\u00edtulo busca eludir las consecuencias asociadas a sus actos; por el contrario, la obra subraya la autenticidad como m\u00e9todo para encarar incluso los pasajes m\u00e1s complejos de su vida.<\/p>\n<p class=\"paragraph\"><b>Las experiencias con leyendas de la m\u00fasica y la pertenencia a diferentes mundos art\u00edsticos han formado parte de este aprendizaje<\/b>. Para <b>Sheen<\/b>, la relevancia de sus memorias reside en su capacidad para narrar, sin reservas, tanto sus oscuridades como los lazos de camarader\u00eda y transformaci\u00f3n.<\/p>\n<p class=\"paragraph\">El testimonio recogido en The Book of Sheen transmite una visi\u00f3n <b>sin concesiones ni justificaciones<\/b>, donde la honestidad se convierte en clave para comprender al protagonista y su recorrido.<\/p>\n","protected":false},"excerpt":{"rendered":"Charlie Sheen publica sus memorias &#8216;The Book of Sheen&#8217; con episodios in\u00e9ditos de su vida personal y profesional&hellip;\n","protected":false},"author":2,"featured_media":266455,"comment_status":"","ping_status":"","sticky":false,"template":"","format":"standard","meta":{"footnotes":""},"categories":[170],"tags":[3118,146,147,25,24,3691,184,185,3119,4101,23],"class_list":{"0":"post-266454","1":"post","2":"type-post","3":"status-publish","4":"format-standard","5":"has-post-thumbnail","7":"category-musica","8":"tag-arts-culture-entertainment","9":"tag-entertainment","10":"tag-entretenimiento","11":"tag-es","12":"tag-espana","13":"tag-los-angeles","14":"tag-music","15":"tag-musica","16":"tag-north-america","17":"tag-obituaries","18":"tag-spain"},"share_on_mastodon":{"url":"https:\/\/pubeurope.com\/@es\/115647460679304071","error":""},"_links":{"self":[{"href":"https:\/\/www.europesays.com\/es\/wp-json\/wp\/v2\/posts\/266454","targetHints":{"allow":["GET"]}}],"collection":[{"href":"https:\/\/www.europesays.com\/es\/wp-json\/wp\/v2\/posts"}],"about":[{"href":"https:\/\/www.europesays.com\/es\/wp-json\/wp\/v2\/types\/post"}],"author":[{"embeddable":true,"href":"https:\/\/www.europesays.com\/es\/wp-json\/wp\/v2\/users\/2"}],"replies":[{"embeddable":true,"href":"https:\/\/www.europesays.com\/es\/wp-json\/wp\/v2\/comments?post=266454"}],"version-history":[{"count":0,"href":"https:\/\/www.europesays.com\/es\/wp-json\/wp\/v2\/posts\/266454\/revisions"}],"wp:featuredmedia":[{"embeddable":true,"href":"https:\/\/www.europesays.com\/es\/wp-json\/wp\/v2\/media\/266455"}],"wp:attachment":[{"href":"https:\/\/www.europesays.com\/es\/wp-json\/wp\/v2\/media?parent=266454"}],"wp:term":[{"taxonomy":"category","embeddable":true,"href":"https:\/\/www.europesays.com\/es\/wp-json\/wp\/v2\/categories?post=266454"},{"taxonomy":"post_tag","embeddable":true,"href":"https:\/\/www.europesays.com\/es\/wp-json\/wp\/v2\/tags?post=266454"}],"curies":[{"name":"wp","href":"https:\/\/api.w.org\/{rel}","templated":true}]}}