{"id":266456,"date":"2025-12-02T01:49:10","date_gmt":"2025-12-02T01:49:10","guid":{"rendered":"https:\/\/www.europesays.com\/es\/266456\/"},"modified":"2025-12-02T01:49:10","modified_gmt":"2025-12-02T01:49:10","slug":"la-secuela-de-terror-mas-esperada-de-2025-lo-confirma-vio-la-pelicula-el-otro-dia-y-me-dijo-que-daba-mucho-miedo-vandal","status":"publish","type":"post","link":"https:\/\/www.europesays.com\/es\/266456\/","title":{"rendered":"La secuela de terror m\u00e1s esperada de 2025 lo confirma: &#039;Vio la pel\u00edcula el otro d\u00eda y me dijo que daba mucho miedo&#039; &#8211; Vandal"},"content":{"rendered":"<ol>\n<li><a href=\"https:\/\/news.google.com\/rss\/articles\/CBMi8AFBVV95cUxQRE1DNFM0NlRIZTdsbGUzaUNQXy1nWlJRNXliano5bzNpaXJJLXlBb0EwZTBWbXdrTjFxY0RISGktOVd2OUZSbWEtbjh2TFZyVkp0SWhPZnVlZUJKLWtDTGpvZ2M5ZW5Mai1iZkNpbGI0Zi1VTXBJYXVnNkhkOHN2alVqZFhsZnB3ZU1RRkRsdUhkSHRWQXZMZDRDaTlfVVh5QVA4d1pOWE5faWxmVE9NX1Fnek5RTzZlTUhvY3Qya0FPV2x4NTRaeE9ISVdiWVRxaEhwM2RNY1VzY1g2SWVtUkU4MUNQVjNfV29Pd2FTSXfSAfYBQVVfeXFMUFIxbjEya2l6cGZ3a3JxZk9kdERmLUQ3RUlydzFUeE1oQU5FRVlkQndGejB1X3RBOEl2UWtINnZVWXdDYy1xc1RwUE1CWXdXbmVEQk5SOFZSVHpzeEI5OEp1amswMllNc2FsS1RxeUYtdjIwZlh3TDBNa1NEd2ZWUXFXQ09NbzBZdlNySUQyNW0xbWlwZnRIQ1lGZ2F5REZid1paNzlIb0lWaFY4V2ZXREJ2a2xkdGdRdEJ2R2dVRUVwYkRoY2ViVWZtdzhseEJyc2hURTN6Z0h6ODZ6TWNhb1VQODF4eE5tYXRzVVR3TWNWcTJ3Um5B?oc=5\" target=\"_blank\" rel=\"nofollow noopener\">La secuela de terror m\u00e1s esperada de 2025 lo confirma: &#8216;Vio la pel\u00edcula el otro d\u00eda y me dijo que daba mucho miedo&#8217;<\/a>&nbsp;&nbsp;Vandal<\/li>\n<li><a href=\"https:\/\/news.google.com\/rss\/articles\/CBMi3gFBVV95cUxNR1FURXdscjY2a2g3RDl6NHByMExQOUUyazBobWo0a2NMVTVOeTRiY3ItMTZlY1RkbXM4RjkyNmFBRkNobXlMYWY2RmpTYUJDNzgyaWhOQWktQ0hHQm0xNDRaZ001U1ljdnNrTVBMVTQybm12YmpUOGxZYXhNa0ZFQVZjWjRoWllkeVB4RTA5ZHBNVTdlSDZScGZ4Vm1HWFJRS0ltVmZSbE5LUFhZbXQtb0V4Q3k2UFBETlRWZlBqQmFDRFNJejV2XzRhUG9zXzN1VDR0WDd6MUY2NHh5bFHSAfIBQVVfeXFMUG1FSndPV2xyTEYwOGNXVExrTHFjTnkyUE5abmlBMWN0djFJV1Z5cS1qY050VGM2bDhlcC1OYnFCZWc3WXl2SG5rVHhHNFhqeUdNb1p0M2o5SGFDUkZXXzNuQzMyeVlLS29OcWhQRWJDc2xMMkp6aEdSYWdWeGJBUk1lOXo3dWtNX1p4dlh1alg5SnhUS3ozQXhMUXJyUjRIc255dDR6OUVxSHpCYjJBdVMwanJkQXI3cUdiWC01MGpUNGZQUEg0UDl0ejRXbFpuUG1nVWVzOEJaQ01oTHdERGJZQXRDMHY0R0U0ampvcUl6a3c?oc=5\" target=\"_blank\" rel=\"nofollow noopener\">El protagonista de \u2018Five Nights at Freddy\u2019s 2\u2019 eleva el hype en este clip exclusivo: \u201cLos fans van a flipar\u201d<\/a>&nbsp;&nbsp;Diario AS<\/li>\n<li><a href=\"https:\/\/news.google.com\/rss\/articles\/CBMiZEFVX3lxTE1UekxfQl94bHJKOFA3a3Fqa05ybkRsNnY4RFFJa0txN1RmQWJUc3pWSjlWNzJWa2RrRU0xZWV1RHVwbjVuVFBHQXk3QzNlNVBycmVockZtX3F1TW9LMGplV1k2NWI?oc=5\" target=\"_blank\" rel=\"nofollow noopener\">Estrenos del 5 de diciembre de 2025<\/a>&nbsp;&nbsp;Cinemagavia<\/li>\n<li><a href=\"https:\/\/news.google.com\/rss\/articles\/CBMi0AFBVV95cUxNOXVvUUI0QTd5UzUzQi1VbFNRRF9oTndvTko2Rk5TdkVBbWk1MnBjZ0s0ZEVpb2FlSFkyVVRNWGFDWHJWYWVYQ1J5dXl5ZWVBdWhmakN3RkdVOFhJX1AxU1ljeWI4Q09YbnlLTDlMLTgxYUZ1OUNia2E5aW1hekd1SFdNQW5sZ3MzVmFwTzY3VlBWQjB0emZZSmF0TUxtQ0ZmX0Y5Mm5GOW0zM2wxNDQ2RWZDak03N3Bsak5uelk0d25nR21NbVpTbFFabVB0cXNk0gHWAUFVX3lxTFBWQmROaGFGS3I1cE5ENDhPRnh3OEdQVUJZX3FQR0dDWFhhR2R1X0FtWVdaWGdhNmxKTXhTXzBrOHl4OS1MYlNUbHRPVWtmV1dicnFhd1drU3VtZERzTDNhaWNWR1F2MmN1ZHNxSWx6WkxldFNqNkVxYjJlMWJoUV9seUtOcFU5aUxLNFZrUW4wQ19KWndDbUhDNW1ZdXFFdkZOV1cxZ250R1FWLW9uYzFSTjA2bzE5dDM1Y1dIbW9RMHNpanN6T3YzZE5QTmFQcGw1c0dVWFE?oc=5\" target=\"_blank\" rel=\"nofollow noopener\">Vaso de Five Nights at Freddy&#8217;s 2 en Cinemex: este es el coleccionable que llega a M\u00e9xico, su precio y&#8230;<\/a>&nbsp;&nbsp;3DJuegos LATAM<\/li>\n<li><a href=\"https:\/\/news.google.com\/rss\/articles\/CBMi0gFBVV95cUxOa3l5UnNaVWNMOHZOdWpnSFQyTjhuc21TaGViTnA3dnRGY25qWnZ4TnoxaFNIckNEQTYwcTNNbjVVN2tJUk9xbjdvOS04WHprQmVGR2NodDE2bDh5Z090THFNWERGX0lIcUNtN1pMcDhwTnh3b1dYNXRoelVmM0puTUMtNDFJQlVjLUxnWmsxU3ZvbHNHRHV4OVFoazEyMTQyRDM0azY0OEszUm9QVERiNE9lemNMZmJKU2piUjlsRzFSc0VzN2pQdC1TMGdPMDdMMHfSAWRBVV95cUxNUU1UWXVhUTd3c2ljUjRobEpXZTI2VFRudzdOeTVlRHBVc3M5YTNQX0pVOVBhOWwwN01CRGNPUERlcjdtTmZjZlNqT2hxcVp1X0V0OTNhVndnV0Q4S2NKQ2hVLW9V?oc=5\" target=\"_blank\" rel=\"nofollow noopener\">Josh Hutcherson explica si sinti\u00f3 terror al grabar \u2018Five Nights at Freddy&#8217;s 2\u2019<\/a>&nbsp;&nbsp;Telemundo<\/li>\n<\/ol>\n","protected":false},"excerpt":{"rendered":"La secuela de terror m\u00e1s esperada de 2025 lo confirma: &#8216;Vio la pel\u00edcula el otro d\u00eda y me&hellip;\n","protected":false},"author":2,"featured_media":266457,"comment_status":"","ping_status":"","sticky":false,"template":"","format":"standard","meta":{"footnotes":""},"categories":[169],"tags":[177,146,147,25,24,2065,176,175,23],"class_list":{"0":"post-266456","1":"post","2":"type-post","3":"status-publish","4":"format-standard","5":"has-post-thumbnail","7":"category-cine","8":"tag-cine","9":"tag-entertainment","10":"tag-entretenimiento","11":"tag-es","12":"tag-espana","13":"tag-faltan-tags","14":"tag-film","15":"tag-movies","16":"tag-spain"},"share_on_mastodon":{"url":"https:\/\/pubeurope.com\/@es\/115647464490028904","error":""},"_links":{"self":[{"href":"https:\/\/www.europesays.com\/es\/wp-json\/wp\/v2\/posts\/266456","targetHints":{"allow":["GET"]}}],"collection":[{"href":"https:\/\/www.europesays.com\/es\/wp-json\/wp\/v2\/posts"}],"about":[{"href":"https:\/\/www.europesays.com\/es\/wp-json\/wp\/v2\/types\/post"}],"author":[{"embeddable":true,"href":"https:\/\/www.europesays.com\/es\/wp-json\/wp\/v2\/users\/2"}],"replies":[{"embeddable":true,"href":"https:\/\/www.europesays.com\/es\/wp-json\/wp\/v2\/comments?post=266456"}],"version-history":[{"count":0,"href":"https:\/\/www.europesays.com\/es\/wp-json\/wp\/v2\/posts\/266456\/revisions"}],"wp:featuredmedia":[{"embeddable":true,"href":"https:\/\/www.europesays.com\/es\/wp-json\/wp\/v2\/media\/266457"}],"wp:attachment":[{"href":"https:\/\/www.europesays.com\/es\/wp-json\/wp\/v2\/media?parent=266456"}],"wp:term":[{"taxonomy":"category","embeddable":true,"href":"https:\/\/www.europesays.com\/es\/wp-json\/wp\/v2\/categories?post=266456"},{"taxonomy":"post_tag","embeddable":true,"href":"https:\/\/www.europesays.com\/es\/wp-json\/wp\/v2\/tags?post=266456"}],"curies":[{"name":"wp","href":"https:\/\/api.w.org\/{rel}","templated":true}]}}