{"id":266465,"date":"2025-12-02T01:55:12","date_gmt":"2025-12-02T01:55:12","guid":{"rendered":"https:\/\/www.europesays.com\/es\/266465\/"},"modified":"2025-12-02T01:55:12","modified_gmt":"2025-12-02T01:55:12","slug":"trump-confirma-que-ha-hablado-con-maduro-pero-rechaza-dar-detalles-sobre-su-llamada","status":"publish","type":"post","link":"https:\/\/www.europesays.com\/es\/266465\/","title":{"rendered":"Trump confirma que ha hablado con Maduro pero rechaza dar detalles sobre su llamada"},"content":{"rendered":"<p class=\"L6-news-detail__text\">El presidente estadounidense, <b>Donald Trump<\/b>, confirm\u00f3 este domingo que hab\u00eda hablado con el presidente venezolano, <b>Nicol\u00e1s Maduro<\/b>, pero se neg\u00f3 a dar detalles de la conversaci\u00f3n ocurrida en medio de la escalada de tensi\u00f3n en el Caribe. \u00ab<b>La respuesta es s\u00ed<\/b>\u00ab, dijo Trump cuando se le pregunt\u00f3 si hab\u00eda hablado con Maduro cuando dialogaba con la prensa a bordo del Air Force One de regreso a la capital estadounidense. El mandatario evit\u00f3 abundar sobre los detalles: \u00abNo quiero comentar al respecto\u00bb.<\/p>\n<p class=\"L6-news-detail__text\">La conversaci\u00f3n entre los dos l\u00edderes se habr\u00eda dado la semana pasada para acordar una posible reuni\u00f3n entre ambos en Estados Unidos, seg\u00fan report\u00f3 el viernes el diario The New York Times con base en fuentes an\u00f3nimas familiarizadas con el asunto.<\/p>\n<p class=\"L6-news-detail__text\">La llamada, que incluy\u00f3 al secretario de Estado estadounidense, <b>Marco Rubio<\/b>, no result\u00f3 en planes concretos para el encuentro, a\u00f1adi\u00f3 el informe del diario neoyorquino, que tampoco comparti\u00f3 m\u00e1s detalles sobre lo discutido entre ambos l\u00edderes. La tensi\u00f3n entre EEUU y Venezuela ha escalado en los \u00faltimos d\u00edas y este s\u00e1bado Trump advirti\u00f3 a los pilotos y aerol\u00edneas que <b><a title=\"consideren el espacio a\u00e9reo venezolano y sus alrededores &quot;cerrado&quot;\" href=\"https:\/\/www.lasexta.com\/noticias\/internacional\/trump-advierte-que-espacio-aereo-venezuela-debe-considerarse-cerrado-totalidad_20251129692af82455584d48fb62c2cd.html\" target=\"_blank\" rel=\"nofollow noopener\">consideren el espacio a\u00e9reo venezolano y sus alrededores \u00abcerrado\u00bb<\/a><\/b>.<\/p>\n<p class=\"L6-news-detail__text\">Cuestionado sobre si la alerta significaba un ataque inminente en tierra venezolana, el mandatario se neg\u00f3 a hablar sobre su mensaje compartido en su red Truth Social. En contraste, Trump dedic\u00f3 varios minutos a defender al secretario de Defensa, <b>Pete Hegseth<\/b>, quien se encuentra en el ojo del hurac\u00e1n por supuestamente haber ordenado \u00ab<b>matar a todos<\/b>\u00bb los ocupantes de una supuesta lancha de narcotraficantes, de acuerdo con un informe del Washington Post.<\/p>\n<p class=\"L6-news-detail__text\">Seg\u00fan el diario, que citaba a dos fuentes con conocimiento directo de la operaci\u00f3n, despu\u00e9s de que el primer misil impactara en el barco los comandantes se percataron de que hab\u00eda dos tripulantes que se aferraban a restos de la embarcaci\u00f3n. El comandante a cargo del operativo orden\u00f3 entonces un segundo ataque para cumplir con las instrucciones de Hegseth, que hab\u00eda ordenado \u00abmatar a todos\u00bb los presentes en el barco. <b>\u00ab(Hegseth) dijo que no orden\u00f3 eso y le creo\u00bb, dijo Trump<\/b>.<\/p>\n<p class=\"L6-news-detail__text\">Hegseth ha calificado la informaci\u00f3n del rotativo de \u00ab<b>noticias falsas<\/b>\u00ab, una expresi\u00f3n recurrente en la Casa Blanca para referirse a la informaci\u00f3n negativa. Pero esta vez tendr\u00e1 que explicar a un comit\u00e9 del Senado de EE.UU. sobre el supuesto ataque calificado por legisladores dem\u00f3cratas como \u00ab<b>crimen de guerra<\/b>\u00ab.<\/p>\n<p class=\"L6-news-detail__text\"><b><a title=\"*Sigue a laSexta en Google. Toda la actualidad y el mejor contenido aqu\u00ed.\" href=\"https:\/\/profile.google.com\/cp\/CgkvbS8wZG5xejA\" target=\"_blank\" rel=\"nofollow noopener\">*Sigue a laSexta en Google. Toda la actualidad y el mejor contenido aqu\u00ed.<\/a><\/b><\/p>\n<p class=\"L6-support-news-video__title\">Tensi\u00f3n entre el PP y el Gobierno<\/p>\n<p>            <a href=\"https:\/\/www.lasexta.com\/noticias\/nacional\/ayuso-recupera-eta-monica-garcia-responde-usted-que-esta-alentando-odio_20251201692df24c6e5e5012dcd6733d.html\" class=\"L6-news__link\" rel=\"nofollow noopener\" target=\"_blank\"><br \/>\n                Ayuso recupera a ETA y M\u00f3nica Garc\u00eda le responde: \u00abEs usted la que est\u00e1 alentando el odio\u00bb<\/p>\n<p class=\"recirculation-video-desc\">\u00bfQu\u00e9 est\u00e1n diciendo? La presidenta de la Comunidad de Madrid asegura que \u00abETA est\u00e1 preparando su asalto al Pa\u00eds Vasco y a Navarra\u00bb y vincula al Gobierno con la banda terrorista.<\/p>\n<p>            <\/a><\/p>\n","protected":false},"excerpt":{"rendered":"El presidente estadounidense, Donald Trump, confirm\u00f3 este domingo que hab\u00eda hablado con el presidente venezolano, Nicol\u00e1s Maduro, pero&hellip;\n","protected":false},"author":2,"featured_media":266466,"comment_status":"","ping_status":"","sticky":false,"template":"","format":"standard","meta":{"footnotes":""},"categories":[42],"tags":[17,18,13,14,11,61,62,63,64,19,20,9,10,15,16,12,21,22,65,66,67],"class_list":{"0":"post-266465","1":"post","2":"type-post","3":"status-publish","4":"format-standard","5":"has-post-thumbnail","7":"category-internacional","8":"tag-breaking-news","9":"tag-breakingnews","10":"tag-featured-news","11":"tag-featurednews","12":"tag-headlines","13":"tag-internacional","14":"tag-international","15":"tag-international-news","16":"tag-internationalnews","17":"tag-latest-news","18":"tag-latestnews","19":"tag-news","20":"tag-noticias","21":"tag-noticias-destacadas","22":"tag-noticiasdestacadas","23":"tag-titulares","24":"tag-ultimas-noticias","25":"tag-ultimasnoticias","26":"tag-world","27":"tag-world-news","28":"tag-worldnews"},"share_on_mastodon":{"url":"https:\/\/pubeurope.com\/@es\/115647487974313976","error":""},"_links":{"self":[{"href":"https:\/\/www.europesays.com\/es\/wp-json\/wp\/v2\/posts\/266465","targetHints":{"allow":["GET"]}}],"collection":[{"href":"https:\/\/www.europesays.com\/es\/wp-json\/wp\/v2\/posts"}],"about":[{"href":"https:\/\/www.europesays.com\/es\/wp-json\/wp\/v2\/types\/post"}],"author":[{"embeddable":true,"href":"https:\/\/www.europesays.com\/es\/wp-json\/wp\/v2\/users\/2"}],"replies":[{"embeddable":true,"href":"https:\/\/www.europesays.com\/es\/wp-json\/wp\/v2\/comments?post=266465"}],"version-history":[{"count":0,"href":"https:\/\/www.europesays.com\/es\/wp-json\/wp\/v2\/posts\/266465\/revisions"}],"wp:featuredmedia":[{"embeddable":true,"href":"https:\/\/www.europesays.com\/es\/wp-json\/wp\/v2\/media\/266466"}],"wp:attachment":[{"href":"https:\/\/www.europesays.com\/es\/wp-json\/wp\/v2\/media?parent=266465"}],"wp:term":[{"taxonomy":"category","embeddable":true,"href":"https:\/\/www.europesays.com\/es\/wp-json\/wp\/v2\/categories?post=266465"},{"taxonomy":"post_tag","embeddable":true,"href":"https:\/\/www.europesays.com\/es\/wp-json\/wp\/v2\/tags?post=266465"}],"curies":[{"name":"wp","href":"https:\/\/api.w.org\/{rel}","templated":true}]}}