{"id":266467,"date":"2025-12-02T01:56:14","date_gmt":"2025-12-02T01:56:14","guid":{"rendered":"https:\/\/www.europesays.com\/es\/266467\/"},"modified":"2025-12-02T01:56:14","modified_gmt":"2025-12-02T01:56:14","slug":"victor-abalos-sanchez-le-dio-la-orden-directa-a-mi-padre-de-ir-a-ver-a-delcy-a-barajas-y-desde-entonces-cayo-en-desgracia-el-mundo","status":"publish","type":"post","link":"https:\/\/www.europesays.com\/es\/266467\/","title":{"rendered":"V\u00edctor \u00c1balos: &quot;S\u00e1nchez le dio la orden directa a mi padre de ir a ver a Delcy a Barajas y desde entonces cay\u00f3 en desgracia&quot; &#8211; El Mundo"},"content":{"rendered":"<ol>\n<li><a href=\"https:\/\/news.google.com\/rss\/articles\/CBMiekFVX3lxTE1fZG93TERHZUtEVk55d1ZiNExKZWFlMG1JZV9Qb01IT2J6akE5aU43NDFUU3VIOWlPMzQtRVQzTDhjUU5zakN1M0RMejktMnJKZnlvTFNySk1iRjJWUE1KNWgwRlhmczlDWDZHS0lfeE1QMWk4eldIRXJ30gF6QVVfeXFMTjRFZDNiYmd2UGhXRjlCMFk1SDNCRDhyODlVWWllTlcxOTl6eXJDdTBPeUwybEdDVFJvcFF4Si1RRklPU3FKTi1YMHRORVowbWFFM3FOeFNyVHpkczF1Z1pqLWhURU5ySmkxOEtYU25hbTFPQ283ZGNfclE?oc=5\" target=\"_blank\" rel=\"nofollow noopener\">V\u00edctor \u00c1balos: \u00abS\u00e1nchez le dio la orden directa a mi padre de ir a ver a Delcy a Barajas y desde entonces cay\u00f3 en desgracia\u00bb<\/a>&nbsp;&nbsp;El Mundo<\/li>\n<li><a href=\"https:\/\/news.google.com\/rss\/articles\/CBMikwJBVV95cUxOUGZoYzBaNFVFZGNST2t5WUxwdmxKRVBJbGFuWE5tOXZ4ck83QmFaUUNtdUpmU3lLdFI5bmFKaHFmWEF3S3c2a0ZQUFhvTTJmVmp1cW4tYTJyeS1ETlhjb25CR0JveldZeVRucmU5bHRfbFlCcmJZRGVWNm5Ea1RKSlY3UG5IWHN4T2JJVXVYWTlBYnRaOF85dl85cTlFcFdwZ2hUaTk5bkc5YmtwbE1yQVk4Ui1LTDBULXRyTXVpbEhPblBtTUR6N2RDNUc3c04wWnhtNHZuekhZNFBrOTdma2xsUWlRMkRWV0o5UHljeHZyYzNIcGRpcGZNeXJ2aW5MUEVWRE1zUHJvNWM1aC1kR1ZsNNIBkwJBVV95cUxPcHBGQ2Q3Z0VPc09IQTFXTnhpUGx3WUxIWEpUVnA1d0FWNFNoRGx6SFdzaEc1Z3RxQnFxcnRCN3BxaUdUT1RtYmJYVURmMjlFekx2WFFQMVFHQmxRT19BQUEzeWhaMTJMQ1FHSWNfcjJnWVJoV2d0VFFuY3A4bEJXUnY5ZmlBQUVfekRSZl9oN29OMG9PQkY5Um9QdXZZTWEtbnJPbTRSTHlEUkhmc1A0d0pnYmJGSzJXd3NETWM0MmU3WnBNa2lZY1VxS0poUmZLQnRfeWQ1ek9VQUtPSXAzNklQYUc2RGxDaG55MFozcHM5S3JIQ01vdV91cl9mbUFxak1QYXZ6V1MxZ0NFZHFRNGp6RQ?oc=5\" target=\"_blank\" rel=\"nofollow noopener\">El hijo de \u00c1balos arremete sin pruebas contra S\u00e1nchez tras el ingreso en prisi\u00f3n de su padre: \u00abSantos le<\/a>&nbsp;&nbsp;LaSexta<\/li>\n<li><a href=\"https:\/\/news.google.com\/rss\/articles\/CBMi1AFBVV95cUxQN3MxbU12UUZmUVpVY2haclpwWDZjRTg2aFFZMFlFQUlNYlhqMjNZR1U2dEkwbm84cHE4b3dpVHJZT2VweDVBbUVsbFh2ZDE4blRDbEFWNzgyVnFOb3lFclhsTS1kMVNpZGtQb2w1RWJ6QTlUeGhOWG0xREl5U2pHV01HSE8xQ0tiNlB5UDFLWGRmTTZzVGI4bzR4dnRJMjVkcTF3VzV2cDA0TWJnajBSeW90aVFldXdodVh5WXdZQ215eEtya18xakw1Z1ktdGtGMzlDLQ?oc=5\" target=\"_blank\" rel=\"nofollow noopener\">Por qu\u00e9 la UCO otorga un papel clave al hijo de \u00c1balos que ha empezado a &#8216;cantar&#8217;<\/a>&nbsp;&nbsp;Libertad Digital<\/li>\n<li><a href=\"https:\/\/news.google.com\/rss\/articles\/CBMi9gFBVV95cUxPQVZ0LVVxNzRSc0UwMXl2cWVkQzctMHA4cXVkVjNBNDNScWxsMHhqMFR1VlJHTVctMmJFSk8xRmppN1A5RV9OOHFxZENLWlhfM2pheWkzV09KaW50cGFCN0hUYTRNRmxWdl8tb0UzdDJKVW5CcjVyVmloRnZGSjgwWWZmM05PVHA5QlNsaFVRaGktbmY3NkdjN3hjMWktN0Jqd0ltT1lWMWpKdHVjdlZ4LTItaG8wSDFHcWRRNS01M056dzhtbnJXLTNKd2FBZ1J2RzdZMjdYb0ZLSUZPZ1hVUlFRU3E4N1R4WUZZOFVwSEU5TlVFQWc?oc=5\" target=\"_blank\" rel=\"nofollow noopener\">Uno de los hijos de \u00c1balos: \u00abCerd\u00e1n le ofreci\u00f3 un cheque en blanco a mi padre en nombre del presidente\u00bb<\/a>&nbsp;&nbsp;Antena 3<\/li>\n<li><a href=\"https:\/\/news.google.com\/rss\/articles\/CBMizAFBVV95cUxQVDUtY1BhTE90V0QyOXFYQnozbjV4LUl3eHB6TjVkeDc0cUtPaGpJd3hMdUZuMkdvcllHOUstM2UwUmI1MW8xVkNxWDVGcHpTVEJULV9Mb3U2d1E1TUcwd0JZdmVkWDRvTVBIZFBPckJCX1JUZ2pOZjZRemlsbnFabW95MmFUNWd1WDNWSzRMZUFockhhRXBtSjFrb2R2WVJ0SDhuRkhsV0xSTXZ4UjgzY25iamlieEo4RmxubFR1cDFjbmhTVXg0WHZ1Qmw?oc=5\" target=\"_blank\" rel=\"nofollow noopener\">\u00abBego\u00f1a G\u00f3mez fue decisiva para que S\u00e1nchez prescindiera de mi padre: &#8216;Echa a ese putero'\u00bb<\/a>&nbsp;&nbsp;Vozp\u00f3puli<\/li>\n<\/ol>\n","protected":false},"excerpt":{"rendered":"V\u00edctor \u00c1balos: \u00abS\u00e1nchez le dio la orden directa a mi padre de ir a ver a Delcy a&hellip;\n","protected":false},"author":2,"featured_media":266468,"comment_status":"","ping_status":"","sticky":false,"template":"","format":"standard","meta":{"footnotes":""},"categories":[8],"tags":[17,18,25,24,13,14,11,5610,5611,19,20,9,44827,10,15,16,1699,8411,23,12,21,22,2964],"class_list":{"0":"post-266467","1":"post","2":"type-post","3":"status-publish","4":"format-standard","5":"has-post-thumbnail","7":"category-espana","8":"tag-breaking-news","9":"tag-breakingnews","10":"tag-es","11":"tag-espana","12":"tag-featured-news","13":"tag-featurednews","14":"tag-headlines","15":"tag-jose-luis-abalos","16":"tag-koldo-garcia","17":"tag-latest-news","18":"tag-latestnews","19":"tag-news","20":"tag-nlpremium","21":"tag-noticias","22":"tag-noticias-destacadas","23":"tag-noticiasdestacadas","24":"tag-psoe","25":"tag-santos-cerdan","26":"tag-spain","27":"tag-titulares","28":"tag-ultimas-noticias","29":"tag-ultimasnoticias","30":"tag-victor-de-aldama"},"share_on_mastodon":{"url":"https:\/\/pubeurope.com\/@es\/115647492069992266","error":""},"_links":{"self":[{"href":"https:\/\/www.europesays.com\/es\/wp-json\/wp\/v2\/posts\/266467","targetHints":{"allow":["GET"]}}],"collection":[{"href":"https:\/\/www.europesays.com\/es\/wp-json\/wp\/v2\/posts"}],"about":[{"href":"https:\/\/www.europesays.com\/es\/wp-json\/wp\/v2\/types\/post"}],"author":[{"embeddable":true,"href":"https:\/\/www.europesays.com\/es\/wp-json\/wp\/v2\/users\/2"}],"replies":[{"embeddable":true,"href":"https:\/\/www.europesays.com\/es\/wp-json\/wp\/v2\/comments?post=266467"}],"version-history":[{"count":0,"href":"https:\/\/www.europesays.com\/es\/wp-json\/wp\/v2\/posts\/266467\/revisions"}],"wp:featuredmedia":[{"embeddable":true,"href":"https:\/\/www.europesays.com\/es\/wp-json\/wp\/v2\/media\/266468"}],"wp:attachment":[{"href":"https:\/\/www.europesays.com\/es\/wp-json\/wp\/v2\/media?parent=266467"}],"wp:term":[{"taxonomy":"category","embeddable":true,"href":"https:\/\/www.europesays.com\/es\/wp-json\/wp\/v2\/categories?post=266467"},{"taxonomy":"post_tag","embeddable":true,"href":"https:\/\/www.europesays.com\/es\/wp-json\/wp\/v2\/tags?post=266467"}],"curies":[{"name":"wp","href":"https:\/\/api.w.org\/{rel}","templated":true}]}}