{"id":266469,"date":"2025-12-02T01:57:15","date_gmt":"2025-12-02T01:57:15","guid":{"rendered":"https:\/\/www.europesays.com\/es\/266469\/"},"modified":"2025-12-02T01:57:15","modified_gmt":"2025-12-02T01:57:15","slug":"presentados-los-actos-de-san-roque-ciudad-de-la-navidad","status":"publish","type":"post","link":"https:\/\/www.europesays.com\/es\/266469\/","title":{"rendered":"Presentados los actos de San Roque, Ciudad de la Navidad"},"content":{"rendered":"<p>Ruiz Boix estuvo acompa\u00f1ado del concejal de Fiestas, Abel Heredia, y otros ediles de la Corporaci\u00f3n, para participar en la presentaci\u00f3n de los actos que se van a llevar a cabo en todo el municipio hasta el 7 de enero con motivo de la Navidad.<\/p>\n<p>El alcalde ha destacado que para celebrar estas entra\u00f1ables fiestas, desde el Ayuntamiento se han organizado actos en todas las barriadas y para todas las edades, ni\u00f1os, j\u00f3venes, adultos, en una completa oferta para toda la familia, con ese ambiente tan especial de San Roque.<\/p>\n<p>En la presentaci\u00f3n, el alcalde se\u00f1al\u00f3 que \u201cestas \u00faltimas semanas, en nuestros paseos por las calles y plazas, hemos visto c\u00f3mo se iba engalanando San Roque y sus barriadas, se iban colgando las luces, los parques y jardines se llenaban de pascueros, o como en este Palacio de Gobernadores, con su \u00e1rbol y esta decoraci\u00f3n percibimos ya el ambiente navide\u00f1o\u201d.<\/p>\n<p>Agradeci\u00f3 el trabajo de todas las delegaciones municipales, en especial la de Fiestas, porque \u201cen definitiva -dijo-, es un tiempo para vivir la ciudad y las barriadas, participar en las zambombas, visitar los belenes vivientes, disfrutar del entorno, de ese maravilloso alumbrado navide\u00f1o, pasear por nuestras calles y sentir esa atm\u00f3sfera tan especial que tiene San Roque\u201d.<\/p>\n<p>\u201cPorque son unas fechas donde toda la ciudad se abre de par en par para demostrar nuestra hospitalidad y para compartir lo mejor que tenemos, nuestro arte y nuestra alegr\u00eda, y desde vuestro ayuntamiento haremos lo posible para que as\u00ed lo sea\u201d.<\/p>\n<p>Todas estas actividades, a juicio del alcalde, \u201cnos convierte en un destino ideal durante estas fechas, para que sigamos consolid\u00e1ndonos como lugar imprescindible del Campo de Gibraltar tambi\u00e9n en estas fechas, para seguir atrayendo a visitantes y animando as\u00ed a nuestro comercio, nuestra hosteler\u00eda, y al turismo en general. Ya lo dice nuestro lema: San Roque, Ciudad de la Navidad\u201d.<\/p>\n<p>El alcalde se\u00f1al\u00f3 que toda la programaci\u00f3n navide\u00f1a, que a continuaci\u00f3n detall\u00f3, pueden conocerla en la web <a href=\"https:\/\/sanroque.es\/navidad2025\" rel=\"nofollow noopener\" target=\"_blank\">https:\/\/sanroque.es\/navidad2025<\/a><\/p>\n<p>Los Belenes Vivientes se desarrollar\u00e1n, con la ayuda de las comisiones de fiestas de las barriadas y a las asociaciones colaboradoras, en Puente Mayorga y Taraguilla el 6 y 7 de diciembre; en Guadiaro y Estaci\u00f3n de San Roque el 21 y 22 de diciembre; y el Belen Viviente del Casco Hist\u00f3rico el 13 y 14 de diciembre, con la organizaci\u00f3n de la Hermandad del Roc\u00edo\u201d.<\/p>\n<p>Se han previsto numerosas Zambombas. As\u00ed, habr\u00e1 Zambombas en cada uno de los belenes vivientes los s\u00e1bados a las 20:30 horas con las actuaciones en Puente Mayorga y Estaci\u00f3n de San Roque de Roc\u00edo Alba y amigos \u201cTe canto mi Navidad\u201d; en Taraguilla: \u201cAl son de la Navidad\u201d<\/p>\n<p>Adem\u00e1s habr\u00e1 dos Zambombas Populares que cada a\u00f1o organiza la delegaci\u00f3n de Cultura, en Olivillos el 12 de diciembre a las 20:00 horas con la actuaci\u00f3n de \u201cMar\u00eda Rey y Berenjeno\u201d; y en la Plaza de la Iglesia el 19 de diciembre a las 19:30 horas, con la actuaci\u00f3n de \u201cToma casta\u00f1a\u201d, \u201cSe dan clases de zambomba\u201d y \u201cLas Rodes\u201d.<\/p>\n<p>Pero este a\u00f1o se suman dos m\u00e1s a la programaci\u00f3n, la que ya se ha celebrado en la Plaza Mayor de Pueblo Nuevo el 28 de noviembre, cuando actuaron \u201cRemedios Reyes, Alfonso Albadalejo Y DJ<\/p>\n<p>Andi Duo; y en La Rosaleda de Campamento, que tendr\u00e1 lugar el 5 de diciembre a las 19:30 horas, con la actuaci\u00f3n de \u201cZambomba Navide\u00f1a\u201d y \u201cNavidad Gitana\u201d.<\/p>\n<p>Adem\u00e1s, con la colaboraci\u00f3n de Participaci\u00f3n Ciudadana y Comercio y la Asociaci\u00f3n La Charca, en la \u201cPlaza Encarnaci\u00f3n S\u00e1nchez\u201d el 7 de diciembre, actuar\u00e1 a las 20:30 horas \u201cEl Sopa y familia\u201d.<\/p>\n<p>Pero tambi\u00e9n se han preparado actividades de Convivencia y Fiestas Navide\u00f1as, como la Presentaci\u00f3n de los Reyes Magos, Cartero Real y Estrella de la Navidad, el 16 de diciembre a las 19:00 horas en el Palacio de los Gobernadores; o la \u201cNavidad en el Mercado Diego Ponce\u201d, el 20 de diciembre, organizada por la delegaci\u00f3n de Mercado, con una Pesti\u00f1\u00e1, concurso gastron\u00f3mico, talleres, animaciones y actuaci\u00f3n musical de Vanesa Orranz y \u201cEnzambombaos\u201d, de Marcos Ledesma y Miriam Dom\u00ednguez.<\/p>\n<p>Por otro lado, la delegaciones de Participaci\u00f3n Ciudadana y Comercio organizan \u201c\u00a1Feliz Navidad, vecino!\u201d, el 6 de diciembre en San Enrique de Guadiaro, con la actuaci\u00f3n de la Zambomba gitana de Salom\u00e9 Pav\u00f3n.<\/p>\n<p>Habr\u00e1 actividades en Familia, como los Buzones Reales, del 15 al 19 de diciembre en todos los colegios de infantill y primaria del municipio, para que los ni\u00f1os depositen sus cartas. Pap\u00e1 Noel estar\u00e1 en la Alameda Alfonso XI los d\u00edas 22 y 23 de diciembre de 12 a 14 y de 17 a 21 horas, para que los ni\u00f1os puedan fotografiarse con el.<\/p>\n<p>En lo que se refiere a Fiestas infantiles y Cartero Real, organizadas por la Delegaci\u00f3n de Fiestas y Tradiciones, habr\u00e1 juegos, talleres, animaci\u00f3n, m\u00fasica y muchas sorpresas m\u00e1s, a partir de las 11 horas, el 22 de diciembre, en Campamento, Plaza Cuartel; San Enrique, Plaza de la Bomba; y Miraflores, junto AAVV Miraflores.<\/p>\n<p>El 23 de diciembre ser\u00e1 en Guadiaro, Recinto ferial; Guadarranque, Los Remos; y Estaci\u00f3n, Plaza San Bernardo. Y el 26 de diciembre en Torreguadiaro, Plaza Encarnaci\u00f3n S\u00e1nchez Navarro; Taraguilla, Plaza las Flores; y Puente Mayorga, Alameda San Pedro.<\/p>\n<p>El 3 de enero ser\u00e1 la Fiesta Infantil Dde Reyes en San Roque Ciudad desde las 12:00 horas; el 4 de enero la Recepci\u00f3n de RRMM en Guadarranque, a las 16 horas<\/p>\n<p>Se han previsto tambi\u00e9n Musicales en el Templete de la Alameda Alfonso XI, y durante ambos musicales estar\u00e1 presente el Cartero Real. Ser\u00e1 \u201cLa bailarina de la Navidad\u201d, el 23 de diciembre; y \u201cA trav\u00e9s de Pixar\u201d, el 26 de diciembre.<\/p>\n<p>El teatro Juan Luis Galiardo no cesa su actividad, con una programaci\u00f3n espec\u00edfica y propia de estos d\u00edas. El Bingo Loco por Navidad, una versi\u00f3n divertida de la \u201cLoter\u00eda de Navidad\u201d organizada por Participaci\u00f3n Ciudadana, ser\u00e1 el 5 de diciembre a las 19 horas.<\/p>\n<p>Cenicienta \u201cEl Musical ser\u00e1 el 13 diciembre a las 18 horas; la Gala Homenaje al Mayor, el 15 de diciembre a las 19:30 horas, en la que Radiol\u00e9 (Cadena Ser) y el Ayuntamiento ofrecen esta gala con las actuaciones de artistas del panorama nacional. Organiza la Delegaci\u00f3n de Pol\u00edticas Sociales<\/p>\n<p>El 14 de diciembre act\u00faa \u201cMiguel Poveda: El \u00e1rbol de la Navidad\u201d, que presenta su nuevo trabajo y gira navide\u00f1a. Un proyecto personal y autobiogr\u00e1fico que define como abrazo sonoro que explora sus recuerdos de infancia mezclando flamenco con estilos actuales. La obra aborda emociones como la alegr\u00eda, nostalgia y esperanza, yendo m\u00e1s all\u00e1 de los villancicos tradicionales.<\/p>\n<p>\u201cFarrucos y Fern\u00e1ndez. Navidad en familia\u201d act\u00faan el 21 de diciembre. Un espect\u00e1culo dirigido por el Farru en el que refleja el ambiente de su familia durante las fiestas navide\u00f1as.<\/p>\n<p>El tradicional Certamen de Villancicos Ciudad de San Roque, que organiza el CEIP Maestro Apolinar, ser\u00e1 el 16 de diciembre; y el Festival Navide\u00f1o del CEIP Gabriel Arenas, el 10 de diciembre<\/p>\n<p>Se han previsto actos de ocio y diversi\u00f3n, como la Fiesta Pre-uvas en Puente Mayorga el 27 de diciembre, desde las 13:00 horas en la Alameda San Pedro, con desgustaci\u00f3n de una \u201ctagarnin\u00e1\u201d y las actuaciones de \u201cEnzambombaos\u201d de Marcios Ledesma y Mirian Dominguez.<\/p>\n<p>La Fiesta Pre-uvas en la Plaza de Armas ser\u00e1 el 27 de diciembre desde las 16:00 horas, con las a actuaciones del Coro Rociero \u201cCiudad de San Roque\u201d, \u201cEl Callej\u00f3n\u201d, \u201cRumba Canalla\u201d, \u201cRadio Macand\u00e9\u201d y \u201cDJ Michael Thin\u201d. Habr\u00e1 una Pre-uvas infantiles, el 29 de diciembre, con la actuaci\u00f3n de Soul Fusi\u00f3n<\/p>\n<p>El alcalde anunci\u00f3 que se est\u00e1n preparando otras actividades que se ir\u00e1n anunciando y que se actualizar\u00e1 en la programaci\u00f3n<\/p>\n<p>El D\u00eda de Reyes Magos lo organiza la Delegaci\u00f3n de Fiestas, con recepci\u00f3n en las barriadas a lo largo del d\u00eda. En San Roque ciudad la recepci\u00f3n del alcalde a Sus Majestades y posterior arrastre de latas ser\u00e1 a las 11:00 horas, el inicio de la Cabalgata a las 17:30, y la recepci\u00f3n en la Alameda a las 19:00 horas.<\/p>\n<p>El acto se inici\u00f3 y finaliz\u00f3 con la actuaci\u00f3n de la sanroque\u00f1a Luna Garc\u00eda y su grupo, que ofreci\u00f3 varios villancicos, y al termino de la presentaci\u00f3n los asistentes pudieron degustar unos pesti\u00f1os junto a una copa de an\u00eds.<\/p>\n<p>\u00a0<\/p>\n<p>\u00a0<\/p>\n<p>\u00a0<\/p>\n","protected":false},"excerpt":{"rendered":"Ruiz Boix estuvo acompa\u00f1ado del concejal de Fiestas, Abel Heredia, y otros ediles de la Corporaci\u00f3n, para participar&hellip;\n","protected":false},"author":2,"featured_media":266470,"comment_status":"","ping_status":"","sticky":false,"template":"","format":"standard","meta":{"footnotes":""},"categories":[5],"tags":[1250,17,18,2193,2191,25,24,13,14,2190,11,19,20,9,10,15,16,2186,2189,2185,2187,23,2192,12,2188,21,22],"class_list":{"0":"post-266469","1":"post","2":"type-post","3":"status-publish","4":"format-standard","5":"has-post-thumbnail","7":"category-titulares","8":"tag-ayuntamiento","9":"tag-breaking-news","10":"tag-breakingnews","11":"tag-cadiz","12":"tag-campamento","13":"tag-es","14":"tag-espana","15":"tag-featured-news","16":"tag-featurednews","17":"tag-guadiaro","18":"tag-headlines","19":"tag-latest-news","20":"tag-latestnews","21":"tag-news","22":"tag-noticias","23":"tag-noticias-destacadas","24":"tag-noticiasdestacadas","25":"tag-roque","26":"tag-san-enrique","27":"tag-san-roque","28":"tag-soto-grande","29":"tag-spain","30":"tag-taraguilla","31":"tag-titulares","32":"tag-torreguadiaro","33":"tag-ultimas-noticias","34":"tag-ultimasnoticias"},"share_on_mastodon":{"url":"https:\/\/pubeurope.com\/@es\/115647495761278138","error":""},"_links":{"self":[{"href":"https:\/\/www.europesays.com\/es\/wp-json\/wp\/v2\/posts\/266469","targetHints":{"allow":["GET"]}}],"collection":[{"href":"https:\/\/www.europesays.com\/es\/wp-json\/wp\/v2\/posts"}],"about":[{"href":"https:\/\/www.europesays.com\/es\/wp-json\/wp\/v2\/types\/post"}],"author":[{"embeddable":true,"href":"https:\/\/www.europesays.com\/es\/wp-json\/wp\/v2\/users\/2"}],"replies":[{"embeddable":true,"href":"https:\/\/www.europesays.com\/es\/wp-json\/wp\/v2\/comments?post=266469"}],"version-history":[{"count":0,"href":"https:\/\/www.europesays.com\/es\/wp-json\/wp\/v2\/posts\/266469\/revisions"}],"wp:featuredmedia":[{"embeddable":true,"href":"https:\/\/www.europesays.com\/es\/wp-json\/wp\/v2\/media\/266470"}],"wp:attachment":[{"href":"https:\/\/www.europesays.com\/es\/wp-json\/wp\/v2\/media?parent=266469"}],"wp:term":[{"taxonomy":"category","embeddable":true,"href":"https:\/\/www.europesays.com\/es\/wp-json\/wp\/v2\/categories?post=266469"},{"taxonomy":"post_tag","embeddable":true,"href":"https:\/\/www.europesays.com\/es\/wp-json\/wp\/v2\/tags?post=266469"}],"curies":[{"name":"wp","href":"https:\/\/api.w.org\/{rel}","templated":true}]}}