{"id":266475,"date":"2025-12-02T02:06:09","date_gmt":"2025-12-02T02:06:09","guid":{"rendered":"https:\/\/www.europesays.com\/es\/266475\/"},"modified":"2025-12-02T02:06:09","modified_gmt":"2025-12-02T02:06:09","slug":"el-atletico-ya-sabe-cuando-estrenara-2026","status":"publish","type":"post","link":"https:\/\/www.europesays.com\/es\/266475\/","title":{"rendered":"El Atl\u00e9tico ya sabe cu\u00e1ndo estrenar\u00e1 2026"},"content":{"rendered":"<p data-gtm-element-container=\"modulo-texto-link\" class=\"paragraph\">LaLiga ha dado a conocer este lunes los horarios correspondientes a la jornada 18 del campeonato, en la que el<strong> Atl\u00e9tico de Madrid<\/strong> visitar\u00e1 a la <strong>Real Sociedad <\/strong>en Anoeta. Ser\u00e1 el primer partido del conjunto rojiblanco tras las vacaciones de Navidad, esto es, el primero de 2026.<\/p>\n<p data-gtm-element-container=\"modulo-texto-link\" class=\"paragraph\">Y los aficionados colchoneros tendr\u00e1n que esperar para ver en acci\u00f3n a los pupilos d<strong>e Diego Simeone,<\/strong> porque el duelo entre madrile\u00f1os y vascos ser\u00e1 el que cierre la jornada.<\/p>\n<p>    Lee tambi\u00e9n<\/p>\n<p data-gtm-element-container=\"modulo-texto-link\" class=\"paragraph\">El encuentro se disputar\u00e1 el domingo 4 de enero a las 21 horas de la noche, y ser\u00e1 el \u00faltimo de LaLiga que juegue antes de disputar la Supercopa de Espa\u00f1a, que volver\u00e1 a celebrarse en Arabia Saud\u00ed. En la semifinal, el <strong>Atl\u00e9tico <\/strong>se medir\u00e1 al<strong> Real Madrid<\/strong>.<\/p>\n<p data-gtm-element-container=\"modulo-texto-link\" class=\"paragraph\">La siguiente jornada, la 19, es la que disputar\u00e1 este martes frente al <strong>Barcelona <\/strong>en el Camp Nou. Un partido que inaugurar\u00e1 una exigente terna de compromisos para los rojiblancos, pues despu\u00e9s de visitar la Ciudad Condal, har\u00e1 lo propio con Bilbao (s\u00e1bado 6 de diciembre) y con Eindhoven (martes 9). Todas las citas dar\u00e1n comienzo a las nueve de la noche.<\/p>\n","protected":false},"excerpt":{"rendered":"LaLiga ha dado a conocer este lunes los horarios correspondientes a la jornada 18 del campeonato, en la&hellip;\n","protected":false},"author":2,"featured_media":266476,"comment_status":"","ping_status":"","sticky":false,"template":"","format":"standard","meta":{"footnotes":""},"categories":[268],"tags":[168,25,24,280,282,281,23,167],"class_list":{"0":"post-266475","1":"post","2":"type-post","3":"status-publish","4":"format-standard","5":"has-post-thumbnail","7":"category-futbol","8":"tag-deportes","9":"tag-es","10":"tag-espana","11":"tag-football","12":"tag-futbol","13":"tag-soccer","14":"tag-spain","15":"tag-sports"},"share_on_mastodon":{"url":"https:\/\/pubeurope.com\/@es\/115647531180136615","error":""},"_links":{"self":[{"href":"https:\/\/www.europesays.com\/es\/wp-json\/wp\/v2\/posts\/266475","targetHints":{"allow":["GET"]}}],"collection":[{"href":"https:\/\/www.europesays.com\/es\/wp-json\/wp\/v2\/posts"}],"about":[{"href":"https:\/\/www.europesays.com\/es\/wp-json\/wp\/v2\/types\/post"}],"author":[{"embeddable":true,"href":"https:\/\/www.europesays.com\/es\/wp-json\/wp\/v2\/users\/2"}],"replies":[{"embeddable":true,"href":"https:\/\/www.europesays.com\/es\/wp-json\/wp\/v2\/comments?post=266475"}],"version-history":[{"count":0,"href":"https:\/\/www.europesays.com\/es\/wp-json\/wp\/v2\/posts\/266475\/revisions"}],"wp:featuredmedia":[{"embeddable":true,"href":"https:\/\/www.europesays.com\/es\/wp-json\/wp\/v2\/media\/266476"}],"wp:attachment":[{"href":"https:\/\/www.europesays.com\/es\/wp-json\/wp\/v2\/media?parent=266475"}],"wp:term":[{"taxonomy":"category","embeddable":true,"href":"https:\/\/www.europesays.com\/es\/wp-json\/wp\/v2\/categories?post=266475"},{"taxonomy":"post_tag","embeddable":true,"href":"https:\/\/www.europesays.com\/es\/wp-json\/wp\/v2\/tags?post=266475"}],"curies":[{"name":"wp","href":"https:\/\/api.w.org\/{rel}","templated":true}]}}