{"id":266477,"date":"2025-12-02T02:07:10","date_gmt":"2025-12-02T02:07:10","guid":{"rendered":"https:\/\/www.europesays.com\/es\/266477\/"},"modified":"2025-12-02T02:07:10","modified_gmt":"2025-12-02T02:07:10","slug":"es-un-seductor-en-todos-los-sentidos","status":"publish","type":"post","link":"https:\/\/www.europesays.com\/es\/266477\/","title":{"rendered":"Es un seductor en todos los sentidos"},"content":{"rendered":"<p><b>Guillermo Francella <\/b>y <b>Javier Veiga <\/b>han acudido a El Hormiguero para compartir su complicidad, su sentido del humor y las an\u00e9cdotas de su nuevo proyecto.<\/p>\n<p>En este momento, Pablo Motos le ha preguntado a Javier por el lado cautivador de Guillermo que conoci\u00f3 durante el rodaje de la \u00faltima pel\u00edcula en la que han trabajado ambos. \u00abEs un seductor en todos los sentidos\u00bb, ha comenzado diciendo \u00e9l.<\/p>\n<p>Seg\u00fan ha relatado el propio director, su compa\u00f1ero le estaba contando c\u00f3mo dej\u00f3 de fumar y, en cuesti\u00f3n de un segundo, una chica se acerc\u00f3 para hablar con \u00e9l y, cuando le ofreci\u00f3 un cigarrillo, Guillermo no lo dud\u00f3 y se lo encendi\u00f3. \u00a1Desternillante!<\/p>\n","protected":false},"excerpt":{"rendered":"Guillermo Francella y Javier Veiga han acudido a El Hormiguero para compartir su complicidad, su sentido del humor&hellip;\n","protected":false},"author":2,"featured_media":266478,"comment_status":"","ping_status":"","sticky":false,"template":"","format":"standard","meta":{"footnotes":""},"categories":[174],"tags":[255,146,147,25,24,256,23],"class_list":{"0":"post-266477","1":"post","2":"type-post","3":"status-publish","4":"format-standard","5":"has-post-thumbnail","7":"category-famosos","8":"tag-celebrities","9":"tag-entertainment","10":"tag-entretenimiento","11":"tag-es","12":"tag-espana","13":"tag-famosos","14":"tag-spain"},"share_on_mastodon":{"url":"https:\/\/pubeurope.com\/@es\/115647535091831214","error":""},"_links":{"self":[{"href":"https:\/\/www.europesays.com\/es\/wp-json\/wp\/v2\/posts\/266477","targetHints":{"allow":["GET"]}}],"collection":[{"href":"https:\/\/www.europesays.com\/es\/wp-json\/wp\/v2\/posts"}],"about":[{"href":"https:\/\/www.europesays.com\/es\/wp-json\/wp\/v2\/types\/post"}],"author":[{"embeddable":true,"href":"https:\/\/www.europesays.com\/es\/wp-json\/wp\/v2\/users\/2"}],"replies":[{"embeddable":true,"href":"https:\/\/www.europesays.com\/es\/wp-json\/wp\/v2\/comments?post=266477"}],"version-history":[{"count":0,"href":"https:\/\/www.europesays.com\/es\/wp-json\/wp\/v2\/posts\/266477\/revisions"}],"wp:featuredmedia":[{"embeddable":true,"href":"https:\/\/www.europesays.com\/es\/wp-json\/wp\/v2\/media\/266478"}],"wp:attachment":[{"href":"https:\/\/www.europesays.com\/es\/wp-json\/wp\/v2\/media?parent=266477"}],"wp:term":[{"taxonomy":"category","embeddable":true,"href":"https:\/\/www.europesays.com\/es\/wp-json\/wp\/v2\/categories?post=266477"},{"taxonomy":"post_tag","embeddable":true,"href":"https:\/\/www.europesays.com\/es\/wp-json\/wp\/v2\/tags?post=266477"}],"curies":[{"name":"wp","href":"https:\/\/api.w.org\/{rel}","templated":true}]}}