{"id":266479,"date":"2025-12-02T02:10:16","date_gmt":"2025-12-02T02:10:16","guid":{"rendered":"https:\/\/www.europesays.com\/es\/266479\/"},"modified":"2025-12-02T02:10:16","modified_gmt":"2025-12-02T02:10:16","slug":"ot-2025-culmino-la-expulsion-entre-los-dos-amigos-y-escogio-a-sus-cuatro-primeros-finalistas","status":"publish","type":"post","link":"https:\/\/www.europesays.com\/es\/266479\/","title":{"rendered":"&#8216;OT 2025&#8217; culmin\u00f3 la expulsi\u00f3n entre los dos amigos y escogi\u00f3 a sus cuatro primeros finalistas"},"content":{"rendered":"<p class=\"article-text\">\n        A dos semanas de la gran final, <strong>OT 2025<\/strong> ya tiene a sus primeros finalistas en <strong>Amazon Prime Video<\/strong>. El talent musical los escogi\u00f3 en su <strong>gala 11<\/strong>, que vivi\u00f3 momentos a flor de piel.\n    <\/p>\n<p>    <a href=\"https:\/\/www.eldiario.es\/vertele\/noticias\/rocio-carrasco-ot-2025-video-mensaje-cristina-elogio-rocio-jurado-cosas-revolucionarias-punto-de-partida_1_12811385.html\" data-mrf-recirculation=\"saber-mas\" data-dl-event=\"saber-mas\" rel=\"nofollow noopener\" target=\"_blank\"><\/p>\n<p class=\"know-more__title\">Roc\u00edo Carrasco se col\u00f3 en &#8216;OT 2025&#8217; con mensaje a Cristina, que elogi\u00f3 a Roc\u00edo Jurado: \u00abHac\u00eda cosas revolucionarias\u00bb<\/p>\n<p>            <img decoding=\"async\" class=\"lazy\" loading=\"lazy\" data-src=\"https:\/\/static.eldiario.es\/clip\/b76c0201-8028-41b3-bc76-3cc023c64212_16-9-aspect-ratio_default_0.jpg\" src=\"data:image\/svg+xml,%3Csvg xmlns=\" http:=\"\" viewbox=\"0 0 880 495\" alt=\"Roc\u00edo Carrasco se col\u00f3 en 'OT 2025' con mensaje a Cristina, que elogi\u00f3 a Roc\u00edo Jurado: &quot;Hac\u00eda cosas revolucionarias&quot;\"\/><\/p>\n<p>                        <\/a><\/p>\n<p class=\"article-text\">\n        El primero de ellos fue la<strong> expulsi\u00f3n de Crespo<\/strong>, ante su amigo <strong>Guillo Rist<\/strong> al que la audiencia apoy\u00f3 en mayor\u00eda para que continuara en la Academia.\n    <\/p>\n<p class=\"article-text\">\n        Otro de los momentos emotivos de la entrega fue la actuaci\u00f3n de <strong>M\u00edriam Rodr\u00edguez<\/strong>: \u201cHac\u00eda muchos a\u00f1os que no estaba en este escenario y cantar en una gala 11 que fue mi c\u00edrculo ha sido muy especial. Gracias por darme la oportunidad\u201d, dec\u00eda con l\u00e1grimas en los ojos.\n    <\/p>\n<p class=\"article-text\">\n        Todo ello en una noche que arranc\u00f3 al ritmo del &#8216;Voy a pas\u00e1rmelo bien&#8217;\u00a0de Hombres G interpretada por\u00a0<strong>Claudia Arenas, Cristina, Guillo Rist, Crespo, Olivia, Guille Toledano y Tinho.<\/strong>\n    <\/p>\n<p>    <strong>El d\u00e9cimo expulsado, la favorita (sin inmunidad) y los 4 primeros finalistas<\/strong><\/p>\n<p class=\"article-text\">\n        Tras las actuaciones de los siete concursantes, lleg\u00f3 el turno de anunciar al d\u00e9cimo eliminado de la edici\u00f3n. Chenoa desvel\u00f3 los ajustados porcentajes de los dos: un 55% contra un 45%. Seguidamente, la presentadora sentenci\u00f3:\u00a0\u201c<strong>Los espectadores de Operaci\u00f3n Triunfo han decidido con el 55% de los votos que el concursante que debe seguir en la Academia sea Guillo Rist\u201d<\/strong>.\n    <\/p>\n<p class=\"article-text\">\n        <strong>Crespo se convirti\u00f3 en el d\u00e9cimo expulsado de\u00a0<\/strong><strong>OT 2025<\/strong>, y se march\u00f3 con los elogios de la presentadora: \u201cLo vas a petar fuera, sobre todo por tu actitud, pocos como t\u00fa y con voces como la tuya, da gusto, eres un t\u00edo estupendo. Por narices te va a ir bien\u201d, subray\u00f3.\n    <\/p>\n<blockquote class=\"twitter-tweet\" data-lang=\"es\"><p><a href=\"https:\/\/twitter.com\/X\/status\/1995618967982129325?ref_src=twsrc%5Etfw\" rel=\"nofollow noopener\" target=\"_blank\"><\/p><\/blockquote>\n<p class=\"article-text\">\n        Como explic\u00e1bamos al inicio del art\u00edculo, <strong>M\u00edriam Rodr\u00edguez<\/strong> regres\u00f3 al escenario del talent y tras su actuaci\u00f3n, desvel\u00f3 a los tres concursantes m\u00e1s votados para ser favoritos: Guille Toledano, Claudia y Olivia. Y del tr\u00edo, la que<strong> m\u00e1s apoyo obtuvo fue Olivia. <\/strong>\n    <\/p>\n<p class=\"article-text\">\n        Tras ello, el jurado puntu\u00f3 a todos los concursantes. A continuaci\u00f3n dejamos las notas que obtuvieron en orden de los jueces que se las dieron, primero Leire Mart\u00ednez, segundo Guille Milkyway, tercera Cristina Regatero y cuarto Abraham Mateo:\n    <\/p>\n<ul>\n<li><strong>Claudia Arenas<\/strong> obtuvo un 8 + 9 + 8,5 + 8&#8217;5 = 34<\/li>\n<li><strong>Cristina tuvo<\/strong> como nota un 8&#8217;5 + 8&#8217;5 + 9 + 9 = 35<\/li>\n<li><strong>Guille Toledano<\/strong> sum\u00f3 un 8 + 7&#8217;5 + 7&#8217;5 + 7&#8217;5 = 30,5<\/li>\n<li><strong>Guillo Risto<\/strong> obtuvo de nota un 8&#8217;5 + 8&#8217;5 + 8&#8217;5 + 8 = 33&#8217;5<\/li>\n<li><strong>Olivia<\/strong> marc\u00f3 un 9 + 9&#8217;5 + 9&#8217;5 + 9 = 37<\/li>\n<li><strong>Tinho<\/strong> tuvo de nota un 7&#8217;5 + 7&#8217;5 + 8 + 8 = 31<\/li>\n<\/ul>\n<p class=\"article-text\">\n        Con tales notas finales, las tres concursantes con mayor puntuaci\u00f3n, y que se convert\u00edan en las primeras finalistas, fueron<strong> Olivia, Cristina y Claudia Arenas<\/strong>. Los profesores sumaron a <strong>Guille Toledano<\/strong> a la lista.\n    <\/p>\n<p class=\"article-text\">\n        De forma que<strong> Tinho y Guillo Rist<\/strong> se quedaban en manos de la audiencia para ocupar la lista de finalistas o despedirse del talent.\n    <\/p>\n<p>    <strong>As\u00ed fueron las actuaciones de la gala 11 de &#8216;OT 2025&#8217;<\/strong><\/p>\n<p class=\"article-text\">\n        <strong>Guillo Rist<\/strong>: Shawn Mendes &#8211;\u00a0Wonder\u00a0(2020)\n    <\/p>\n<p class=\"article-text\">\n        <strong>Crespo<\/strong>: Quevedo &#8211;\u00a0Columbia\u00a0(2023)\n    <\/p>\n<p class=\"article-text\">\n        <strong>Cristina<\/strong>: Juan Pardo interpretado por Roc\u00edo Jurado &#8211;\u00a0En el Punto de partida\u00a0(1989)\n    <\/p>\n<p class=\"article-text\">\n        <strong>Tinho<\/strong>: Anastasia\u00a0&#8211;\u00a0I&#8217;m outta love versi\u00f3n banda\u00a0(2000)\n    <\/p>\n<p class=\"article-text\">\n        <strong>Olivia<\/strong>: Raye &#8211;\u00a0Where is my housband\u00a0(2025)\n    <\/p>\n<p class=\"article-text\">\n        <strong>Claudia Arenas<\/strong>:\u00a0Stevie Wonder &#8211;\u00a0Overjoyed\u00a0(1985)\n    <\/p>\n<p>    <a href=\"https:\/\/www.eldiario.es\/vertele\/series\/mejores-series-diciembre-2025-ciudad-de-sombras-fallout-emily-in-paris-42-estrenos-netflix-amazon-prime-video-movistar-plus-disney_1_12795266.html\" data-mrf-recirculation=\"saber-mas-abajo\" data-dl-event=\"saber-mas-abajo\" rel=\"nofollow noopener\" target=\"_blank\"><\/p>\n<p class=\"know-more__title\">Las mejores 9 series de diciembre, con &#8216;Ciudad de sombras&#8217;, &#8216;Fallout&#8217; y &#8216;Emily in Paris&#8217; al frente de los 42 estrenos<\/p>\n<p>            <img decoding=\"async\" class=\"lazy\" loading=\"lazy\" data-src=\"https:\/\/static.eldiario.es\/clip\/8a076289-c267-4e76-b24f-7824282cfca7_16-9-aspect-ratio_default_0.jpg\" src=\"data:image\/svg+xml,%3Csvg xmlns=\" http:=\"\" viewbox=\"0 0 880 495\" alt=\"Las mejores 9 series de diciembre, con 'Ciudad de sombras', 'Fallout' y 'Emily in Paris' al frente de los 42 estrenos\"\/><\/p>\n<p>                        <\/a><\/p>\n<p class=\"article-text\">\n        <strong>Guille Toledano<\/strong>: Rev\u00f3lver &#8211;\u00a0El roce de tu piel\u00a0(1993)\n    <\/p>\n<p>                                    <script async src=\"https:\/\/platform.twitter.com\/widgets.js\" charset=\"utf-8\"><\/script><\/p>\n","protected":false},"excerpt":{"rendered":"A dos semanas de la gran final, OT 2025 ya tiene a sus primeros finalistas en Amazon Prime&hellip;\n","protected":false},"author":2,"featured_media":266480,"comment_status":"","ping_status":"","sticky":false,"template":"","format":"standard","meta":{"footnotes":""},"categories":[171],"tags":[45,19156,954,65913,146,147,25,42500,24,3193,2880,221,566,23,214],"class_list":{"0":"post-266479","1":"post","2":"type-post","3":"status-publish","4":"format-standard","5":"has-post-thumbnail","7":"category-tv","8":"tag-45","9":"tag-amigos","10":"tag-cuatro","11":"tag-culmino","12":"tag-entertainment","13":"tag-entretenimiento","14":"tag-es","15":"tag-escogio","16":"tag-espana","17":"tag-expulsion","18":"tag-finalistas","19":"tag-ot","20":"tag-primeros","21":"tag-spain","22":"tag-tv"},"share_on_mastodon":{"url":"https:\/\/pubeurope.com\/@es\/115647546846754299","error":""},"_links":{"self":[{"href":"https:\/\/www.europesays.com\/es\/wp-json\/wp\/v2\/posts\/266479","targetHints":{"allow":["GET"]}}],"collection":[{"href":"https:\/\/www.europesays.com\/es\/wp-json\/wp\/v2\/posts"}],"about":[{"href":"https:\/\/www.europesays.com\/es\/wp-json\/wp\/v2\/types\/post"}],"author":[{"embeddable":true,"href":"https:\/\/www.europesays.com\/es\/wp-json\/wp\/v2\/users\/2"}],"replies":[{"embeddable":true,"href":"https:\/\/www.europesays.com\/es\/wp-json\/wp\/v2\/comments?post=266479"}],"version-history":[{"count":0,"href":"https:\/\/www.europesays.com\/es\/wp-json\/wp\/v2\/posts\/266479\/revisions"}],"wp:featuredmedia":[{"embeddable":true,"href":"https:\/\/www.europesays.com\/es\/wp-json\/wp\/v2\/media\/266480"}],"wp:attachment":[{"href":"https:\/\/www.europesays.com\/es\/wp-json\/wp\/v2\/media?parent=266479"}],"wp:term":[{"taxonomy":"category","embeddable":true,"href":"https:\/\/www.europesays.com\/es\/wp-json\/wp\/v2\/categories?post=266479"},{"taxonomy":"post_tag","embeddable":true,"href":"https:\/\/www.europesays.com\/es\/wp-json\/wp\/v2\/tags?post=266479"}],"curies":[{"name":"wp","href":"https:\/\/api.w.org\/{rel}","templated":true}]}}