{"id":266485,"date":"2025-12-02T02:15:17","date_gmt":"2025-12-02T02:15:17","guid":{"rendered":"https:\/\/www.europesays.com\/es\/266485\/"},"modified":"2025-12-02T02:15:17","modified_gmt":"2025-12-02T02:15:17","slug":"preocupacion-en-la-familia-campos-por-el-estado-de-salud-de-jose-maria-almoguera-su-marcapasos-esta-fallando","status":"publish","type":"post","link":"https:\/\/www.europesays.com\/es\/266485\/","title":{"rendered":"Preocupaci\u00f3n en la familia Campos por el estado de salud de Jos\u00e9 Mar\u00eda Almoguera: \u00abSu marcapasos est\u00e1 fallando\u00bb"},"content":{"rendered":"<p class=\"c-paragraph\">El tiempo justo ha asegurado que en la familia Campos existe una \u00abpreocupaci\u00f3n m\u00e1xima\u00bb por <b>el estado de salud de <a href=\"https:\/\/www.20minutos.es\/tags\/temas\/jose-maria-almoguera.html\" title=\"Jos\u00e9 Mar\u00eda Almoguera\" rel=\"nofollow noopener\" target=\"_blank\">Jos\u00e9 Mar\u00eda Almoguera<\/a><\/b>, hijo de <a href=\"https:\/\/www.20minutos.es\/tags\/personas\/carmen-borrego.html\" title=\"Carmen Borrego\" rel=\"nofollow noopener\" target=\"_blank\">Carmen Borrego<\/a>. \u00abSu marcapasos est\u00e1 fallando\u00bb, ha informado Leticia Requejo en el programa conducido por <a href=\"https:\/\/www.20minutos.es\/tags\/personas\/joaquin-prat.html\" title=\"Joaqu\u00edn Prat\" rel=\"nofollow noopener\" target=\"_blank\">Joaqu\u00edn Prat<\/a>.<\/p>\n<p class=\"c-paragraph\"><b>Almoguera padece s\u00edndrome de Brugada<\/b>, una patolog\u00eda caracterizada por una acentuada predisposici\u00f3n a arritmias potencialmente letales y episodios de muerte s\u00fabita.\u00a0<\/p>\n<p class=\"c-paragraph\">Esta condici\u00f3n obliga a <b>extremar la vigilancia ante cualquier irregularidad<\/b> fisiol\u00f3gica, dado que incluso alteraciones menores pueden desembocar en complicaciones severas.<\/p>\n<p class=\"c-paragraph\">Para completar estos datos, Requejo ha a\u00f1adido que \u00abfue la semana pasada cuando recibi\u00f3 la llamada de la Fundaci\u00f3n Jim\u00e9nez D\u00edaz, hospital que controla su enfermedad, para decirle que hab\u00eda que cambiar de forma urgente este marcapasos y <b>que hab\u00eda que intervenirle a la m\u00e1xima velocidad<\/b>\u00ab.<\/p>\n<p class=\"c-paragraph\">Seg\u00fan la tertuliana, en estos momentos el afectado permanece pendiente de que <b>los equipos m\u00e9dicos determinen la fecha definitiva<\/b> de la operaci\u00f3n.<\/p>\n","protected":false},"excerpt":{"rendered":"El tiempo justo ha asegurado que en la familia Campos existe una \u00abpreocupaci\u00f3n m\u00e1xima\u00bb por el estado de&hellip;\n","protected":false},"author":2,"featured_media":266486,"comment_status":"","ping_status":"","sticky":false,"template":"","format":"standard","meta":{"footnotes":""},"categories":[91],"tags":[5615,146,147,25,24,693,367,5043,864,23],"class_list":{"0":"post-266485","1":"post","2":"type-post","3":"status-publish","4":"format-standard","5":"has-post-thumbnail","7":"category-entretenimiento","8":"tag-campos","9":"tag-entertainment","10":"tag-entretenimiento","11":"tag-es","12":"tag-espana","13":"tag-estado","14":"tag-familia","15":"tag-por","16":"tag-preocupacion","17":"tag-spain"},"share_on_mastodon":{"url":"https:\/\/pubeurope.com\/@es\/115647566779540434","error":""},"_links":{"self":[{"href":"https:\/\/www.europesays.com\/es\/wp-json\/wp\/v2\/posts\/266485","targetHints":{"allow":["GET"]}}],"collection":[{"href":"https:\/\/www.europesays.com\/es\/wp-json\/wp\/v2\/posts"}],"about":[{"href":"https:\/\/www.europesays.com\/es\/wp-json\/wp\/v2\/types\/post"}],"author":[{"embeddable":true,"href":"https:\/\/www.europesays.com\/es\/wp-json\/wp\/v2\/users\/2"}],"replies":[{"embeddable":true,"href":"https:\/\/www.europesays.com\/es\/wp-json\/wp\/v2\/comments?post=266485"}],"version-history":[{"count":0,"href":"https:\/\/www.europesays.com\/es\/wp-json\/wp\/v2\/posts\/266485\/revisions"}],"wp:featuredmedia":[{"embeddable":true,"href":"https:\/\/www.europesays.com\/es\/wp-json\/wp\/v2\/media\/266486"}],"wp:attachment":[{"href":"https:\/\/www.europesays.com\/es\/wp-json\/wp\/v2\/media?parent=266485"}],"wp:term":[{"taxonomy":"category","embeddable":true,"href":"https:\/\/www.europesays.com\/es\/wp-json\/wp\/v2\/categories?post=266485"},{"taxonomy":"post_tag","embeddable":true,"href":"https:\/\/www.europesays.com\/es\/wp-json\/wp\/v2\/tags?post=266485"}],"curies":[{"name":"wp","href":"https:\/\/api.w.org\/{rel}","templated":true}]}}