{"id":26649,"date":"2025-08-05T06:48:04","date_gmt":"2025-08-05T06:48:04","guid":{"rendered":"https:\/\/www.europesays.com\/es\/26649\/"},"modified":"2025-08-05T06:48:04","modified_gmt":"2025-08-05T06:48:04","slug":"joc-de-cartes-estiu-joc-de-cartes-estiu-emprende-nuevas-rutas-gastronomicas-por-catalunya","status":"publish","type":"post","link":"https:\/\/www.europesays.com\/es\/26649\/","title":{"rendered":"JOC DE CARTES ESTIU | &#8216;Joc de cartes estiu&#8217; emprende nuevas rutas gastron\u00f3micas por Catalunya"},"content":{"rendered":"<p class=\"ft-text ft-helper-closenews\"><a href=\"https:\/\/www.elperiodico.com\/es\/gastronomia\/restaurantes\/20230923\/entrevista-marc-ribas-restaurante-el-ciri-terrassa-por-pau-arenos-92247948\" class=\"ft-link ft-link--decoration\" rel=\"nofollow noopener\" target=\"_blank\">El chef <\/a><a href=\"https:\/\/www.elperiodico.com\/es\/gastronomia\/restaurantes\/20230923\/entrevista-marc-ribas-restaurante-el-ciri-terrassa-por-pau-arenos-92247948\" class=\"ft-link ft-link--decoration\" rel=\"nofollow noopener\" target=\"_blank\"><strong>Marc Ribas<\/strong><\/a> pasa otro verano en la carretera degustando la gastronom\u00eda catalana con el estreno, este mi\u00e9rcoles 6 de agosto, de la <strong>novena temporada de &#8216;Joc de cartes estiu&#8217; <\/strong>(<strong>TV3 y 3Cat<\/strong>, 22.05 horas). El <strong>concurso <\/strong>culinario se ha convertido en uno de los referentes de la cadena catalana, despu\u00e9s de haber visitado m\u00e1s de <strong>500 restaurantes<\/strong>, de haber sumado 4.000 horas de grabaci\u00f3n y de haber recorrido <strong>25.000 kil\u00f3metros<\/strong>, una distancia superior a la que existe entre Barcelona y Nueva Zelanda.<\/p>\n<p class=\"ft-text\">Esta nueva temporada de la versi\u00f3n veraniega de la <strong>competici\u00f3n culinaria,<\/strong> que ha tenido incluso<a href=\"https:\/\/www.elperiodico.com\/es\/tele\/20240131\/sexta-batalla-restaurantes-chicote-joc-de-cartes-espana-96764405\" class=\"ft-link ft-link--decoration\" rel=\"nofollow noopener\" target=\"_blank\"> su versi\u00f3n espa\u00f1ola con Alberto Chicote al frente<\/a>, consta de<strong> cinco cap\u00edtulos tem\u00e1ticos<\/strong> y, como suele ser habitual, un especial como cierre, con los momentos m\u00e1s destacados.<\/p>\n<p class=\"ft-text\">En cada uno de los episodios, que propone un recorrido veraniego por diversos rincones de Catalunya con estilos y <strong>propuestas gastron\u00f3micas muy diversas<\/strong>, <strong>tres parejas de restauradores compiten<\/strong> por demostrar que su restaurante est\u00e1 por encima de sus rivales y llevarse as\u00ed los <strong>3.000 euros del premio. <\/strong><\/p>\n<p>De Barcelona a Platja d&#8217;Aro <\/p>\n<p class=\"ft-text\">Ribas comienza la novena temporada de &#8216;Joc de cartes estiu&#8217; buscando <strong>el restaurante m\u00e1s rom\u00e1ntico de Barcelona<\/strong>. Para ello, visita locales \u00edntimos con m\u00fasica en vivo, clubs secretos y espacios con encanto que invitan a una cita inolvidable: Cuadro Barcelona, en Sant Mart\u00ed; Club61, en el Eixample, cerca del Arc de Triomf, y el Gran Tonino, en Sarri\u00e0-Sant Gervasi.<\/p>\n<p class=\"ft-text\">En el segundo episodio se desplaza hasta la uno de los rincones m\u00e1s concurridos de la Costa Brava, <strong>Platja d&#8217;Aro<\/strong>, donde tres establecimientos luchar\u00e1n por demostrar que saben cautivar con su cocina y unas vistas espectaculares: Pura Brasa, La Tasketa del Mar y L\u2019italianini.<\/p>\n<p>El Vall\u00e8s y el Maresme<\/p>\n<p class=\"ft-text\">Los arroces, uno de los platos estrella del verano, ser\u00e1n protagonistas del cap\u00edtulo titulado <strong>&#8216;El millor arr\u00f2s del Barcelon\u00e8s&#8217;.<\/strong> En el siguiente, restaurantes con propuestas caseras, cocina de mercado y platos innovadores se disputar\u00e1n el t\u00edtulo al <strong>mejor local de tapas del Vall\u00e8s.<\/strong><\/p>\n<p class=\"ft-text\">La \u00faltima competici\u00f3n de esta nueva etapa estival de &#8216;Joc de cartes&#8217; se desarrollar\u00e1 en el <strong>Maresme<\/strong>, con una ruta gastron\u00f3mica con <strong>tres terrazas<\/strong> que combinan sabrosa comida, buen ambiente y vistas de postal. La temporada se cierra con el cap\u00edtulo &#8216;Navegant pels millors moments&#8217;.<\/p>\n<p>Especial con 15.000 euros en juego<\/p>\n<p class=\"ft-text\">El verano pasado, el concurso anot\u00f3 una espectacular media del <strong>22,3% de cuota de pantalla, <\/strong>convirti\u00e9ndose en uno de los grandes \u00e9xitos de TV3. Y, con el inicio de la grabaci\u00f3n de esta nueva temporada, inaugur\u00f3 la campa\u00f1a #SomJocDeCartes, una nueva iniciativa que pretende recordar sus momentos m\u00e1s emotivos y seguir descubriendo nuevos talentos culinarios, pr\u00f3ximos protagonistas de un programa especial que ofrecer\u00e1 un premio de <strong>15.000 euros, el m\u00e1s alto de la historia del concurso. <\/strong><\/p>\n<p data-close=\"closedContent\" class=\"subscribeHideForDisplay\">Suscr\u00edbete para seguir leyendo<\/p>\n","protected":false},"excerpt":{"rendered":"El chef Marc Ribas pasa otro verano en la carretera degustando la gastronom\u00eda catalana con el estreno, este&hellip;\n","protected":false},"author":2,"featured_media":26650,"comment_status":"","ping_status":"","sticky":false,"template":"","format":"standard","meta":{"footnotes":""},"categories":[171],"tags":[14719,14717,14721,146,147,25,24,14718,4475,14716,23,214,7151,14720],"class_list":{"0":"post-26649","1":"post","2":"type-post","3":"status-publish","4":"format-standard","5":"has-post-thumbnail","7":"category-tv","8":"tag-3cat","9":"tag-cartes","10":"tag-cocineros","11":"tag-entertainment","12":"tag-entretenimiento","13":"tag-es","14":"tag-espana","15":"tag-estiu","16":"tag-gastronomia","17":"tag-joc","18":"tag-spain","19":"tag-tv","20":"tag-tv3","21":"tag-tv3-television-de-catalunya"},"share_on_mastodon":{"url":"","error":""},"_links":{"self":[{"href":"https:\/\/www.europesays.com\/es\/wp-json\/wp\/v2\/posts\/26649","targetHints":{"allow":["GET"]}}],"collection":[{"href":"https:\/\/www.europesays.com\/es\/wp-json\/wp\/v2\/posts"}],"about":[{"href":"https:\/\/www.europesays.com\/es\/wp-json\/wp\/v2\/types\/post"}],"author":[{"embeddable":true,"href":"https:\/\/www.europesays.com\/es\/wp-json\/wp\/v2\/users\/2"}],"replies":[{"embeddable":true,"href":"https:\/\/www.europesays.com\/es\/wp-json\/wp\/v2\/comments?post=26649"}],"version-history":[{"count":0,"href":"https:\/\/www.europesays.com\/es\/wp-json\/wp\/v2\/posts\/26649\/revisions"}],"wp:featuredmedia":[{"embeddable":true,"href":"https:\/\/www.europesays.com\/es\/wp-json\/wp\/v2\/media\/26650"}],"wp:attachment":[{"href":"https:\/\/www.europesays.com\/es\/wp-json\/wp\/v2\/media?parent=26649"}],"wp:term":[{"taxonomy":"category","embeddable":true,"href":"https:\/\/www.europesays.com\/es\/wp-json\/wp\/v2\/categories?post=26649"},{"taxonomy":"post_tag","embeddable":true,"href":"https:\/\/www.europesays.com\/es\/wp-json\/wp\/v2\/tags?post=26649"}],"curies":[{"name":"wp","href":"https:\/\/api.w.org\/{rel}","templated":true}]}}