{"id":266493,"date":"2025-12-02T02:19:31","date_gmt":"2025-12-02T02:19:31","guid":{"rendered":"https:\/\/www.europesays.com\/es\/266493\/"},"modified":"2025-12-02T02:19:31","modified_gmt":"2025-12-02T02:19:31","slug":"un-tren-especial-traera-lo-mejor-de-la-navidad","status":"publish","type":"post","link":"https:\/\/www.europesays.com\/es\/266493\/","title":{"rendered":"Un tren especial traer\u00e1 lo mejor de la Navidad"},"content":{"rendered":"<p class=\"description\"><b>La mejor oferta 24h m\u00e1s<\/b>: Suscr\u00edbete hoy a Viajes National Geographic por <b>0,75\u20ac al mes<\/b>. \u00a1-82% dto. por Cyber Monday!<\/p>\n<p><a href=\"https:\/\/tienda.rba.es\/revistas\/landing-suscripcion-viajes-national-geographic-black-friday-075?ORIGIN=REF&amp;rba_click=RBA_rev_ngmv_es_web_conv_pur_pro_noa_black-friday-2025_sus-dig_precio_fns&amp;rba_bh=ngmv\" class=\"more-link\" data-ga4_event=\"custom_event\" data-ga4_event_name=\"click_cta\" data-ga4_link_url=\"https:\/\/tienda.rba.es\/revistas\/landing-suscripcion-viajes-national-geographic-black-friday-075?ORIGIN=REF&amp;rba_click=RBA_rev_ngmv_es_web_conv_pur_pro_noa_black-friday-2025_sus-dig_precio_fns&amp;rba_bh=ngmv\" data-ga4_content_type=\"lead\" data-ga4_element=\"article_phrase\" rel=\"nofollow noopener\" target=\"_blank\">APROVECHA<\/a><\/p>\n<p>Para encontrar coquetos pueblos que lucen con un encanto especial durante la Navidad no es necesario viajar fuera de Espa\u00f1a, basta con buscar un poco para dar con algunas joyas dignas de pel\u00edcula de sobremesa navide\u00f1a. A unos 52 kil\u00f3metros del centro de Madrid, en pleno <strong>Parque Nacional de la Sierra de Guadarrama<\/strong>, se encuentra una villa de calles empedradas y casas de piedra en la que, con un poco de suerte, nieva en los meses m\u00e1s fr\u00edos del a\u00f1o y crea un mayor encanto a la postal. Es una localidad localizada en un enclave surgido del aprovechamiento de una peque\u00f1a depresi\u00f3n por parte de ganaderos, que est\u00e1 rodeada por algunas de <strong>las monta\u00f1as m\u00e1s altas y simb\u00f3licas del Sistema Central.<\/strong><\/p>\n<p>\u00a0<\/p>\n<p>&#13;&#13;<\/p>\n<p>Cargando v\u00eddeo: 100 pueblos espa\u00f1a<\/p>\n<p>\u00a0<\/p>\n<p>\u00a0UN VIAJE A LA CASA DE LA NAVIDAD<\/p>\n<p>\u00a0<\/p>\n<p><img loading=\"lazy\" decoding=\"async\"   src=\"https:\/\/www.europesays.com\/es\/wp-content\/uploads\/2025\/12\/navacerrada_9b0e4fee_6863_251201122822_1200x2133.webp.webp\" alt=\"Navacerrada\" class=\"lazyload\" width=\"1200\" height=\"2133\" data-aspectratio=\"1200\/2133\"\/><br \/>\n&#13;Foto: Ayuntamiento de Navacerrada<\/p>\n<p>Su mercado navide\u00f1o cuenta con unas diez casetas en las que ofrecen diferentes productos artesanales perfectos para regalar estas fechas.<\/p>\n<p><strong>Navacerrada<\/strong> es uno de esos <a href=\"https:\/\/viajes.nationalgeographic.com.es\/a\/mejores-planes-para-navidad-diferente-madrid_21586\" rel=\"nofollow noopener\" target=\"_blank\">pueblos de piedra de la Comunidad de Madrid <\/a>rodeados de una naturaleza exuberante que se esconden en la zona norte de la capital, un destino que invita a desconectar y relajarse y que permite respira aire puro y cargar las pilas. En un paseo durante estas fechas por la villa habr\u00e1 que parar, en primer lugar, en <strong>la plaza Doctor Gereda<\/strong>, donde normalmente se realizan diferentes eventos, actividades y puestos y donde en Navidad se suele instalar<strong> un bonito mercado navide\u00f1o <\/strong>en el que un pu\u00f1ado de artesanos de la Sierra exponen y venden sus creaciones. As\u00ed, en las casetas se despliega una cuidada selecci\u00f3n de piezas \u00fanicas en las que se incluyen miniaturas, bisuter\u00eda, velas, cer\u00e1mica, jabones, elementos decorativos de cristal y muchas cosas m\u00e1s.\u00a0<\/p>\n<p>Dado que se encuentra a 1.200 mts de altitud, rodeado de macizos monta\u00f1osos, es posible que el fr\u00edo de invierno cubra al pueblo con un manto blanco de nieve, lo que para <strong>muchos visitantes es como haber viajado a Suiza o Austria sin salir del centro de Espa\u00f1a<\/strong>.<\/p>\n<p>\u00a0<\/p>\n<p><a href=\"https:\/\/viajes.nationalgeographic.com.es\/a\/bosque-patrimonio-humanidad-que-se-ha-convertido-ultimo-hayedo-madrid_23621\" class=\"rel\" rel=\"nofollow noopener\" target=\"_blank\">&#13;&#13;<img loading=\"lazy\" decoding=\"async\" src=\"https:\/\/www.europesays.com\/es\/wp-content\/uploads\/2025\/12\/hayedo-de-montejo_b6645f80_251014171313_550x807.webp.webp\" alt=\"Hayedo de Montejo\" class=\"imagenRelacionado lazyload\" width=\"550\" height=\"807\" data-aspectratio=\"550\/807\"\/>&#13;&#13;<\/p>\n<p class=\"relatedTitle\">Seguir viajando<\/p>\n<p class=\"supertitle\">Tesoros protegidos<\/p>\n<p class=\"title\">El \u00faltimo hayedo de Madrid: un bosque Patrimonio de la Humanidad<\/p>\n<p class=\"subtitle\">Esta joya oto\u00f1al es el \u00faltimo hayedo que queda en la Comunidad de Madrid, y ofrece una deliciosa lecci\u00f3n de bot\u00e1nica a todo aquel que decide visitarlo. <\/p>\n<p><a href=\"https:\/\/viajes.nationalgeographic.com.es\/a\/bosque-patrimonio-humanidad-que-se-ha-convertido-ultimo-hayedo-madrid_23621\" class=\"readarticle\" rel=\"nofollow noopener\" target=\"_blank\">Leer art\u00edculo<\/a><\/p>\n<p><\/a>Tren navide\u00f1o<img loading=\"lazy\" decoding=\"async\"   src=\"https:\/\/www.europesays.com\/es\/wp-content\/uploads\/2025\/12\/navacerrada_c86b3343_251201125928_1200x1600.webp.webp\" alt=\"Navacerrada\" class=\"lazyload\" width=\"1200\" height=\"1600\" data-aspectratio=\"1200\/1600\"\/><br \/>\n&#13;Foto: Ayuntamiento de Navacerrada<\/p>\n<p>El centro de Navacerrada se decora con un universo de luces para recibir la Navidad.<\/p>\n<p>Durante estas fechas cada casa, edificio, plaza y \u00e1rbol se decora con miles de luces y adornos que aportan un toque m\u00e1gico, y por supuesto con el tradicional Bel\u00e9n. Adem\u00e1s, <strong>desde el 6 de diciembre hasta el 6 de enero<\/strong>, este pueblo acoge un programa cargado de actividades y eventos para que disfruten al m\u00e1ximo grandes y peque\u00f1os. As\u00ed, se realizan diferentes espect\u00e1culos como conciertos de m\u00fasica cl\u00e1sica y coros, representaciones teatrales y talleres familiares como el de tarjetas, t\u00edteres, cuadros pintados a mano con un elfo o la decoraci\u00f3n de bolsitas navide\u00f1as.<\/p>\n<p>La actividad m\u00e1s esperada por los m\u00e1s peque\u00f1os de la casa es, sin duda,<strong> el Tren a la Casa de la Navidad.<\/strong> Este parte desde la plaza de los \u00c1ngeles y va, en un viaje de unos 60 minutos, hasta<strong> el Valle de la Barranca<\/strong> donde los ni\u00f1os podr\u00e1n entregar sus cartas a los pajes reales.\u00a0<\/p>\n<p>\u00a0<\/p>\n<p>\u00bfQuieres viajar por los pueblos m\u00e1s monumentales de Espa\u00f1a? <strong><a href=\"https:\/\/participa.nationalgeographic.com.es\/quiz\/1654292_1125\/pueblos-monumentales.html\" target=\"_blank\" rel=\"nofollow noopener\">\u00a1Descarga gratis nuestro eBook<\/a><\/strong> y descubre cu\u00e1les son!<\/p>\n<p>\u00a0<\/p>\n<p>\u00a0<\/p>\n<p>UN ENTORNO NATURAL DE ENSUE\u00d1O<\/p>\n<p>\u00a0<\/p>\n<p><img loading=\"lazy\" decoding=\"async\"   src=\"https:\/\/www.europesays.com\/es\/wp-content\/uploads\/2025\/12\/navacerrada_2d6595a6_251201124124_1200x658.webp.webp\" alt=\"Navacerrada\" class=\"lazyload\" width=\"1200\" height=\"658\" data-aspectratio=\"1200\/658\"\/><br \/>\n&#13;Foto: Adobe Stock<\/p>\n<p>El entorno natural de Navacerrada ofrece numerosas posibilidades para disfrutar de diferentes actividades al aire libre.<\/p>\n<p>\u00a0<\/p>\n<p>Adem\u00e1s de disfrutar de un chocolate caliente en uno de los puestos navide\u00f1os, la visita a Navacerrada debe incluir un paseo pausado por sus calles para admirar todo su encanto, que no es poco. Caminando uno se encontrar\u00e1 con la plaza de los \u00c1ngeles \u2013uno de sus puntos m\u00e1s relevantes\u2013, enclave en el que se ubican la fuente del mismo nombre y el edificio del Ayuntamiento; <strong>la iglesia de la Natividad de Nuestra Se\u00f1ora. <\/strong>Este es un templo construido en el siglo XVI y restaurado entre los siglos XVIII y XX, con una nave con cabecera plana y una torre de tres cuerpos coronada por un campanario, y las numerosas fuentes que se reparten por su entramado, pues aqu\u00ed el agua brota por doquier aflorando numerosos manantiales procedentes del deshielo de las nieves de cumbres.<\/p>\n<p>En l<strong>a Dehesa de la Golondrina<\/strong> hay que ver tambi\u00e9n<strong> la ermita de San Antonio<\/strong>, una construcci\u00f3n de piedra a la que cada 13 de junio acuden los vecinos en romer\u00eda.<\/p>\n<p>\u00a0<\/p>\n<p><a href=\"https:\/\/viajes.nationalgeographic.com.es\/a\/pueblo-madrid-calle-porticos-mas-larga-mundo_23009\" class=\"rel\" rel=\"nofollow noopener\" target=\"_blank\">&#13;&#13;<img loading=\"lazy\" decoding=\"async\" src=\"https:\/\/www.europesays.com\/es\/wp-content\/uploads\/2025\/12\/alcala-de-henares_7d2758fe_250715141649_550x807.webp.webp\" alt=\"Alcal\u00e1 de Henares\" class=\"imagenRelacionado lazyload\" width=\"550\" height=\"807\" data-aspectratio=\"550\/807\"\/>&#13;&#13;<\/p>\n<p class=\"relatedTitle\">Seguir viajando<\/p>\n<p class=\"supertitle\">Entre columnas centenarias<\/p>\n<p class=\"title\">La ciudad de Madrid con la calle porticada m\u00e1s larga del mundo<\/p>\n<p class=\"subtitle\">Una arteria urbana donde la arquitectura centenaria dialoga con la vida cotidiana, y donde m\u00e1s que un paseo, se recorre siglos de evoluci\u00f3n.<\/p>\n<p><a href=\"https:\/\/viajes.nationalgeographic.com.es\/a\/pueblo-madrid-calle-porticos-mas-larga-mundo_23009\" class=\"readarticle\" rel=\"nofollow noopener\" target=\"_blank\">Leer art\u00edculo<\/a><\/p>\n<p><\/a>Excursiones para el oto\u00f1o<\/p>\n<p>\u00a0<\/p>\n<p><img loading=\"lazy\" decoding=\"async\"   src=\"https:\/\/www.europesays.com\/es\/wp-content\/uploads\/2025\/12\/navacerrada_c595f4da_251201125723_1200x801.webp.webp\" alt=\"Navacerrada\" class=\"lazyload\" width=\"1200\" height=\"801\" data-aspectratio=\"1200\/801\"\/><br \/>\n&#13;Foto: Shutterstock<\/p>\n<p>Paisaje oto\u00f1al cercano a Navacerrada.<\/p>\n<p>Por \u00faltimo, el entorno natural de ensue\u00f1o de la localidad invita a todos los visitantes a realizar alguna excursi\u00f3n o ruta, pues las hay de diferentes niveles de dificultad y est\u00e1n pensadas para realizarlas solos o en familia. Algunas ideas son <strong>el paseo a la Presa del Chiquillo<\/strong>, un itinerario de 2 km que lleva a este bonito paraje rodeado de un profundo bosque de pinos, o\u00a0<strong>la ruta que acerca a la Fuente de la Campanilla<\/strong>, un recorrido de 2 km y dificultad baja que parte desde el aparcamiento del Valle de La Barranca a 1.400 metros de altitud y termina en esta fuente que recibe las aguas directamente del arroyo del Regajo del Pez que baja desde las altas cumbres de la Bola del Mundo.<\/p>\n<p>\u00a0<\/p>\n<p dir=\"ltr\"><a href=\"https:\/\/www.whatsapp.com\/channel\/0029Va858M88vd1KkudYW539\" rel=\"nofollow noopener\" target=\"_blank\"><strong>\u00a1Viajes National Geographic, directo en tu Whatsapp! S\u00edguenos para descubrir lugares fascinantes, destinos sorprendentes y sabores impresionantes.<\/strong><\/a><\/p>\n<p dir=\"ltr\">\u00a0<\/p>\n<p>\u00a0<\/p>\n<p>Para senderistas m\u00e1s experimentados est\u00e1n\u00a0<strong>el ascenso a La Maliciosa (2.227 metros<\/strong>), una ruta de 10 km para la que se aconseja ir bien equipado en funci\u00f3n de la estaci\u00f3n en la que se realiza, el itinerario que lleva <strong>al Nacimiento del R\u00edo Manzanares <\/strong>(2.100 metros), un circuito de 10 kil\u00f3metros y un desnivel de 700 metros a recorrer en unas cuatro horas.\u00a0\u00a0<\/p>\n","protected":false},"excerpt":{"rendered":"La mejor oferta 24h m\u00e1s: Suscr\u00edbete hoy a Viajes National Geographic por 0,75\u20ac al mes. \u00a1-82% dto. por&hellip;\n","protected":false},"author":2,"featured_media":266494,"comment_status":"","ping_status":"","sticky":false,"template":"","format":"standard","meta":{"footnotes":""},"categories":[8],"tags":[17,18,119,25,24,13,14,1408,11,448,19,20,1407,1409,9,10,15,16,23,12,21,22,226],"class_list":{"0":"post-266493","1":"post","2":"type-post","3":"status-publish","4":"format-standard","5":"has-post-thumbnail","7":"category-espana","8":"tag-breaking-news","9":"tag-breakingnews","10":"tag-ciencia","11":"tag-es","12":"tag-espana","13":"tag-featured-news","14":"tag-featurednews","15":"tag-geographic","16":"tag-headlines","17":"tag-historia","18":"tag-latest-news","19":"tag-latestnews","20":"tag-national","21":"tag-naturaleza","22":"tag-news","23":"tag-noticias","24":"tag-noticias-destacadas","25":"tag-noticiasdestacadas","26":"tag-spain","27":"tag-titulares","28":"tag-ultimas-noticias","29":"tag-ultimasnoticias","30":"tag-viajes"},"share_on_mastodon":{"url":"https:\/\/pubeurope.com\/@es\/115647583085542096","error":""},"_links":{"self":[{"href":"https:\/\/www.europesays.com\/es\/wp-json\/wp\/v2\/posts\/266493","targetHints":{"allow":["GET"]}}],"collection":[{"href":"https:\/\/www.europesays.com\/es\/wp-json\/wp\/v2\/posts"}],"about":[{"href":"https:\/\/www.europesays.com\/es\/wp-json\/wp\/v2\/types\/post"}],"author":[{"embeddable":true,"href":"https:\/\/www.europesays.com\/es\/wp-json\/wp\/v2\/users\/2"}],"replies":[{"embeddable":true,"href":"https:\/\/www.europesays.com\/es\/wp-json\/wp\/v2\/comments?post=266493"}],"version-history":[{"count":0,"href":"https:\/\/www.europesays.com\/es\/wp-json\/wp\/v2\/posts\/266493\/revisions"}],"wp:featuredmedia":[{"embeddable":true,"href":"https:\/\/www.europesays.com\/es\/wp-json\/wp\/v2\/media\/266494"}],"wp:attachment":[{"href":"https:\/\/www.europesays.com\/es\/wp-json\/wp\/v2\/media?parent=266493"}],"wp:term":[{"taxonomy":"category","embeddable":true,"href":"https:\/\/www.europesays.com\/es\/wp-json\/wp\/v2\/categories?post=266493"},{"taxonomy":"post_tag","embeddable":true,"href":"https:\/\/www.europesays.com\/es\/wp-json\/wp\/v2\/tags?post=266493"}],"curies":[{"name":"wp","href":"https:\/\/api.w.org\/{rel}","templated":true}]}}