{"id":266495,"date":"2025-12-02T02:20:37","date_gmt":"2025-12-02T02:20:37","guid":{"rendered":"https:\/\/www.europesays.com\/es\/266495\/"},"modified":"2025-12-02T02:20:37","modified_gmt":"2025-12-02T02:20:37","slug":"la-uca-reune-a-mas-de-un-centenar-de-estudiantes-en-una-jornada-sobre-igualdad-con-el-profesor-octavio-salazar-portal-uca","status":"publish","type":"post","link":"https:\/\/www.europesays.com\/es\/266495\/","title":{"rendered":"La UCA re\u00fane a m\u00e1s de un centenar de estudiantes en una jornada sobre igualdad con el profesor Octavio Salazar \u2013 Portal UCA"},"content":{"rendered":"<p style=\"text-align: center;\"><strong>La sesi\u00f3n, celebrada en Filosof\u00eda y Letras, se enmarca en la programaci\u00f3n universitaria por el 25N, que ha incluido<br \/>este lunes una formaci\u00f3n espec\u00edfica para el PDI sobre violencias sexuales<\/strong><\/p>\n<p>La <strong>Universidad de C\u00e1diz<\/strong> contin\u00faa con su agenda de actos por el <strong>25N<\/strong>. As\u00ed, en la ma\u00f1ana de este lunes ha celebrado una jornada de sensibilizaci\u00f3n sobre igualdad y prevenci\u00f3n de la violencia de g\u00e9nero, dirigida especialmente a estudiantes de secundaria, con la participaci\u00f3n del divulgador y profesor de la Universidad de C\u00f3rdoba <strong>Octavio Salazar<\/strong>. Bajo el t\u00edtulo <strong>Modo violencia off: la igualdad como tarea compartida,<\/strong> el acto ha reunido en el sal\u00f3n de actos de la Facultad de Filosof\u00eda y Letras a alrededor de 130 alumnos y alumnas de los institutos <strong>Columela<\/strong>, <strong>Cornelio Balbo<\/strong> y <strong>Fernando Aguilar Quign\u00f3n,<\/strong> todos ellos de la ciudad de C\u00e1diz.<\/p>\n<p>La sesi\u00f3n ha sido organizada en colaboraci\u00f3n con el <strong>Ayuntamiento de C\u00e1diz<\/strong>, y ha contado con la participaci\u00f3n de Paqui Bernal, directora general de <strong>Igualdad<\/strong> de la Universidad de C\u00e1diz, y Virginia Mart\u00edn, delegada de Igualdad del consistorio gaditano. Ambas han acompa\u00f1ado al ponente en la mesa de apertura.<\/p>\n<p><strong>Paqui Bernal<\/strong> ha abierto el acto dando la bienvenida al p\u00fablico joven y ha valorado muy positivamente su presencia: \u201ces una alegr\u00eda ver este sal\u00f3n de actos lleno de j\u00f3venes, porque es a vosotros a quienes hay que dirigirse para <strong>construir un futuro m\u00e1s justo e igualitario<\/strong>\u201d, ha afirmado. Tambi\u00e9n ha recordado a los asistentes que \u201cla Universidad de C\u00e1diz es vuestra universidad, aunque decid\u00e1is estudiar en otro lugar, esta instituci\u00f3n tambi\u00e9n os pertenece\u201d. Ha subrayado igualmente el compromiso social de Octavio Salazar, destacando su trayectoria como referente en materia de derechos, igualdad y pensamiento cr\u00edtico.<\/p>\n<p>Por su parte, <strong>Virginia Mart\u00edn <\/strong>ha agradecido a la Universidad de C\u00e1diz su <strong>permanente implicaci\u00f3n<\/strong> en iniciativas centradas en la igualdad de g\u00e9nero. \u201cSiempre hemos encontrado en la UCA una instituci\u00f3n aliada, especialmente en temas tan importantes para toda la sociedad como es la igualdad\u201d, ha manifestado.<\/p>\n<p><img loading=\"lazy\" decoding=\"async\" src=\"https:\/\/www.europesays.com\/es\/wp-content\/uploads\/2025\/12\/Igualdad-Bernal-Martin-1024x478.jpg\" alt=\"\" width=\"1024\" height=\"478\" class=\"aligncenter wp-image-100825 size-large\"  \/><\/p>\n<p><strong>El machismo como problema estructural<\/strong><\/p>\n<p><strong>Octavio Salazar<\/strong> ha comenzado su intervenci\u00f3n expresando su satisfacci\u00f3n por contar con un auditorio lleno de estudiantes: \u201ces un gusto encontrarme con <strong>tantos j\u00f3venes<\/strong> participando en este tipo de actos\u201d, ha dicho. Desde el inicio, ha dejado claro que su intervenci\u00f3n no iba a centrarse en leyes ni en cifras, sino en historias cercanas y realidades cotidianas. \u201cLa violencia de g\u00e9nero es un <strong>problema estructural, sist\u00e9mico<\/strong>. Y eso significa que todos los que estamos aqu\u00ed somos, de alguna forma, machistas\u201d, ha afirmado, invitando a la reflexi\u00f3n individual y colectiva.<\/p>\n<p>Durante su charla, ha ofrecido una visi\u00f3n cr\u00edtica y pedag\u00f3gica sobre las ra\u00edces culturales de la violencia hacia las mujeres, se\u00f1alando que este tipo <strong>de violencia se manifiesta tambi\u00e9n en contextos de guerra y conflicto b\u00e9lico<\/strong>, donde las mujeres son sistem\u00e1ticamente agredidas y utilizadas como arma de guerra. Asimismo, ha explicado que las estructuras que sostienen la desigualdad y la violencia se fundamentan en tres pilares: el patriarcado, el machismo y el androcentrismo. Ha insistido en la necesidad de que la igualdad sea entendida como una responsabilidad compartida, no solo como una cuesti\u00f3n de mujeres, sino como un cambio cultural profundo que implica a toda la sociedad.<\/p>\n<p>Antes de la conferencia, ha tenido lugar la actividad formativa <strong>Pol\u00edticas de Igualdad de Mujeres y Hombres desde la docencia universitaria: Prevenci\u00f3n, sensibilizaci\u00f3n y detecci\u00f3n en materia de violencias sexuales<\/strong>, a cargo de <strong>Remedios Men\u00e9ndez<\/strong>. Esta sesi\u00f3n se ha desarrollado en la Facultad de Medicina y es una iniciativa promovida por la Unidad de Formaci\u00f3n e Innovaci\u00f3n Docente de la UCA, en colaboraci\u00f3n con la Unidad de Igualdad. Esta formaci\u00f3n, dirigida al personal docente e investigador, ha sido concebida como una herramienta clave para fortalecer la respuesta institucional ante las violencias sexuales desde el \u00e1mbito universitario.<\/p>\n<p>La sesi\u00f3n ha abordado aspectos fundamentales como el marco normativo vigente, con especial atenci\u00f3n a la <strong>Ley Org\u00e1nica 10\/2022<\/strong>, de garant\u00eda integral de la libertad sexual, que establece la prevenci\u00f3n y detecci\u00f3n como ejes esenciales para la erradicaci\u00f3n de estas violencias. Adem\u00e1s, se han analizado conceptos clave, recursos institucionales disponibles en la UCA y las medidas incluidas en el <strong>III Plan de Igualdad<\/strong>. La formaci\u00f3n ha tenido como objetivo dotar al profesorado de las herramientas necesarias para integrar la perspectiva de igualdad en su actividad docente y contribuir, desde sus \u00e1reas de conocimiento, a la construcci\u00f3n de una universidad libre de violencias y m\u00e1s comprometida con los derechos fundamentales.<\/p>\n<p><img loading=\"lazy\" decoding=\"async\" src=\"https:\/\/www.europesays.com\/es\/wp-content\/uploads\/2025\/12\/violencias-sexuales-1024x478.jpg\" alt=\"\" width=\"1024\" height=\"478\" class=\"aligncenter wp-image-100822 size-large\"  \/><\/p>\n<p>En el marco de las actividades organizadas por la Universidad de C\u00e1diz y la Fundaci\u00f3n Municipal de la Mujer del Ayuntamiento de C\u00e1diz con motivo del 25N, se celebrar\u00e1n en los pr\u00f3ximos d\u00edas diversas ponencias centradas en la sensibilizaci\u00f3n y prevenci\u00f3n de la violencia de g\u00e9nero desde diferentes perspectivas. El martes 3 de diciembre, <strong>Vanesa Herv\u00edas<\/strong> ofrecer\u00e1 la conferencia C\u00f3mo combatir la violencia contra las mujeres con discapacidad en la Facultad de Ciencias del Trabajo. El mi\u00e9rcoles 4, <strong>Raquel Romero<\/strong> impartir\u00e1 la charla El cine como herramienta para la lucha contra la violencia de g\u00e9nero en la Sala Bol\u00edvar del Edificio Constituci\u00f3n 1812. El jueves 5 de diciembre, la Facultad de Enfermer\u00eda y Fisioterapia acoger\u00e1 la ponencia La violencia de g\u00e9nero como problema de salud p\u00fablica, a cargo de <strong>Lorena Tarri\u00f1o.<\/strong> Finalmente, el 10 de diciembre, la periodista <strong>Ana Bernal Trivi\u00f1o<\/strong> cerrar\u00e1 el ciclo con la conferencia Periodismo y violencia machista: C\u00f3mo desmontar los bulos, en la Facultad de Filosof\u00eda y Letras, a las 18:30 horas. Todas las actividades se desarrollar\u00e1n en modalidad presencial y con entrada libre hasta completar aforo.<\/p>\n","protected":false},"excerpt":{"rendered":"La sesi\u00f3n, celebrada en Filosof\u00eda y Letras, se enmarca en la programaci\u00f3n universitaria por el 25N, que ha&hellip;\n","protected":false},"author":2,"featured_media":266496,"comment_status":"","ping_status":"","sticky":false,"template":"","format":"standard","meta":{"footnotes":""},"categories":[5],"tags":[17,18,25,24,13,14,11,19,20,9,10,15,16,23,12,21,22],"class_list":{"0":"post-266495","1":"post","2":"type-post","3":"status-publish","4":"format-standard","5":"has-post-thumbnail","7":"category-titulares","8":"tag-breaking-news","9":"tag-breakingnews","10":"tag-es","11":"tag-espana","12":"tag-featured-news","13":"tag-featurednews","14":"tag-headlines","15":"tag-latest-news","16":"tag-latestnews","17":"tag-news","18":"tag-noticias","19":"tag-noticias-destacadas","20":"tag-noticiasdestacadas","21":"tag-spain","22":"tag-titulares","23":"tag-ultimas-noticias","24":"tag-ultimasnoticias"},"share_on_mastodon":{"url":"https:\/\/pubeurope.com\/@es\/115647586231197307","error":""},"_links":{"self":[{"href":"https:\/\/www.europesays.com\/es\/wp-json\/wp\/v2\/posts\/266495","targetHints":{"allow":["GET"]}}],"collection":[{"href":"https:\/\/www.europesays.com\/es\/wp-json\/wp\/v2\/posts"}],"about":[{"href":"https:\/\/www.europesays.com\/es\/wp-json\/wp\/v2\/types\/post"}],"author":[{"embeddable":true,"href":"https:\/\/www.europesays.com\/es\/wp-json\/wp\/v2\/users\/2"}],"replies":[{"embeddable":true,"href":"https:\/\/www.europesays.com\/es\/wp-json\/wp\/v2\/comments?post=266495"}],"version-history":[{"count":0,"href":"https:\/\/www.europesays.com\/es\/wp-json\/wp\/v2\/posts\/266495\/revisions"}],"wp:featuredmedia":[{"embeddable":true,"href":"https:\/\/www.europesays.com\/es\/wp-json\/wp\/v2\/media\/266496"}],"wp:attachment":[{"href":"https:\/\/www.europesays.com\/es\/wp-json\/wp\/v2\/media?parent=266495"}],"wp:term":[{"taxonomy":"category","embeddable":true,"href":"https:\/\/www.europesays.com\/es\/wp-json\/wp\/v2\/categories?post=266495"},{"taxonomy":"post_tag","embeddable":true,"href":"https:\/\/www.europesays.com\/es\/wp-json\/wp\/v2\/tags?post=266495"}],"curies":[{"name":"wp","href":"https:\/\/api.w.org\/{rel}","templated":true}]}}