{"id":266505,"date":"2025-12-02T02:33:24","date_gmt":"2025-12-02T02:33:24","guid":{"rendered":"https:\/\/www.europesays.com\/es\/266505\/"},"modified":"2025-12-02T02:33:24","modified_gmt":"2025-12-02T02:33:24","slug":"el-emotivo-mensaje-de-rocio-carrasco-a-cristina-la-concursante-de-ot-2025-que-rinde-homenaje-a-rocio-jurado","status":"publish","type":"post","link":"https:\/\/www.europesays.com\/es\/266505\/","title":{"rendered":"El emotivo mensaje de Roc\u00edo Carrasco a Cristina, la concursante de &#8216;OT 2025&#8217; que rinde homenaje a Roc\u00edo Jurado"},"content":{"rendered":"<p id=\"e0-ojSVk1j\" data-wc=\"99\">Dos meses despu\u00e9s de su inicio,\u00a0<a class=\"hm-link ho-link\" href=\"https:\/\/www.hola.com\/actualidad\/20251014861486\/gala-operacion-triunfo-directo-detalle-ineditos-secretos\/\" data-mrf-recirculation=\"article-body-link\" rel=\"nofollow noopener\" target=\"_blank\"><strong>OT 2025<\/strong><strong>\u00a0 finalmente entra en la fase decisiva en Amazon Prime Video<\/strong><\/a><strong>; la \u00a0<\/strong><strong>gala de este lunes ser\u00e1 determinante, puesto que se revelar\u00e1n los primeros nombres de aquellos concursantes que pasar\u00e1n a la final<\/strong>. Una de las artistas que se juegan ese privilegio es Cristina, que defender\u00e1 una versi\u00f3n renovada de Punto de partida, de Roc\u00edo Jurado. La andaluza recibi\u00f3 un impulso especial cuando, el viernes, Roc\u00edo Carrasco le envi\u00f3 un v\u00eddeo para agradecerle el tributo que le rendir\u00e1 a su madre.\u00a0<\/p>\n<p> <img src=\"https:\/\/www.europesays.com\/es\/wp-content\/uploads\/2025\/12\/59883fed9834-u593401032.jpg\"   width=\"682\" height=\"1024\" loading=\"lazy\" decoding=\"async\" alt=\"Rocio Carrasco regresa a Madrid tras el rodaje de 'Hasta el fin del mundo' \" fetchpriority=\"auto\" class=\"image ho-image\"\/>\u00a9 GTRESRocio Carrasco regresa a Madrid tras el rodaje de &#8216;Hasta el fin del mundo&#8217; <\/p>\n<p id=\"e6xLQSR3cTl\" data-wc=\"50\">\u201cHola Cris, soy Roc\u00edo, me pasaba por aqu\u00ed para desearte todo el \u00e9xito del mundo\u201d, comenz\u00f3 diciendo la mayor de los hijos de Roc\u00edo Jurado en un mensaje en formato de v\u00eddeo que se proyect\u00f3 en la Academia durante el espacio El Chat de OT 2025, presentado por Miriam Rodr\u00edguez<\/p>\n<p id=\"ee27z4uqWc0\" data-wc=\"52\"><strong>\u00abHe estado viendo los ensayos y me parece que tienes un rollo muy, muy, muy bonito, as\u00ed que es lo \u00fanico que tienes que hacer en esta canci\u00f3n. Ponle ese rollo tuyo y ver\u00e1s como todo sale a pedir de boca. Te mando mil besos\u00bb<\/strong>, concluy\u00f3 Carrasco, dejando a Cristina completamente emocionada.<\/p>\n<p> <img src=\"https:\/\/www.europesays.com\/es\/wp-content\/uploads\/2025\/11\/e9d131c6aaea-dlu594222026-1.jpg\"   width=\"1024\" height=\"682\" loading=\"lazy\" decoding=\"async\" alt=\" Rocio Carrasco en la presentaci\u00f3n de 'Hasta el fin del mundo'\" fetchpriority=\"auto\" class=\"image ho-image\"\/>\u00a9 GTRES Rocio Carrasco en la presentaci\u00f3n de &#8216;Hasta el fin del mundo&#8217;<\/p>\n<p id=\"eEuhh3dHCpL\" data-wc=\"71\">La finalista sevillana no pudo contener la sorpresa y reaccion\u00f3 repleta de ilusi\u00f3n: \u201c\u00a1Qu\u00e9 fuerte! Me muero&#8230; \u00a1Qu\u00e9 ilusi\u00f3n!\u201d, exclam\u00f3, y expres\u00f3 cu\u00e1nto desear\u00eda que<strong> \u201call\u00e1 donde est\u00e9 Roc\u00edo, le guste esta versi\u00f3n\u201d<\/strong><strong>. \u201cElla era superadelantada a su \u00e9poca, superfeminista, hac\u00eda cosas revolucionarias<\/strong>, y ojal\u00e1 le guste esto que he hecho de traerla al presente y hacerla un poco m\u00e1s moderna\u201d, se\u00f1al\u00f3 tambi\u00e9n Cristina, transmitiendo as\u00ed su devoci\u00f3n por la artista.<\/p>\n<p id=\"eznk_PRyyEW\" data-wc=\"73\">La cantante insisti\u00f3 en que su interpretaci\u00f3n nace del m\u00e1ximo respeto y cari\u00f1o, porque la canci\u00f3n es compleja y merece ser tratada con consideraci\u00f3n. Miriam Rodr\u00edguez agreg\u00f3 que el tema le sentaba de maravilla: \u00abEs un temazo y te queda genial. La hizo Anabel [concursante de OT 2008]. Yo ten\u00eda un cartel de Anabel en mi armario de cuando cant\u00f3 esta canci\u00f3n. Te queda incre\u00edble y d\u00e1ndole ese toque tuyo\u00bb, asegur\u00f3 la presentadora.<\/p>\n<p> <img src=\"https:\/\/www.europesays.com\/es\/wp-content\/uploads\/2025\/12\/ae079503c065-psblo-slnoram.png\"   width=\"1024\" height=\"576\" loading=\"lazy\" decoding=\"async\" alt=\"Pablo Albor\u00e1n y los concusantes restantes\" fetchpriority=\"auto\" class=\"image ho-image\"\/>\u00a9 Operaci\u00f3n TriunfoPablo Albor\u00e1n junto a los concusantes de &#8216;OT 2025&#8217;<\/p>\n<p id=\"euHf0bbEKWd\" data-wc=\"94\">En la Gala 11 de OT 2025, el grupo de concursantes al completo abrir\u00e1 la noche con Voy a pas\u00e1rmelo bien de Hombres G. Crespo se lanzar\u00e1 con el \u00e9xito urbano Columbia de Quevedo, mientras que Guille interpretar\u00e1 Wonder de Shawn Mendes. Olivia mostrar\u00e1 una faceta distinta con Where is my husband de Raye, y Claudia Arenas, por su parte, interpretar\u00e1 Overjoyed de Stevie Wonder. Tinho traer\u00e1 el pop potente de I&#8217;m Outta Love de Anastacia y, por \u00faltimo, Guille Toledano apostar\u00e1 por el rock espa\u00f1ol con El roce de tu piel de Rev\u00f3lver.<\/p>\n","protected":false},"excerpt":{"rendered":"Dos meses despu\u00e9s de su inicio,\u00a0OT 2025\u00a0 finalmente entra en la fase decisiva en Amazon Prime Video; la&hellip;\n","protected":false},"author":2,"featured_media":266506,"comment_status":"","ping_status":"","sticky":false,"template":"","format":"standard","meta":{"footnotes":""},"categories":[171],"tags":[517,146,147,25,24,222,3157,23,214],"class_list":{"0":"post-266505","1":"post","2":"type-post","3":"status-publish","4":"format-standard","5":"has-post-thumbnail","7":"category-tv","8":"tag-actualidad","9":"tag-entertainment","10":"tag-entretenimiento","11":"tag-es","12":"tag-espana","13":"tag-operacion-triunfo","14":"tag-rocio-carrasco","15":"tag-spain","16":"tag-tv"},"share_on_mastodon":{"url":"https:\/\/pubeurope.com\/@es\/115647637708316482","error":""},"_links":{"self":[{"href":"https:\/\/www.europesays.com\/es\/wp-json\/wp\/v2\/posts\/266505","targetHints":{"allow":["GET"]}}],"collection":[{"href":"https:\/\/www.europesays.com\/es\/wp-json\/wp\/v2\/posts"}],"about":[{"href":"https:\/\/www.europesays.com\/es\/wp-json\/wp\/v2\/types\/post"}],"author":[{"embeddable":true,"href":"https:\/\/www.europesays.com\/es\/wp-json\/wp\/v2\/users\/2"}],"replies":[{"embeddable":true,"href":"https:\/\/www.europesays.com\/es\/wp-json\/wp\/v2\/comments?post=266505"}],"version-history":[{"count":0,"href":"https:\/\/www.europesays.com\/es\/wp-json\/wp\/v2\/posts\/266505\/revisions"}],"wp:featuredmedia":[{"embeddable":true,"href":"https:\/\/www.europesays.com\/es\/wp-json\/wp\/v2\/media\/266506"}],"wp:attachment":[{"href":"https:\/\/www.europesays.com\/es\/wp-json\/wp\/v2\/media?parent=266505"}],"wp:term":[{"taxonomy":"category","embeddable":true,"href":"https:\/\/www.europesays.com\/es\/wp-json\/wp\/v2\/categories?post=266505"},{"taxonomy":"post_tag","embeddable":true,"href":"https:\/\/www.europesays.com\/es\/wp-json\/wp\/v2\/tags?post=266505"}],"curies":[{"name":"wp","href":"https:\/\/api.w.org\/{rel}","templated":true}]}}