{"id":266513,"date":"2025-12-02T02:39:10","date_gmt":"2025-12-02T02:39:10","guid":{"rendered":"https:\/\/www.europesays.com\/es\/266513\/"},"modified":"2025-12-02T02:39:10","modified_gmt":"2025-12-02T02:39:10","slug":"a-la-caza-de-exoplanetas-los-safaris-del-siglo-xxi-agrupacion-astronomica-cantabra-santander-cc-madrazo-2-diciembre","status":"publish","type":"post","link":"https:\/\/www.europesays.com\/es\/266513\/","title":{"rendered":"A la caza de exoplanetas: Los safaris del siglo XXI &#8211; Agrupaci\u00f3n Astron\u00f3mica C\u00e1ntabra &#8211; Santander | CC Madrazo &#8211; 2 diciembre"},"content":{"rendered":"<p><strong>A la caza de exoplanetas: Los safaris del siglo XXI<\/strong><br \/><strong>Agrupaci\u00f3n Astron\u00f3mica C\u00e1ntabra<\/strong><\/p>\n<p><strong>Martes 2 de diciembre,\u00a019:30 h.<\/strong><br \/>Ponente:<strong>\u00a0<\/strong>Carlos B. Agenjo.<\/p>\n<p class=\"p1\">Sabemos que la gran mayor\u00eda de las estrellas de nuestra galaxia posee planetas orbitando a su alrededor. Su investigaci\u00f3n, adem\u00e1s de lo que aporte a nuestro conocimiento, tiene adem\u00e1s una cierta dosis de morbo por\u00a0saber si alg\u00fan d\u00eda seremos capaces de encontrar alg\u00fan exoplaneta habitado. En esta charla hablaremos de los pioneros en la b\u00fasqueda de exoplanetas, de las diferentes t\u00e9cnicas utilizadas en su detecci\u00f3n, la forma de comprobar la existencia de atm\u00f3sfera y su composici\u00f3n, y analizaremos los par\u00e1metros que determinan su habitabilidad.<\/p>\n<p>Se recomienda acceder a la sala entre las 19:00 y las 19:15 h.<\/p>\n<p>M\u00e1s informaci\u00f3n, en <a href=\"https:\/\/astrocantabria.org\/\" target=\"_blank\" rel=\"nofollow noopener\">www.astrocantabria.es<\/a><\/p>\n<p>Entrada libre hasta completar aforo.<\/p>\n<p><strong>Centro Cultural Doctor Madrazo.<br \/>C\/ Casimiro Sainz s\/n, Santander.<br \/><\/strong><\/p>\n<ul>\n<li>(ITM recuerda que los contenidos de la Agenda se ofrecen a modo\u00a0 informativo, ITM no es responsable de las posibles cancelaciones, erratas o cambios en los eventos.\u00a0* La ubicaci\u00f3n en el mapa es orientativa, sugerimos la localizaci\u00f3n del lugar antes de realizar cualquier desplazamiento).<\/li>\n<\/ul>\n","protected":false},"excerpt":{"rendered":"A la caza de exoplanetas: Los safaris del siglo XXIAgrupaci\u00f3n Astron\u00f3mica C\u00e1ntabra Martes 2 de diciembre,\u00a019:30 h.Ponente:\u00a0Carlos B.&hellip;\n","protected":false},"author":2,"featured_media":266514,"comment_status":"","ping_status":"","sticky":false,"template":"","format":"standard","meta":{"footnotes":""},"categories":[81],"tags":[65914,65915,119,123,124,25,24,65916,117,121,122,23,118,120],"class_list":{"0":"post-266513","1":"post","2":"type-post","3":"status-publish","4":"format-standard","5":"has-post-thumbnail","7":"category-ciencia-y-tecnologia","8":"tag-a-la-caza-de-exoplanetas-los-safaris-del-siglo-xxi","9":"tag-agrupacion-astronomica-cantabra","10":"tag-ciencia","11":"tag-ciencia-y-tecnologia","12":"tag-cienciaytecnologia","13":"tag-es","14":"tag-espana","15":"tag-santander-cc-madrazo","16":"tag-science","17":"tag-science-and-technology","18":"tag-scienceandtechnology","19":"tag-spain","20":"tag-technology","21":"tag-tecnologia"},"share_on_mastodon":{"url":"https:\/\/pubeurope.com\/@es\/115647660943492555","error":""},"_links":{"self":[{"href":"https:\/\/www.europesays.com\/es\/wp-json\/wp\/v2\/posts\/266513","targetHints":{"allow":["GET"]}}],"collection":[{"href":"https:\/\/www.europesays.com\/es\/wp-json\/wp\/v2\/posts"}],"about":[{"href":"https:\/\/www.europesays.com\/es\/wp-json\/wp\/v2\/types\/post"}],"author":[{"embeddable":true,"href":"https:\/\/www.europesays.com\/es\/wp-json\/wp\/v2\/users\/2"}],"replies":[{"embeddable":true,"href":"https:\/\/www.europesays.com\/es\/wp-json\/wp\/v2\/comments?post=266513"}],"version-history":[{"count":0,"href":"https:\/\/www.europesays.com\/es\/wp-json\/wp\/v2\/posts\/266513\/revisions"}],"wp:featuredmedia":[{"embeddable":true,"href":"https:\/\/www.europesays.com\/es\/wp-json\/wp\/v2\/media\/266514"}],"wp:attachment":[{"href":"https:\/\/www.europesays.com\/es\/wp-json\/wp\/v2\/media?parent=266513"}],"wp:term":[{"taxonomy":"category","embeddable":true,"href":"https:\/\/www.europesays.com\/es\/wp-json\/wp\/v2\/categories?post=266513"},{"taxonomy":"post_tag","embeddable":true,"href":"https:\/\/www.europesays.com\/es\/wp-json\/wp\/v2\/tags?post=266513"}],"curies":[{"name":"wp","href":"https:\/\/api.w.org\/{rel}","templated":true}]}}