{"id":266517,"date":"2025-12-02T02:41:08","date_gmt":"2025-12-02T02:41:08","guid":{"rendered":"https:\/\/www.europesays.com\/es\/266517\/"},"modified":"2025-12-02T02:41:08","modified_gmt":"2025-12-02T02:41:08","slug":"miles-de-jovenes-de-alemania-ante-el-nuevo-servicio-militar-da-la-sensacion-de-que-se-avecina-una-guerra-y-eso-da-miedo-el-pais","status":"publish","type":"post","link":"https:\/\/www.europesays.com\/es\/266517\/","title":{"rendered":"Miles de j\u00f3venes de Alemania, ante el nuevo servicio militar: \u201cDa la sensaci\u00f3n de que se avecina una guerra, y eso da miedo\u201d &#8211; EL PA\u00cdS"},"content":{"rendered":"<ol>\n<li><a href=\"https:\/\/news.google.com\/rss\/articles\/CBMi_AFBVV95cUxQUFFzX2t6Q2phZEJTM01hdEFEdnZIeVZjSGRNZ21IaU8zMTJ4R3pmTkM5TGd1WWZtSmw2cm1vcERjMWJCUjVDbjc3QUl6SHVLNEE3OTQ1bmhKcDFvT0RhY1EweWpMTGdIdmZaWVN3R0VXSTFsZ0ttVzIwSEZBOVhZVGMySE1DT1I0eDEtQ3RGSnlpYWNmTEV6R1gyblJHNFZmS0hJZWIzVHhxX1FNSVI2Z2hVRmE0aUprOFpoc1NLdVpBZVY2aG1wSG11d04wbEoyVWlVaUZ6bVFNMDNOQlNlREg3NDhod2ZOaDZoX3lzY1NqclBobm9mOVJqUFM?oc=5\" target=\"_blank\" rel=\"nofollow noopener\">Miles de j\u00f3venes de Alemania, ante el nuevo servicio militar: \u201cDa la sensaci\u00f3n de que se avecina una guerra, y eso da miedo\u201d<\/a>&nbsp;&nbsp;EL PA\u00cdS<\/li>\n<li><a href=\"https:\/\/news.google.com\/rss\/articles\/CBMi3AFBVV95cUxQc0JoVS1nMHh2TExHNzg1M2ZFQVVQMzhGQlhqNExGNXNabWNsRzAwWHZiV2RSdTV3NmtCaHFYME1CeVljalNvdFE1VFNfcENUZk9TcTh5ZG5CZThPOGlDdjFqYnNXTTBpOXk1SlNUaEVod2xlRl9ZbWNwdDlnU0IzN2VVNnJhS0JMck1RR2Zvdmg1X3dlTVNQaUFQMW9kV0V2WUJJRUozb0h4UVlUeEVjMFp0X252TEFpckdPZW9HcW1oSTVFamd2N1FLb3JvWFN4a2FNYVJtX2haT0J3?oc=5\" target=\"_blank\" rel=\"nofollow noopener\">CEO de consorcio armamentista alem\u00e1n pide pensar a largo plazo en inversiones en Defensa Por EFE<\/a>&nbsp;&nbsp;Investing.com Espa\u00f1ol<\/li>\n<li><a href=\"https:\/\/news.google.com\/rss\/articles\/CBMipwFBVV95cUxOeEh5ODZhNFAyak5pQjNMUmZvTnBIZmRGVVhkcUhTdS1SeG8wR0hZRk93cU9EaV9uYjViUndoZm5DVG9sUTJaYV9uUVFrWDZ1VWFDcmdYVXhGTFNnX3hNN3hMNk93czZ2Z1RJUFVvcGx0RHFodlhtd2stS3VyYzFRSVR4aU1vczFlNEhMRkY0cWtQV0kyRkZPM2NqazI3N0p5VzJoTGUxMA?oc=5\" target=\"_blank\" rel=\"nofollow noopener\">Berl\u00edn apuesta por drones kamikaze y brigadas en su renovaci\u00f3n militar<\/a>&nbsp;&nbsp;Euronews.com<\/li>\n<li><a href=\"https:\/\/news.google.com\/rss\/articles\/CBMiqgFBVV95cUxQRzJqajR0alZSd1lXZmVhc2I3SUJDMTFkRlNuY3FDcG9VSlNyUUFtRWFKek9tOEtyVG5UWmI3Q2txZjlEU01GX2Nfd2dpQVNjejlsOGZLUUtQUEk5OWpuRUFrTnZtLS1FSmhramdMbEVNTllWeWtMM3Fnbm8zaEVFR08zUnZlT25KRG5WdWl0eGo4OHU5ZWd4TUYxY092Zjg1ZkZNdmNrdU81UQ?oc=5\" target=\"_blank\" rel=\"nofollow noopener\">\u00bfC\u00f3mo terminar\u00e1 otro giro estrat\u00e9gico alem\u00e1n?<\/a>&nbsp;&nbsp;XTB.com<\/li>\n<li><a href=\"https:\/\/news.google.com\/rss\/articles\/CBMimAFBVV95cUxOdkZjZ21kLThkWkMxeHFaMV9vbGFmcC1YQkoxMzNTTWd4cFFzX0JWNU9tYXRPbXFqVHE0YUJ5Y2NXbGZXeTZkcDhSeWNMZlpVbnR1eGYtbXlWWG80MW1jTUxFYjZHenU2eU9Za0UyLVQ5SU9CZHlzVkVpQTZLS3N4WWNsdWJtbGlnMnhBRHJjZlAxMFF6SlBOYQ?oc=5\" target=\"_blank\" rel=\"nofollow noopener\">Alemania quiere construir el ej\u00e9rcito m\u00e1s fuerte de Europa: un nuevo proyecto de ley de conscripci\u00f3n acerca ese objetivo<\/a>&nbsp;&nbsp;CNN en Espa\u00f1ol<\/li>\n<\/ol>\n","protected":false},"excerpt":{"rendered":"Miles de j\u00f3venes de Alemania, ante el nuevo servicio militar: \u201cDa la sensaci\u00f3n de que se avecina una&hellip;\n","protected":false},"author":2,"featured_media":248356,"comment_status":"","ping_status":"","sticky":false,"template":"","format":"standard","meta":{"footnotes":""},"categories":[42],"tags":[17,18,13,14,11,61,62,63,64,19,20,9,10,15,16,12,21,22,65,66,67],"class_list":{"0":"post-266517","1":"post","2":"type-post","3":"status-publish","4":"format-standard","5":"has-post-thumbnail","7":"category-internacional","8":"tag-breaking-news","9":"tag-breakingnews","10":"tag-featured-news","11":"tag-featurednews","12":"tag-headlines","13":"tag-internacional","14":"tag-international","15":"tag-international-news","16":"tag-internationalnews","17":"tag-latest-news","18":"tag-latestnews","19":"tag-news","20":"tag-noticias","21":"tag-noticias-destacadas","22":"tag-noticiasdestacadas","23":"tag-titulares","24":"tag-ultimas-noticias","25":"tag-ultimasnoticias","26":"tag-world","27":"tag-world-news","28":"tag-worldnews"},"share_on_mastodon":{"url":"https:\/\/pubeurope.com\/@es\/115647668823712079","error":""},"_links":{"self":[{"href":"https:\/\/www.europesays.com\/es\/wp-json\/wp\/v2\/posts\/266517","targetHints":{"allow":["GET"]}}],"collection":[{"href":"https:\/\/www.europesays.com\/es\/wp-json\/wp\/v2\/posts"}],"about":[{"href":"https:\/\/www.europesays.com\/es\/wp-json\/wp\/v2\/types\/post"}],"author":[{"embeddable":true,"href":"https:\/\/www.europesays.com\/es\/wp-json\/wp\/v2\/users\/2"}],"replies":[{"embeddable":true,"href":"https:\/\/www.europesays.com\/es\/wp-json\/wp\/v2\/comments?post=266517"}],"version-history":[{"count":0,"href":"https:\/\/www.europesays.com\/es\/wp-json\/wp\/v2\/posts\/266517\/revisions"}],"wp:featuredmedia":[{"embeddable":true,"href":"https:\/\/www.europesays.com\/es\/wp-json\/wp\/v2\/media\/248356"}],"wp:attachment":[{"href":"https:\/\/www.europesays.com\/es\/wp-json\/wp\/v2\/media?parent=266517"}],"wp:term":[{"taxonomy":"category","embeddable":true,"href":"https:\/\/www.europesays.com\/es\/wp-json\/wp\/v2\/categories?post=266517"},{"taxonomy":"post_tag","embeddable":true,"href":"https:\/\/www.europesays.com\/es\/wp-json\/wp\/v2\/tags?post=266517"}],"curies":[{"name":"wp","href":"https:\/\/api.w.org\/{rel}","templated":true}]}}