{"id":266518,"date":"2025-12-02T02:42:17","date_gmt":"2025-12-02T02:42:17","guid":{"rendered":"https:\/\/www.europesays.com\/es\/266518\/"},"modified":"2025-12-02T02:42:17","modified_gmt":"2025-12-02T02:42:17","slug":"las-bajas-bien-justificadas-no-tendran-problema-las-que-no-se-iniciara-un-expediente-disciplinario","status":"publish","type":"post","link":"https:\/\/www.europesays.com\/es\/266518\/","title":{"rendered":"\u00abLas bajas bien justificadas no tendr\u00e1n problema, las que no, se iniciar\u00e1 un expediente disciplinario\u00bb"},"content":{"rendered":"<p style=\"\">En su visita al convento de Santa In\u00e9s, el<strong> alcalde de Sevilla<\/strong> ha querido seguir manteniendo firme el pulso que el gobierno local tiene abierto con la <strong>Polic\u00eda Local<\/strong> a cuenta del <strong>boicot<\/strong> de este cuerpo al Plan de Navidad, m\u00e1xime  &#8230; tras la ausencia de nada menos que de 77 polic\u00edas locales en el turno del alumbrado de Navidad. A ello se se ha referido Jos\u00e9 Luis Sanz este lunes, indicando que desde el Consistorio hispalense se est\u00e1 estudiando cada caso en particular para ver si los agentes ausentes <strong>tienen justificado no haber acudido a su puesto<\/strong> de trabajo el pasado s\u00e1bado en un d\u00eda con una alt\u00edsima afluencia de p\u00fablico como lo fue aqu\u00e9l.<\/p>\n<p class=\"voc-p\" style=\"\">Al respecto explicaba Sanz que en primer t\u00e9rmino que \u00ab<strong>este fin de semana ha habido muchas bajas<\/strong>\u00bb, apuntaba. \u00abEn este momento, esta ma\u00f1ana de lunes se est\u00e1n analizando cu\u00e1l era el motivo de todas esas bajas, las justificaciones de todas esas bajas y a lo largo de esta ma\u00f1ana hay varias reuniones previstas para ver si se puede llevar a cabo alg\u00fan tipo de actuaci\u00f3n judicial, aparte de abrir <strong>expedientes disciplinario<\/strong>s a aquellos que no tengan bien justificadas las bajas, qu\u00e9 tipo de actuaciones judiciales se pueden llevar a cabo\u00bb, manifestaba en ese mismo sentido el primer edil.<\/p>\n<p class=\"voc-p\" style=\"\">Cuestionado por la posibilidad de que algunas notificaciones no pudieran llegarles a los agentes al llegar s\u00f3lo por cauces municipales, Sanz reiter\u00f3 que \u00aba lo largo de esta ma\u00f1ana, <strong>se est\u00e1n estudiando todas esas bajas<\/strong>, las que est\u00e9n bien justificadas no tendr\u00edan ning\u00fan problema y las que no est\u00e9n bien justificadas, pues, insisto, se iniciar\u00e1 un expediente disciplinario\u00bb, lamentaba en ese mismo sentido el propio Sanz a los medios de comunicaci\u00f3n.<\/p>\n<p>\n\u00abSe est\u00e1 hablando con la Mutua\u00bb\n<\/p>\n<p class=\"voc-p\" style=\"\">Este peri\u00f3dico le preguntaba entonces a Sanz si de las 77 bajas de las 115 previstas en el turno de la tarde del s\u00e1bado de la Polic\u00eda Local de Sevilla, el m\u00e1ximo responsable municipal no ten\u00eda acceso a la cifra actualizada de qu\u00e9 bajas s\u00ed han sido justificadas correctamente al estar trabaj\u00e1ndose en esa misma circunstancia. \u00abS\u00e1bado y domingo no se ha podido hacer, as\u00ed que esta ma\u00f1ana<strong> se est\u00e1 hablando con la Mutua<\/strong> y se est\u00e1 analizando una por una todas las justificaciones o bajas que se han concedido\u00bb, se\u00f1alaba.<\/p>\n<p class=\"voc-p\" style=\"\">Al hilo de todo ello, el alcalde de Sevilla no dejaba de apelar a la responsabilidad de los agentes: \u00abAfortunadamente, la responsabilidad de los sevillanos est\u00e1 siempre por encima de la sensatez y la templanza. Es una ciudad que sabe manejar este tipo de grandes eventos, pero s\u00ed que es verdad que ha habido algunos problemas\u00bb, valoraba, sobre algunas incidencias, no sin volver a tender la mano a los propios polic\u00edas: <strong>\u00abYo hago un llamamiento a la responsabilidad\u00bb.<\/strong><\/p>\n<p class=\"voc-p\" style=\"\">No negaba pese a todo el primer edil que su intenci\u00f3n sigue siendo escuchar a este colectivo que vela por la seguridad de sevillanos y visitantes. \u00ab<strong>Los sindicatos plantearon un plan que estaba por encima de la ley<\/strong> porque hay un tope de horas legales de productividad que puede pagar el Ayuntamiento de Sevilla. Hay que esperar al 1 de enero del 2026 para entrar en otro. El Ayuntamiento puso un plan encima de la mesa que supon\u00eda en vez de cobrar X, cobrar X menos 1. E incomprensiblemente los sindicatos, <strong>apoyados por el resto de la oposici\u00f3n<\/strong> que votaron que no se hac\u00eda el plan, han retrotra\u00eddo la Polic\u00eda Local a un plan del a\u00f1o 2004\u00bb, lamentaba.<\/p>\n<p class=\"voc-p\" style=\"\">Sin se\u00f1alar si habr\u00e1 un nuevo acercamiento entre las partes, Sanz precis\u00f3 que desde el Gobierno Local <strong>se est\u00e1 siempre abierto a un nuevo entendimiento<\/strong>, y no reconoci\u00f3 temor alguno a que ocurriera algo, dice, pese a que hubo miles de sevillanos entre los puntos clave que son la avenida Constituci\u00f3n, la Plaza de San Francisco y Plaza Nueva. \u00abTemor no, porque hubo dispositivos de Protecci\u00f3n Civil, tambi\u00e9n <strong>un n\u00famero importante de Polic\u00eda Nacional<\/strong>, pero insisto, hago un llamamiento a la responsabilidad, a la profesionalidad y a la vocaci\u00f3n de servicio p\u00fablico\u00bb, establec\u00eda, refiri\u00e9ndose impl\u00edcitamente a la Polic\u00eda Local de Sevilla.<\/p>\n","protected":false},"excerpt":{"rendered":"En su visita al convento de Santa In\u00e9s, el alcalde de Sevilla ha querido seguir manteniendo firme el&hellip;\n","protected":false},"author":2,"featured_media":266519,"comment_status":"","ping_status":"","sticky":false,"template":"","format":"standard","meta":{"footnotes":""},"categories":[8],"tags":[64351,3272,8917,14649,17,18,17797,25,24,11569,13,14,11,15021,2467,64577,19,20,7820,2951,9,10,15,16,15118,9632,7457,57,23,12,21,22],"class_list":{"0":"post-266518","1":"post","2":"type-post","3":"status-publish","4":"format-standard","5":"has-post-thumbnail","7":"category-espana","8":"tag-alumbrado","9":"tag-ausencia","10":"tag-bajas","11":"tag-bien","12":"tag-breaking-news","13":"tag-breakingnews","14":"tag-disciplinario","15":"tag-es","16":"tag-espana","17":"tag-expediente","18":"tag-featured-news","19":"tag-featurednews","20":"tag-headlines","21":"tag-iniciara","22":"tag-jose","23":"tag-justificadas","24":"tag-latest-news","25":"tag-latestnews","26":"tag-luis","27":"tag-navidad","28":"tag-news","29":"tag-noticias","30":"tag-noticias-destacadas","31":"tag-noticiasdestacadas","32":"tag-policial","33":"tag-problema","34":"tag-sanz","35":"tag-sobre","36":"tag-spain","37":"tag-titulares","38":"tag-ultimas-noticias","39":"tag-ultimasnoticias"},"share_on_mastodon":{"url":"https:\/\/pubeurope.com\/@es\/115647672684502787","error":""},"_links":{"self":[{"href":"https:\/\/www.europesays.com\/es\/wp-json\/wp\/v2\/posts\/266518","targetHints":{"allow":["GET"]}}],"collection":[{"href":"https:\/\/www.europesays.com\/es\/wp-json\/wp\/v2\/posts"}],"about":[{"href":"https:\/\/www.europesays.com\/es\/wp-json\/wp\/v2\/types\/post"}],"author":[{"embeddable":true,"href":"https:\/\/www.europesays.com\/es\/wp-json\/wp\/v2\/users\/2"}],"replies":[{"embeddable":true,"href":"https:\/\/www.europesays.com\/es\/wp-json\/wp\/v2\/comments?post=266518"}],"version-history":[{"count":0,"href":"https:\/\/www.europesays.com\/es\/wp-json\/wp\/v2\/posts\/266518\/revisions"}],"wp:featuredmedia":[{"embeddable":true,"href":"https:\/\/www.europesays.com\/es\/wp-json\/wp\/v2\/media\/266519"}],"wp:attachment":[{"href":"https:\/\/www.europesays.com\/es\/wp-json\/wp\/v2\/media?parent=266518"}],"wp:term":[{"taxonomy":"category","embeddable":true,"href":"https:\/\/www.europesays.com\/es\/wp-json\/wp\/v2\/categories?post=266518"},{"taxonomy":"post_tag","embeddable":true,"href":"https:\/\/www.europesays.com\/es\/wp-json\/wp\/v2\/tags?post=266518"}],"curies":[{"name":"wp","href":"https:\/\/api.w.org\/{rel}","templated":true}]}}