{"id":266520,"date":"2025-12-02T02:48:19","date_gmt":"2025-12-02T02:48:19","guid":{"rendered":"https:\/\/www.europesays.com\/es\/266520\/"},"modified":"2025-12-02T02:48:19","modified_gmt":"2025-12-02T02:48:19","slug":"gran-actuacion-del-ibiza-beach-tennis-en-melilla","status":"publish","type":"post","link":"https:\/\/www.europesays.com\/es\/266520\/","title":{"rendered":"Gran actuaci\u00f3n del Ibiza Beach Tennis en Melilla"},"content":{"rendered":"<p>El equipo de Ibiza Beach Tennis, perteneciente al Club de Tenis Santa Eulalia, firm\u00f3 un brillante papel en el Masters de la Liga Mapfre disputado el fin de semana en Melilla, donde sus jugadores lograron varios t\u00edtulos y podios que situaron al club entre los mejores del torneo.<\/p>\n<p><strong>Guillermo Vallmitjana<\/strong> complet\u00f3 una actuaci\u00f3n sobresaliente al proclamarse <strong>m<\/strong><strong>aestro y campe\u00f3n en las categor\u00edas +30 y +40<\/strong>. En +30, form\u00f3 pareja con Charles Blais (Castelldefels) y se impuso en la final a Josep Juaneda y Luciano Mart\u00ednez por 6-2 y 6-1. En +40, junto a Juan Murueta, volvi\u00f3 a superar a Juaneda y Mart\u00ednez en una final muy disputada que se resolvi\u00f3 por 6-0, 1-6 y 10-4 en el \u2018super tie-break\u2019. Adem\u00e1s, firm\u00f3 un <strong>cuarto puesto en Mixta +30<\/strong>.<\/p>\n<p>Tiara Vallmitjana sigue creciendo<\/p>\n<p>Por su parte, la joven <strong>Tiara Vallmitjana<\/strong> brill\u00f3 en categor\u00edas base al proclamarse <strong>ma<\/strong><strong>estra y campeona de la Copa en <\/strong><strong>s<\/strong><strong>ub-14 femenina<\/strong>. Complet\u00f3 su actuaci\u00f3n con un <strong>tercer puesto en <\/strong><strong>s<\/strong><strong>ub-18 femenina<\/strong> y un <strong>subcampeonato en <\/strong><strong>s<\/strong><strong>ub-14 individual<\/strong>.<\/p>\n<p>Por \u00faltimo, <strong>Tim Vallmitjana <\/strong>tambi\u00e9n subi\u00f3 al podio al lograr el <strong>subcampeonato en <\/strong><strong>s<\/strong><strong>ub-14<\/strong>, formando pareja con Pedro Alonso (Almer\u00eda). Cayeron en la final ante Liberto Amate y N\u00e9stor Santana por 7-3 en el \u2018tie-break\u2019, un resultado de gran m\u00e9rito teniendo en cuenta que Tim compiti\u00f3 con apenas <strong>diez a\u00f1os<\/strong>.<\/p>\n","protected":false},"excerpt":{"rendered":"El equipo de Ibiza Beach Tennis, perteneciente al Club de Tenis Santa Eulalia, firm\u00f3 un brillante papel en&hellip;\n","protected":false},"author":2,"featured_media":266521,"comment_status":"","ping_status":"","sticky":false,"template":"","format":"standard","meta":{"footnotes":""},"categories":[274],"tags":[10586,168,25,24,23,167,327,326],"class_list":{"0":"post-266520","1":"post","2":"type-post","3":"status-publish","4":"format-standard","5":"has-post-thumbnail","7":"category-tenis","8":"tag-deporte-ibiza","9":"tag-deportes","10":"tag-es","11":"tag-espana","12":"tag-spain","13":"tag-sports","14":"tag-tenis","15":"tag-tennis"},"share_on_mastodon":{"url":"https:\/\/pubeurope.com\/@es\/115647696256131639","error":""},"_links":{"self":[{"href":"https:\/\/www.europesays.com\/es\/wp-json\/wp\/v2\/posts\/266520","targetHints":{"allow":["GET"]}}],"collection":[{"href":"https:\/\/www.europesays.com\/es\/wp-json\/wp\/v2\/posts"}],"about":[{"href":"https:\/\/www.europesays.com\/es\/wp-json\/wp\/v2\/types\/post"}],"author":[{"embeddable":true,"href":"https:\/\/www.europesays.com\/es\/wp-json\/wp\/v2\/users\/2"}],"replies":[{"embeddable":true,"href":"https:\/\/www.europesays.com\/es\/wp-json\/wp\/v2\/comments?post=266520"}],"version-history":[{"count":0,"href":"https:\/\/www.europesays.com\/es\/wp-json\/wp\/v2\/posts\/266520\/revisions"}],"wp:featuredmedia":[{"embeddable":true,"href":"https:\/\/www.europesays.com\/es\/wp-json\/wp\/v2\/media\/266521"}],"wp:attachment":[{"href":"https:\/\/www.europesays.com\/es\/wp-json\/wp\/v2\/media?parent=266520"}],"wp:term":[{"taxonomy":"category","embeddable":true,"href":"https:\/\/www.europesays.com\/es\/wp-json\/wp\/v2\/categories?post=266520"},{"taxonomy":"post_tag","embeddable":true,"href":"https:\/\/www.europesays.com\/es\/wp-json\/wp\/v2\/tags?post=266520"}],"curies":[{"name":"wp","href":"https:\/\/api.w.org\/{rel}","templated":true}]}}