{"id":266524,"date":"2025-12-02T02:52:14","date_gmt":"2025-12-02T02:52:14","guid":{"rendered":"https:\/\/www.europesays.com\/es\/266524\/"},"modified":"2025-12-02T02:52:14","modified_gmt":"2025-12-02T02:52:14","slug":"andres-merello-nuevo-director-de-comunicacion-del-espanyol","status":"publish","type":"post","link":"https:\/\/www.europesays.com\/es\/266524\/","title":{"rendered":"Andr\u00e9s Merello, nuevo director de comunicaci\u00f3n del Espanyol"},"content":{"rendered":"<p>El <strong>Espanyol<\/strong> acaba de informar que <strong>Andr\u00e9s Merello<\/strong> asume la direcci\u00f3n de comunicaci\u00f3n del club, la cual se encontraba hasta ahora en manos de<strong> Xavier Andreu<\/strong>. Durante los pr\u00f3ximos meses se llevar\u00e1 a cabo una transici\u00f3n en el puesto, ya que <strong>Andreu<\/strong> seguir\u00e1 en la entidad espanyolista como director de relaciones institucionales y portavoz. Un puesto que tambi\u00e9n desempa\u00f1aba hasta la fecha, y que ha logrado situar al <strong>Espanyol<\/strong> nuevamente en el d\u00eda a d\u00eda de <strong>Barcelona<\/strong>, <strong>Catalunya<\/strong> y el resto de <strong>Espa\u00f1a<\/strong>. Un claro ejemplo fue la gran repercusi\u00f3n que han tenido los actos del <strong>125 aniversario<\/strong>.\u00a0<\/p>\n<p><strong>Andr\u00e9s Merello<\/strong> entr\u00f3 en el club de la mano de <strong>Xavier Andreu<\/strong>, por lo que es una persona de su plena confianza. Persona conocedora de la realidad del club blanquiazul y que afronta con ilusi\u00f3n una nueva etapa en el <strong>Espanyol<\/strong>, con nuevas din\u00e1micas y donde la comunicaci\u00f3n es b\u00e1sica.<\/p>\n","protected":false},"excerpt":{"rendered":"El Espanyol acaba de informar que Andr\u00e9s Merello asume la direcci\u00f3n de comunicaci\u00f3n del club, la cual se&hellip;\n","protected":false},"author":2,"featured_media":266525,"comment_status":"","ping_status":"","sticky":false,"template":"","format":"standard","meta":{"footnotes":""},"categories":[268],"tags":[168,25,24,280,282,281,23,167],"class_list":{"0":"post-266524","1":"post","2":"type-post","3":"status-publish","4":"format-standard","5":"has-post-thumbnail","7":"category-futbol","8":"tag-deportes","9":"tag-es","10":"tag-espana","11":"tag-football","12":"tag-futbol","13":"tag-soccer","14":"tag-spain","15":"tag-sports"},"share_on_mastodon":{"url":"https:\/\/pubeurope.com\/@es\/115647712166248094","error":""},"_links":{"self":[{"href":"https:\/\/www.europesays.com\/es\/wp-json\/wp\/v2\/posts\/266524","targetHints":{"allow":["GET"]}}],"collection":[{"href":"https:\/\/www.europesays.com\/es\/wp-json\/wp\/v2\/posts"}],"about":[{"href":"https:\/\/www.europesays.com\/es\/wp-json\/wp\/v2\/types\/post"}],"author":[{"embeddable":true,"href":"https:\/\/www.europesays.com\/es\/wp-json\/wp\/v2\/users\/2"}],"replies":[{"embeddable":true,"href":"https:\/\/www.europesays.com\/es\/wp-json\/wp\/v2\/comments?post=266524"}],"version-history":[{"count":0,"href":"https:\/\/www.europesays.com\/es\/wp-json\/wp\/v2\/posts\/266524\/revisions"}],"wp:featuredmedia":[{"embeddable":true,"href":"https:\/\/www.europesays.com\/es\/wp-json\/wp\/v2\/media\/266525"}],"wp:attachment":[{"href":"https:\/\/www.europesays.com\/es\/wp-json\/wp\/v2\/media?parent=266524"}],"wp:term":[{"taxonomy":"category","embeddable":true,"href":"https:\/\/www.europesays.com\/es\/wp-json\/wp\/v2\/categories?post=266524"},{"taxonomy":"post_tag","embeddable":true,"href":"https:\/\/www.europesays.com\/es\/wp-json\/wp\/v2\/tags?post=266524"}],"curies":[{"name":"wp","href":"https:\/\/api.w.org\/{rel}","templated":true}]}}