{"id":266526,"date":"2025-12-02T02:53:10","date_gmt":"2025-12-02T02:53:10","guid":{"rendered":"https:\/\/www.europesays.com\/es\/266526\/"},"modified":"2025-12-02T02:53:10","modified_gmt":"2025-12-02T02:53:10","slug":"de-khaite-a-jacquemus-asi-ha-conseguido-jennifer-lawrence-el-estilo-mas-deseado-de-2025","status":"publish","type":"post","link":"https:\/\/www.europesays.com\/es\/266526\/","title":{"rendered":"De Khaite a Jacquemus: as\u00ed ha conseguido Jennifer Lawrence el estilo m\u00e1s deseado de 2025"},"content":{"rendered":"<p>Con 25 a\u00f1os <a href=\"https:\/\/www.revistavanityfair.es\/articulos\/jennifer-lawrence-entrevista-maternidad-depresion-posparto-die-my-love\" rel=\"nofollow noopener\" target=\"_blank\"><strong>Jennifer Lawrence<\/strong><\/a> ya hab\u00eda sido nominada dos veces al Oscar, hab\u00eda ganado uno y era la mujer mejor pagada de Hollywood. Diez a\u00f1os despu\u00e9s, con solo 35, ya ha recibido un premio a su trayectoria. Fue el pasado mes de septiembre en el Festival de cine de San Sebasti\u00e1n, donde la actriz recibi\u00f3 el Premio Donostia y caus\u00f3 la expectaci\u00f3n que siempre acompa\u00f1a a las grandes estrellas all\u00e1 donde van. Su presencia en cualquier alfombra roja levanta tanta admiraci\u00f3n como sus interpretaciones en la gran pantalla y durante la promoci\u00f3n de su nuevo trabajo ha dejado patente que Lawrence adem\u00e1s de posicionarse como una de las mejores actrices de su generaci\u00f3n, ha configurado tambi\u00e9n un estilo propio que va de lo ultra sofisticado a lo vanguardista de una manera natural sorprendente. En Die my love, la adaptaci\u00f3n de la novela M\u00e1tate, amor de la argentina <strong>Ariana Harwicz<\/strong>, Jennifer Lawrence se mete en la piel de su protagonista y es tambi\u00e9n productora de la cinta. Con ella ha estado visitando plat\u00f3s y alfombras rojas en los \u00faltimos meses, alternando dise\u00f1os de <strong>Dior<\/strong>, marca de la que es embajadora, con firmas conocidas por sus dise\u00f1os minimalistas y contempor\u00e1neos.<\/p>\n<p>Una de ellas la eligi\u00f3 precisamente para su paso por el Festival de cine de San Sebasti\u00e1n. Para sus dos posados en Donosti recurri\u00f3 a <a href=\"https:\/\/www.revistavanityfair.es\/articulos\/phoebe-philo-regreso-marca-propia\" rel=\"nofollow noopener\" target=\"_blank\"><strong>Phoebe Philo<\/strong><\/a>, m\u00e1ximo exponente del lujo silencioso y una de las voces m\u00e1s influyentes de la moda de las \u00faltimas d\u00e9cadas. Para recoger el premio por su trayectoria, Lawrence sorprendi\u00f3 con un vestido en verde militar, con hombros muy marcados, una manga larga y otra corta y una abertura en el costado y la espalda.<\/p>\n<p><img decoding=\"async\" alt=\"Jennifer Lawrence\" loading=\"lazy\" class=\"ResponsiveImageContainer-eNxvmU cfBbTk responsive-image__image\"   src=\"https:\/\/www.europesays.com\/es\/wp-content\/uploads\/2025\/12\/GettyImages-2237563479.jpg\"\/><\/p>\n<p>Carlos Alvarez\/Getty Images<\/p>\n<p>Lo combin\u00f3 con zapatos-calcet\u00edn de la marca, firmando una de los estilismos m\u00e1s originales de la gala, alejado del cl\u00e1sico vestido de alfombra roja. Por la ma\u00f1ana tambi\u00e9n impact\u00f3 en la presentaci\u00f3n llevando otra creaci\u00f3n de la dise\u00f1adora brit\u00e1nica: una blusa de manga corta con una larga cola y unos pantalones holgados de una sofisticaci\u00f3n sobria deslumbrante.<\/p>\n","protected":false},"excerpt":{"rendered":"Con 25 a\u00f1os Jennifer Lawrence ya hab\u00eda sido nominada dos veces al Oscar, hab\u00eda ganado uno y era&hellip;\n","protected":false},"author":2,"featured_media":266527,"comment_status":"","ping_status":"","sticky":false,"template":"","format":"standard","meta":{"footnotes":""},"categories":[174],"tags":[255,146,147,25,24,256,22405,23],"class_list":{"0":"post-266526","1":"post","2":"type-post","3":"status-publish","4":"format-standard","5":"has-post-thumbnail","7":"category-famosos","8":"tag-celebrities","9":"tag-entertainment","10":"tag-entretenimiento","11":"tag-es","12":"tag-espana","13":"tag-famosos","14":"tag-jennifer-lawrence","15":"tag-spain"},"share_on_mastodon":{"url":"https:\/\/pubeurope.com\/@es\/115647716267132194","error":""},"_links":{"self":[{"href":"https:\/\/www.europesays.com\/es\/wp-json\/wp\/v2\/posts\/266526","targetHints":{"allow":["GET"]}}],"collection":[{"href":"https:\/\/www.europesays.com\/es\/wp-json\/wp\/v2\/posts"}],"about":[{"href":"https:\/\/www.europesays.com\/es\/wp-json\/wp\/v2\/types\/post"}],"author":[{"embeddable":true,"href":"https:\/\/www.europesays.com\/es\/wp-json\/wp\/v2\/users\/2"}],"replies":[{"embeddable":true,"href":"https:\/\/www.europesays.com\/es\/wp-json\/wp\/v2\/comments?post=266526"}],"version-history":[{"count":0,"href":"https:\/\/www.europesays.com\/es\/wp-json\/wp\/v2\/posts\/266526\/revisions"}],"wp:featuredmedia":[{"embeddable":true,"href":"https:\/\/www.europesays.com\/es\/wp-json\/wp\/v2\/media\/266527"}],"wp:attachment":[{"href":"https:\/\/www.europesays.com\/es\/wp-json\/wp\/v2\/media?parent=266526"}],"wp:term":[{"taxonomy":"category","embeddable":true,"href":"https:\/\/www.europesays.com\/es\/wp-json\/wp\/v2\/categories?post=266526"},{"taxonomy":"post_tag","embeddable":true,"href":"https:\/\/www.europesays.com\/es\/wp-json\/wp\/v2\/tags?post=266526"}],"curies":[{"name":"wp","href":"https:\/\/api.w.org\/{rel}","templated":true}]}}