{"id":266528,"date":"2025-12-02T02:56:12","date_gmt":"2025-12-02T02:56:12","guid":{"rendered":"https:\/\/www.europesays.com\/es\/266528\/"},"modified":"2025-12-02T02:56:12","modified_gmt":"2025-12-02T02:56:12","slug":"vamos-a-equilibrar-las-cosas","status":"publish","type":"post","link":"https:\/\/www.europesays.com\/es\/266528\/","title":{"rendered":"Vamos a equilibrar las cosas"},"content":{"rendered":"<p class=\"article-text\">\n        Este lunes, la secci\u00f3n de <strong>Jorge Ponce<\/strong> en<strong> La Revuelta<\/strong> no gust\u00f3 nada a <strong>David Broncano<\/strong> porque celebr\u00f3 el primer el inventado <strong>D\u00eda de No Broncano<\/strong>. El colaborador argument\u00f3 dicha \u201cfestividad\u201d bromeando con la actitud del presentador:\n    <\/p>\n<p>    <a href=\"https:\/\/www.eldiario.es\/vertele\/noticias\/revuelta-envio-mensaje-animo-buenafuente-paron-prescripcion-medica-recuperacio_1_12803684.html\" data-mrf-recirculation=\"saber-mas\" data-dl-event=\"saber-mas\" rel=\"nofollow noopener\" target=\"_blank\"><\/p>\n<p class=\"know-more__title\">&#8216;La Revuelta&#8217; envi\u00f3 un mensaje de \u00e1nimo a Buenafuente tras su par\u00f3n por prescripci\u00f3n m\u00e9dica: \u00abEst\u00e1 en &#8216;la recuperasi\u00f3'\u00bb<\/p>\n<p>            <img decoding=\"async\" class=\"lazy\" loading=\"lazy\" data-src=\"https:\/\/static.eldiario.es\/clip\/d076d20f-a7f9-43b2-9e96-c2b41e00365f_16-9-aspect-ratio_default_0.jpg\" src=\"data:image\/svg+xml,%3Csvg xmlns=\" http:=\"\" viewbox=\"0 0 880 495\" alt=\"'La Revuelta' envi\u00f3 un mensaje de \u00e1nimo a Buenafuente tras su par\u00f3n por prescripci\u00f3n m\u00e9dica: &quot;Est\u00e1 en 'la recuperasi\u00f3'&quot;\"\/><\/p>\n<p>                        <\/a><\/p>\n<p class=\"article-text\">\n        \u201cSiempre llegas tarde, <strong>Javier Cercas<\/strong> dijo que te iba a proponer como catedr\u00e1tico de la RAE, te han regalado un meteorito, un caballo, has jugado al basket con <strong>Scottie Pippen<\/strong>, ganaste a <strong>Rafa Nadal,<\/strong> apareces en los r\u00f3tulos como almirante, te hacen esculturas, <strong>Rosal\u00eda<\/strong> te trajo un bizcocho&#8230;\u201d enumer\u00f3 Ponce para concluir que el presentador lleva<strong> un \u201cimpresionante nivel de flipaderas\u201d. <\/strong>\n    <\/p>\n<p class=\"article-text\">\n        Una situaci\u00f3n que lleg\u00f3 al l\u00edmite con los compa\u00f1eros cuando Broncano pregunt\u00f3 en un grupo de WhatsApp si \u201c<strong>alguien m\u00e1s estaba invitado a una fiesta en un castillo\u201d<\/strong>. Una cuesti\u00f3n que indign\u00f3 a todos: \u201c\u00bfC\u00f3mo te crees t\u00fa que vive la gente yendo a fiestas en castillos? Tu vida todos los d\u00edas es un cumplea\u00f1os, pr\u00e1cticamente\u201d, critic\u00f3.\n    <\/p>\n<p class=\"article-text\">\n        Y concluy\u00f3: \u201cComo todos tus d\u00edas son as\u00ed, vamos a tratar de equilibrar las cosas y hoy, 1 de diciembre, inauguramos el primer D\u00eda de No Broncano. <strong>\u00a1Felicidades a todos los que no sois Broncano!\u201d<\/strong>, exclam\u00f3 Ponce ante el asombro del presentador, que lamentaba los aplausos: \u201cPara m\u00ed hoy es un d\u00eda triste. No me est\u00e1 gustando\u201d.\n    <\/p>\n<blockquote class=\"twitter-tweet\" data-lang=\"es\"><p><a href=\"https:\/\/twitter.com\/X\/status\/1995602806519333318?ref_src=twsrc%5Etfw\" rel=\"nofollow noopener\" target=\"_blank\"><\/p><\/blockquote>\n<p class=\"article-text\">\n        Le hicieron hasta ponerse una gorra que dec\u00eda \u201cHoy no\u201d. Y <strong>para dejar de alimentar su ego<\/strong>, sacaron su imagen de la cabecera del programa, para poner la silueta de una se\u00f1ora. Mostraron hasta la grabaci\u00f3n en croma que hab\u00eda hecho la mujer.\n    <\/p>\n<p>    <a href=\"https:\/\/www.eldiario.es\/vertele\/noticias\/alba-flores-confeso-atraccion-henar-alvarez-cielo-nerviosa-crush_1_12809523.html\" data-mrf-recirculation=\"saber-mas-abajo\" data-dl-event=\"saber-mas-abajo\" rel=\"nofollow noopener\" target=\"_blank\"><\/p>\n<p class=\"know-more__title\">Alba Flores confes\u00f3 su atracci\u00f3n por Henar \u00c1lvarez en &#8216;Al cielo con ella&#8217;: \u201cEstoy muy nerviosa porque eres mi crush\u201d<\/p>\n<p>            <img decoding=\"async\" class=\"lazy\" loading=\"lazy\" data-src=\"https:\/\/static.eldiario.es\/clip\/e97d6287-0c05-4439-a722-8b95658bedcc_16-9-aspect-ratio_default_0.jpg\" src=\"data:image\/svg+xml,%3Csvg xmlns=\" http:=\"\" viewbox=\"0 0 880 495\" alt=\"Alba Flores confes\u00f3 su atracci\u00f3n por Henar \u00c1lvarez en 'Al cielo con ella': &quot;Estoy muy nerviosa porque eres mi crush&quot;\"\/><\/p>\n<p>                        <\/a><\/p>\n<p class=\"article-text\">\n        Para acabar, Ponce entreg\u00f3 a todo el p\u00fablico unas pulseras que se iluminaban mientras mov\u00edan las manos, y a Broncano le dio otra que se puso, pero era la \u00fanica que no daba luz. El d\u00eda m\u00e1s triste de sus \u00faltimos meses.\n    <\/p>\n<p>                                <script async src=\"https:\/\/platform.twitter.com\/widgets.js\" charset=\"utf-8\"><\/script><\/p>\n","protected":false},"excerpt":{"rendered":"Este lunes, la secci\u00f3n de Jorge Ponce en La Revuelta no gust\u00f3 nada a David Broncano porque celebr\u00f3&hellip;\n","protected":false},"author":2,"featured_media":266529,"comment_status":"","ping_status":"","sticky":false,"template":"","format":"standard","meta":{"footnotes":""},"categories":[171],"tags":[13289,58083,19922,2429,978,14109,146,147,65917,25,24,12109,528,23,214],"class_list":{"0":"post-266528","1":"post","2":"type-post","3":"status-publish","4":"format-standard","5":"has-post-thumbnail","7":"category-tv","8":"tag-broncano","9":"tag-cabecera","10":"tag-cosas","11":"tag-david","12":"tag-dia","13":"tag-elimino","14":"tag-entertainment","15":"tag-entretenimiento","16":"tag-equilibrar","17":"tag-es","18":"tag-espana","19":"tag-razon","20":"tag-revuelta","21":"tag-spain","22":"tag-tv"},"share_on_mastodon":{"url":"https:\/\/pubeurope.com\/@es\/115647727751116017","error":""},"_links":{"self":[{"href":"https:\/\/www.europesays.com\/es\/wp-json\/wp\/v2\/posts\/266528","targetHints":{"allow":["GET"]}}],"collection":[{"href":"https:\/\/www.europesays.com\/es\/wp-json\/wp\/v2\/posts"}],"about":[{"href":"https:\/\/www.europesays.com\/es\/wp-json\/wp\/v2\/types\/post"}],"author":[{"embeddable":true,"href":"https:\/\/www.europesays.com\/es\/wp-json\/wp\/v2\/users\/2"}],"replies":[{"embeddable":true,"href":"https:\/\/www.europesays.com\/es\/wp-json\/wp\/v2\/comments?post=266528"}],"version-history":[{"count":0,"href":"https:\/\/www.europesays.com\/es\/wp-json\/wp\/v2\/posts\/266528\/revisions"}],"wp:featuredmedia":[{"embeddable":true,"href":"https:\/\/www.europesays.com\/es\/wp-json\/wp\/v2\/media\/266529"}],"wp:attachment":[{"href":"https:\/\/www.europesays.com\/es\/wp-json\/wp\/v2\/media?parent=266528"}],"wp:term":[{"taxonomy":"category","embeddable":true,"href":"https:\/\/www.europesays.com\/es\/wp-json\/wp\/v2\/categories?post=266528"},{"taxonomy":"post_tag","embeddable":true,"href":"https:\/\/www.europesays.com\/es\/wp-json\/wp\/v2\/tags?post=266528"}],"curies":[{"name":"wp","href":"https:\/\/api.w.org\/{rel}","templated":true}]}}