{"id":266530,"date":"2025-12-02T02:58:05","date_gmt":"2025-12-02T02:58:05","guid":{"rendered":"https:\/\/www.europesays.com\/es\/266530\/"},"modified":"2025-12-02T02:58:05","modified_gmt":"2025-12-02T02:58:05","slug":"forbes-desvela-que-supergirl-tendra-el-mismo-presupuesto-que-superman-pero-james-gunn-lo-niega-no-es-ni-remotamente-cierto-hobbyconsolas-com","status":"publish","type":"post","link":"https:\/\/www.europesays.com\/es\/266530\/","title":{"rendered":"Forbes desvela que Supergirl tendr\u00e1 el mismo presupuesto que Superman, pero James Gunn lo niega: &quot;no es ni remotamente cierto&quot; &#8211; hobbyconsolas.com"},"content":{"rendered":"<ol>\n<li><a href=\"https:\/\/news.google.com\/rss\/articles\/CBMigAJBVV95cUxOSWs5TTlNZnFBT19FQ1ZBS1hHeXNycEFBd19JcTFLVkQ0RE9DT0V2WkJfd3d1VlkwM01xR0xhZWxfZnFMd2gyY2pQTk9HdTczY0xpcUJCendZV0VyYlI4WDFMaktURU00WUY3b2VYbjBCX19MTkZTVFFia3Z2Q0UxMkJnb3Y1YWRsdk5lTkN0WWlrbFJfQ3FVY2x2cENzM1NrYWl2d29yUnpUWlc4amFyZHdTcFNqN1Fad3hpVlRibHZXdVNnTlJfT0xGOHBVUzZvTV9xeGw1NFZheGgwQWhobndGeGJsc1dKclM3dS03STlVbkRJVFM5Mk1sRHBTV1J3?oc=5\" target=\"_blank\" rel=\"nofollow noopener\">Forbes desvela que Supergirl tendr\u00e1 el mismo presupuesto que Superman, pero James Gunn lo niega: \u00abno es ni remotamente cierto\u00bb<\/a>&nbsp;&nbsp;hobbyconsolas.com<\/li>\n<li><a href=\"https:\/\/news.google.com\/rss\/articles\/CBMiuAFBVV95cUxQa3RoTFZjOWJqN3Fsd05hN0hvdTItb2t0dDFscTRxLWctSGVPRkZVMzZvdkJVRnpNQnllYWNJVlpCVGptZE14QkRLRGI3TndBOFdJR29YVHhLMGRZQzltUW9LMTZTWmV3N2I2MmdicE1LZkc4aWFVcC0xQ29aTTY5dkhJMFZwc3l4NENtTnRSU0ozT1A1ZHRRclpZQnN1SzRBci01OXN1amJxemFwWjNDRGRUV29tTm9q?oc=5\" target=\"_blank\" rel=\"nofollow noopener\">Supergirl | La pel\u00edcula de DC elige a un actor de Reacher para un papel importante<\/a>&nbsp;&nbsp;omelete.com.mx<\/li>\n<li><a href=\"https:\/\/news.google.com\/rss\/articles\/CBMid0FVX3lxTFBicTRuYW9UQnhabVVRcFc2bkFLUjJYVkFSYzJoRmtfRWtOMGV4VEFmUGtfSzc0b0lSaU9HcjJZeTkwZWhFTVdDTDNxeGVoN3k5N1prRi1BdEctdlBwczFBOFpnUS1KRWVvbjdJSEN4QS1OWkJWdTl3?oc=5\" target=\"_blank\" rel=\"nofollow noopener\">Supergirl mueve ficha y suma un actor clave mientras su tr\u00e1iler podr\u00eda caer antes de lo esperado<\/a>&nbsp;&nbsp;La Casa de EL<\/li>\n<li><a href=\"https:\/\/news.google.com\/rss\/articles\/CBMinAJBVV95cUxQV3psdlJNMllELU1HbGxtT0ItdVByczRUMFlQTWZrbmpSVWp1aTBCMUV3QUh2NEYwa2V3NTJlVExKS2JJN1h2SE5MVlJ3VjZzRmk1SVlnU3hrd25HbmJYbGlXQ01ZZVJBU3VWN2dDWU1Salg0RDZFTWNtdjVtYUl0N25UOEhQelNTY1FDZGpjdndZYjBYSW01RnNSUERPSE5mem1LanZISllTekJBalBIUXF6ZVpaczVMUE04UTYzVGtHUEtlVi1DXzl0RG1LTjJPLWcxLS1MMkxjZDEtQ3lHOXhqa0RhMDZ2Tk03NTMzYXNXVy0xZGxxcWxNV2p3bkJMMnVDakVnSkRuZWhKTjRmZFVWM1JYSXBQRjFpcg?oc=5\" target=\"_blank\" rel=\"nofollow noopener\">El nuevo avance de Supergirl da una gran pista de que muy pronto podr\u00eda estrenarse el tr\u00e1iler de la pel\u00edcula basada en el c\u00f3mic de DC<\/a>&nbsp;&nbsp;TechRadar<\/li>\n<li><a href=\"https:\/\/news.google.com\/rss\/articles\/CBMif0FVX3lxTE12aFV3aGFkRkZnLUM0VElSSVYxRW9lYm5aME9hV1JHemRJQ1V6b0VxX2FKRXhyRUtmc3pOaFJ3VUhZaE01RTBlR3pfbWMtT1RfcW5aSDBOeFdCUGJGU3licE91QnpWay1jbW9EX1dKV2s0RV94UTBBMWxXNWVzZXc?oc=5\" target=\"_blank\" rel=\"nofollow noopener\">Supergirl anuncia un nuevo miembro del reparto<\/a>&nbsp;&nbsp;Cinemascomics.com<\/li>\n<\/ol>\n","protected":false},"excerpt":{"rendered":"Forbes desvela que Supergirl tendr\u00e1 el mismo presupuesto que Superman, pero James Gunn lo niega: \u00abno es ni&hellip;\n","protected":false},"author":2,"featured_media":266531,"comment_status":"","ping_status":"","sticky":false,"template":"","format":"standard","meta":{"footnotes":""},"categories":[169],"tags":[177,4083,146,147,25,24,176,23117,175,2074,23,65918,602],"class_list":{"0":"post-266530","1":"post","2":"type-post","3":"status-publish","4":"format-standard","5":"has-post-thumbnail","7":"category-cine","8":"tag-cine","9":"tag-desvela","10":"tag-entertainment","11":"tag-entretenimiento","12":"tag-es","13":"tag-espana","14":"tag-film","15":"tag-forbes","16":"tag-movies","17":"tag-que","18":"tag-spain","19":"tag-supergirl","20":"tag-tendra"},"share_on_mastodon":{"url":"https:\/\/pubeurope.com\/@es\/115647735705529456","error":""},"_links":{"self":[{"href":"https:\/\/www.europesays.com\/es\/wp-json\/wp\/v2\/posts\/266530","targetHints":{"allow":["GET"]}}],"collection":[{"href":"https:\/\/www.europesays.com\/es\/wp-json\/wp\/v2\/posts"}],"about":[{"href":"https:\/\/www.europesays.com\/es\/wp-json\/wp\/v2\/types\/post"}],"author":[{"embeddable":true,"href":"https:\/\/www.europesays.com\/es\/wp-json\/wp\/v2\/users\/2"}],"replies":[{"embeddable":true,"href":"https:\/\/www.europesays.com\/es\/wp-json\/wp\/v2\/comments?post=266530"}],"version-history":[{"count":0,"href":"https:\/\/www.europesays.com\/es\/wp-json\/wp\/v2\/posts\/266530\/revisions"}],"wp:featuredmedia":[{"embeddable":true,"href":"https:\/\/www.europesays.com\/es\/wp-json\/wp\/v2\/media\/266531"}],"wp:attachment":[{"href":"https:\/\/www.europesays.com\/es\/wp-json\/wp\/v2\/media?parent=266530"}],"wp:term":[{"taxonomy":"category","embeddable":true,"href":"https:\/\/www.europesays.com\/es\/wp-json\/wp\/v2\/categories?post=266530"},{"taxonomy":"post_tag","embeddable":true,"href":"https:\/\/www.europesays.com\/es\/wp-json\/wp\/v2\/tags?post=266530"}],"curies":[{"name":"wp","href":"https:\/\/api.w.org\/{rel}","templated":true}]}}