{"id":266534,"date":"2025-12-02T03:00:08","date_gmt":"2025-12-02T03:00:08","guid":{"rendered":"https:\/\/www.europesays.com\/es\/266534\/"},"modified":"2025-12-02T03:00:08","modified_gmt":"2025-12-02T03:00:08","slug":"la-oms-duda-del-efecto-del-ozempic-a-largo-plazo-y-alerta-de-su-elevado-coste","status":"publish","type":"post","link":"https:\/\/www.europesays.com\/es\/266534\/","title":{"rendered":"La OMS duda del efecto del Ozempic a largo plazo y alerta de su elevado coste"},"content":{"rendered":"<p style=\"\">La Organizaci\u00f3n Mundial de la Salud (OMS) public\u00f3 por primera vez hoy, en Ginebra, una serie de <strong>recomendaciones que permiten el uso de medicamentos para controlar el apetito<\/strong>, en adultos, y luchar contra la obesidad similares al glucag\u00f3n tipo 1 (GLP-1) y tratar  &#8230; as\u00ed, este problema de salud p\u00fablica, como una enfermedad cr\u00f3nica recurrente. <\/p>\n<p class=\"voc-p\" style=\"\">Seg\u00fan datos publicados por la OMS, se estima que en 2024 las muertes por obesidad alcanzaron la cifra r\u00e9cord de 3,7 millones de personas. M\u00e1s de mil millones podr\u00edan estar afectadas por este problema de salud p\u00fablica que, sin medidas oportunas, podr\u00eda duplicar el numero de v\u00edctimas antes de 2030.<\/p>\n<p class=\"voc-p\" style=\"\">Un aut\u00e9ntico desaf\u00edo para la salud p\u00fablica de los pa\u00edses miembros de la agencia sanitaria de la ONU. Por eso ante este problema sanitario el organismo ha decidido publicar esta primera gu\u00eda sobre el uso de terapias, con p\u00e9ptido similar al glucag\u00f3n tipo 1 (GLP-1), para el uso de tratamientos de apoyo destinados a personas que sufren de obesidad. <\/p>\n<p class=\"voc-p\" style=\"\">En septiembre de 2025, la OMS incluy\u00f3 las terapias GLP-1 en su lista de medicamentos esenciales para el manejo de la diabetes tipo 2 en grupos de alto riesgo. Ahora, con el objetivo de enfrentar el problema creciente de la obesidad a nivel mundial, <strong>amplia su uso a las personas con sobrepeso dentro de un enfoque integral. <\/strong><\/p>\n<p class=\"voc-p\" style=\"\">Este enfoque incluye no s\u00f3lo tratamientos a base de GLP-1 sino que preconiza tambi\u00e9n la alimentaci\u00f3n saludable, la actividad f\u00edsica regular y el seguimiento del tratamiento, de p\u00e9rdida de peso, por un profesional ya que el medicamento por si s\u00f3lo no basta para revertir la obesidad y se requieren acciones multisectoriales. <\/p>\n<p class=\"voc-p\" style=\"\">Desde hace varios a\u00f1os, impulsados por las redes sociales, este tipo de medicamentos, que pueden ser utilizados para controlar el hambre,<strong> vio aumentar su demanda de manera exponencial<\/strong> hasta el punto que los pacientes hacia los que el f\u00e1rmaco estaba originalmente destinado se encontraron con problemas de disponibilidad.  <\/p>\n<p>\nEn 2022, sus ventas aumentaron en un 86%\n<\/p>\n<p class=\"voc-p\" style=\"\">La lista de medicamentos promocionados por las redes sociales estaba encabezada por Ozempic, un antidiab\u00e9tico fabricado por la farmace\u00fatica danesa Novo Nordisk. Est\u00e1 compa\u00f1\u00eda vio, <strong>en 2022, como sus ventas aumentaron hasta en un 86%<\/strong>. Las tensiones ocasionadas en este mercado, a nivel mundial, provocaron una reacci\u00f3n contra de las redes sociales por desviar su uso inicial. <\/p>\n<p class=\"voc-p\" style=\"\">Consciente de que el coste de los tratamientos por obesidad podr\u00edan alcanzar los tres mil millones de d\u00f3lares en 2030, la OMS da un giro normativo clave y en su nueva gu\u00eda recomienda principalmente que las terapias GLP-1 pueden utilizarse en adultos, excepto mujeres embarazadas, para el tratamiento a largo plazo de la obesidad.  <\/p>\n<p class=\"voc-p\" style=\"\">Aunque est\u00e1 demostrada su eficacia para tratar la obesidad y mejorar par\u00e1metros metab\u00f3licos, las recomendaciones de la OMS advierten que existen<strong> limitaciones<\/strong> en el uso de estos medicamentos respecto a su seguridad y<strong> eficacia a largo plazo<\/strong>. Tambi\u00e9n subrayan su elevado coste, que tendr\u00eda consecuencias en la equidad, y la falta de preparaci\u00f3n actual de los sistemas de salud. \u00abSin una acci\u00f3n concertada, estos medicamentos podr\u00edan contribuir a ampliar la brecha entre ricos y pobres, tanto entre pa\u00edses como dentro de ellos\u00bb, ha advertido.<\/p>\n<p class=\"voc-p\" style=\"\">El organismo recomienda que se incluyan en los tratamientos contra la obesidad, a base de GLP-1, una alimentaci\u00f3n saludable y actividad f\u00edsica estructurada porque hay cierta evidencia de que pueden mejorar los resultados del tratamiento. <strong>La OMS subraya que el medicamento por si s\u00f3lo no puede revertir esta enfermedad.<\/strong>  Las recomendaciones se\u00f1alan la importancia de garantizar el acceso equitativo a las terapias GLP-1 y en la preparaci\u00f3n de los sistemas de salud para su uso. Uno de los problemas cara al futuro ser\u00e1 la falta de tratamientos porque incluso, con un aumento de la producci\u00f3n, estas terapias llegar\u00e1n, en 2030, a menos del 10% de quienes podr\u00edan beneficiarse.<\/p>\n","protected":false},"excerpt":{"rendered":"La Organizaci\u00f3n Mundial de la Salud (OMS) public\u00f3 por primera vez hoy, en Ginebra, una serie de recomendaciones&hellip;\n","protected":false},"author":2,"featured_media":266535,"comment_status":"","ping_status":"","sticky":false,"template":"","format":"standard","meta":{"footnotes":""},"categories":[92],"tags":[3830,4897,2681,3427,37479,25,24,165,8918,3572,8799,10016,166,23],"class_list":{"0":"post-266534","1":"post","2":"type-post","3":"status-publish","4":"format-standard","5":"has-post-thumbnail","7":"category-salud","8":"tag-alerta","9":"tag-coste","10":"tag-duda","11":"tag-efecto","12":"tag-elevado","13":"tag-es","14":"tag-espana","15":"tag-health","16":"tag-largo","17":"tag-oms","18":"tag-ozempic","19":"tag-plazo","20":"tag-salud","21":"tag-spain"},"share_on_mastodon":{"url":"https:\/\/pubeurope.com\/@es\/115647744473400432","error":""},"_links":{"self":[{"href":"https:\/\/www.europesays.com\/es\/wp-json\/wp\/v2\/posts\/266534","targetHints":{"allow":["GET"]}}],"collection":[{"href":"https:\/\/www.europesays.com\/es\/wp-json\/wp\/v2\/posts"}],"about":[{"href":"https:\/\/www.europesays.com\/es\/wp-json\/wp\/v2\/types\/post"}],"author":[{"embeddable":true,"href":"https:\/\/www.europesays.com\/es\/wp-json\/wp\/v2\/users\/2"}],"replies":[{"embeddable":true,"href":"https:\/\/www.europesays.com\/es\/wp-json\/wp\/v2\/comments?post=266534"}],"version-history":[{"count":0,"href":"https:\/\/www.europesays.com\/es\/wp-json\/wp\/v2\/posts\/266534\/revisions"}],"wp:featuredmedia":[{"embeddable":true,"href":"https:\/\/www.europesays.com\/es\/wp-json\/wp\/v2\/media\/266535"}],"wp:attachment":[{"href":"https:\/\/www.europesays.com\/es\/wp-json\/wp\/v2\/media?parent=266534"}],"wp:term":[{"taxonomy":"category","embeddable":true,"href":"https:\/\/www.europesays.com\/es\/wp-json\/wp\/v2\/categories?post=266534"},{"taxonomy":"post_tag","embeddable":true,"href":"https:\/\/www.europesays.com\/es\/wp-json\/wp\/v2\/tags?post=266534"}],"curies":[{"name":"wp","href":"https:\/\/api.w.org\/{rel}","templated":true}]}}