{"id":266542,"date":"2025-12-02T03:04:08","date_gmt":"2025-12-02T03:04:08","guid":{"rendered":"https:\/\/www.europesays.com\/es\/266542\/"},"modified":"2025-12-02T03:04:08","modified_gmt":"2025-12-02T03:04:08","slug":"estados-unidos-evalua-prohibicion-de-viajes-desde-paises-que-envian-invasores-extranjeros-dice-la-secretaria-de-seguridad-nacional","status":"publish","type":"post","link":"https:\/\/www.europesays.com\/es\/266542\/","title":{"rendered":"Estados Unidos eval\u00faa prohibici\u00f3n de viajes desde pa\u00edses que env\u00edan \u201cinvasores extranjeros\u201d, dice la Secretaria de Seguridad Nacional"},"content":{"rendered":"<p wf_formattings=\"a,b\" class=\"c-text\">La secretaria <a href=\"https:\/\/www.primicias.ec\/politica\/kristi-noem-secretaria-seguridad-nacional-estados-unidos-visita-ecuador-daniel-noboa-101936\/\" title=\"Qui\u00e9n es Kristi Noem, funcionaria clave en la pol\u00edtica migratoria de Trump y que visita Ecuador\" rel=\"nofollow noopener\" target=\"_blank\">de Seguridad Nacional de Estados Unidos, Kristi Noem, <\/a>asegur\u00f3 este lunes 1 de diciembre de 2025 que se reuni\u00f3 con el presidente Donald Trump para<b> recomendarle que proh\u00edba totalmente<\/b> los viajes a <b>personas procedentes de pa\u00edses<\/b> que han enviado<b> \u00abinvasores extranjeros\u00bb <\/b>a suelo estadounidense, <b>aunque no precis\u00f3 de qu\u00e9 naciones se trata exactamente.<\/b><\/p>\n<p wf_formattings=\"a,b\" class=\"c-text\">\u00abAcabo de reunirme con el presidente. Recomiendo la prohibici\u00f3n total de viajes a todos los pa\u00edses que han estado inundando nuestra naci\u00f3n de<b> asesinos, sanguijuelas y adictos a las prestaciones sociales\u00bb,<\/b> escribi\u00f3 Noem en un mensaje en la red social X.\u00a0<\/p>\n<p wf_formattings=\"a,b\" class=\"c-text\">\u00abNuestros antepasados construyeron esta naci\u00f3n con sangre, sudor y un amor inquebrantable por la libertad, <b>no para que invasores extranjeros masacren a nuestros h\u00e9roes,<\/b> agoten nuestros impuestos ganados con tanto esfuerzo o nos arrebaten los beneficios que les debemos a los estadounidenses.<b> No los queremos. A ni uno de ellos\u00bb,<\/b> concluye el mensaje de la secretaria de Seguridad Nacional.<\/p>\n<blockquote class=\"twitter-tweet\">\n<p lang=\"en\" dir=\"ltr\">I just met with the President. <\/p>\n<p>I am recommending a full travel ban on every damn country that&#8217;s been flooding our nation with killers, leeches, and entitlement junkies. <\/p>\n<p>Our forefathers built this nation on blood, sweat, and the unyielding love of freedom\u2014not for foreign\u2026<\/p>\n<p>\u2014 Secretary Kristi Noem (@Sec_Noem) <a href=\"https:\/\/twitter.com\/Sec_Noem\/status\/1995642101779124476?ref_src=twsrc%5Etfw\" rel=\"nofollow noopener\" target=\"_blank\">December 1, 2025<\/a><\/p><\/blockquote>\n<p wf_formattings=\"a,b\" class=\"c-text\">La publicaci\u00f3n de Noem llega despu\u00e9s de que un<b> inmigrante afgano disparara<\/b> la semana pasada en Washington<a href=\"https:\/\/www.primicias.ec\/internacional\/washington-tiroteo-ataque-guardia-nacional-estados-unidos-afgano-afganistan-sospechoso-cia-110428\/\" title=\"Tiroteo en Washington | Sospechoso del ataque a miembros de la Guardia Nacional es un afgano que trabaj\u00f3 para la CIA\" rel=\"nofollow noopener\" target=\"_blank\"> a dos miembros de la Guardia Nacional, uno de los cuales falleci\u00f3.<\/a><\/p>\n<p wf_formattings=\"a,b\" class=\"c-text\">A ra\u00edz del ataque, el propio Trump anunci\u00f3 que <b>las solicitudes de asilo quedan congeladas <\/b>hasta que se endurezcan los est\u00e1ndares para revisar<b> cada petici\u00f3n y que ha paralizado<\/b> todos los tr\u00e1mites migratorios para ciudadanos afganos, incluidos aquellos que hab\u00edan trabajado con las fuerzas estadounidenses.<\/p>\n<p wf_formattings=\"a,b\" class=\"c-text\">Tambi\u00e9n ha amenazado<b> con bloquear \u00abpermanentemente\u201d la inmigraci\u00f3n<\/b> desde lo que ha calificado como <b>\u201cpa\u00edses del Tercer Mundo\u201d, <\/b>aunque sin especificar de cu\u00e1les ser\u00edan estos estados.<\/p>\n<p>Prohibici\u00f3n de viajes\u00a0<\/p>\n<p wf_formattings=\"a,b\" class=\"c-text\">En junio pasado, el Gobierno Trump aprob\u00f3 una <b>prohibici\u00f3n total de viaje que afecta a ciudadanos<\/b> de estos pa\u00edses:\u00a0<\/p>\n<ul class=\"c-detail__interest\">\n<li class=\"items\">Afganist\u00e1n<\/li>\n<li class=\"items\">Birmania<\/li>\n<li class=\"items\">Chad<\/li>\n<li class=\"items\">Rep\u00fablica del Congo<\/li>\n<li class=\"items\">Guinea Ecuatorial<\/li>\n<li class=\"items\">Eritrea<\/li>\n<li class=\"items\">Hait\u00ed<\/li>\n<li class=\"items\">Ir\u00e1n<\/li>\n<li class=\"items\">Libia <\/li>\n<li class=\"items\">Somalia<\/li>\n<li class=\"items\">Sud\u00e1n, y\n<p>Yemen<\/li>\n<\/ul>\n<p wf_formattings=\"a,b\" class=\"c-text\">Adem\u00e1s, ese mes el Gobierno de Trump dispuso una<b> suspensi\u00f3n parcial de visados<\/b> para personas de <b>Burundi, Cuba, Laos, Sierra Leona, Togo, Turkmenist\u00e1n y Venezuela.\u00a0<\/b><\/p>\n<p><script async src=\"https:\/\/platform.twitter.com\/widgets.js\" charset=\"utf-8\"><\/script><\/p>\n","protected":false},"excerpt":{"rendered":"La secretaria de Seguridad Nacional de Estados Unidos, Kristi Noem, asegur\u00f3 este lunes 1 de diciembre de 2025&hellip;\n","protected":false},"author":2,"featured_media":266543,"comment_status":"","ping_status":"","sticky":false,"template":"","format":"standard","meta":{"footnotes":""},"categories":[42],"tags":[17,18,352,629,13,14,582,11,61,62,63,64,65921,19,20,9,10,15,16,8523,27736,65920,12,21,22,65919,65,66,67],"class_list":{"0":"post-266542","1":"post","2":"type-post","3":"status-publish","4":"format-standard","5":"has-post-thumbnail","7":"category-internacional","8":"tag-breaking-news","9":"tag-breakingnews","10":"tag-donald-trump","11":"tag-estados-unidos","12":"tag-featured-news","13":"tag-featurednews","14":"tag-gobierno","15":"tag-headlines","16":"tag-internacional","17":"tag-international","18":"tag-international-news","19":"tag-internationalnews","20":"tag-kriti-noem","21":"tag-latest-news","22":"tag-latestnews","23":"tag-news","24":"tag-noticias","25":"tag-noticias-destacadas","26":"tag-noticiasdestacadas","27":"tag-paises","28":"tag-prohibicion","29":"tag-secretaria-seguridad-nacional","30":"tag-titulares","31":"tag-ultimas-noticias","32":"tag-ultimasnoticias","33":"tag-viaes","34":"tag-world","35":"tag-world-news","36":"tag-worldnews"},"share_on_mastodon":{"url":"","error":"Validation failed: Text character limit of 500 exceeded"},"_links":{"self":[{"href":"https:\/\/www.europesays.com\/es\/wp-json\/wp\/v2\/posts\/266542","targetHints":{"allow":["GET"]}}],"collection":[{"href":"https:\/\/www.europesays.com\/es\/wp-json\/wp\/v2\/posts"}],"about":[{"href":"https:\/\/www.europesays.com\/es\/wp-json\/wp\/v2\/types\/post"}],"author":[{"embeddable":true,"href":"https:\/\/www.europesays.com\/es\/wp-json\/wp\/v2\/users\/2"}],"replies":[{"embeddable":true,"href":"https:\/\/www.europesays.com\/es\/wp-json\/wp\/v2\/comments?post=266542"}],"version-history":[{"count":0,"href":"https:\/\/www.europesays.com\/es\/wp-json\/wp\/v2\/posts\/266542\/revisions"}],"wp:featuredmedia":[{"embeddable":true,"href":"https:\/\/www.europesays.com\/es\/wp-json\/wp\/v2\/media\/266543"}],"wp:attachment":[{"href":"https:\/\/www.europesays.com\/es\/wp-json\/wp\/v2\/media?parent=266542"}],"wp:term":[{"taxonomy":"category","embeddable":true,"href":"https:\/\/www.europesays.com\/es\/wp-json\/wp\/v2\/categories?post=266542"},{"taxonomy":"post_tag","embeddable":true,"href":"https:\/\/www.europesays.com\/es\/wp-json\/wp\/v2\/tags?post=266542"}],"curies":[{"name":"wp","href":"https:\/\/api.w.org\/{rel}","templated":true}]}}