{"id":266546,"date":"2025-12-02T03:06:31","date_gmt":"2025-12-02T03:06:31","guid":{"rendered":"https:\/\/www.europesays.com\/es\/266546\/"},"modified":"2025-12-02T03:06:31","modified_gmt":"2025-12-02T03:06:31","slug":"el-jefe-de-gabinete-de-mazon-reconoce-que-en-la-dana-le-pidio-a-pradas-que-le-informara-a-el-en-lugar-de-al-president","status":"publish","type":"post","link":"https:\/\/www.europesays.com\/es\/266546\/","title":{"rendered":"El jefe de Gabinete de Maz\u00f3n reconoce que en la dana le pidi\u00f3 a Pradas que le informara a \u00e9l en lugar de al president"},"content":{"rendered":"<p class=\"article-text\">\n        El secretario auton\u00f3mico de Comunicaci\u00f3n de Carlos Maz\u00f3n, <a href=\"https:\/\/www.eldiario.es\/comunitat-valenciana\/confidente-companero-piso-mazon-jueza-dana-aclarar-vacios-presidente_1_12795316.html\" data-mrf-recirculation=\"links-noticia\" class=\"link\" rel=\"nofollow noopener\" target=\"_blank\">Jos\u00e9 Manuel Cuenca<\/a>, ha comparecido este lunes en una, por momentos, tensa comisi\u00f3n de investigaci\u00f3n sobre la gesti\u00f3n de la dana en el Congreso de los Diputados, donde ha explicado que el 29 de octubre de 2024, d\u00eda de la dana que provoc\u00f3 la muerte de 229 personas en la provincia de Val\u00e8ncia, sobre las 14.15\/14.30 horas se march\u00f3 a Benig\u00e0nim y X\u00e0tiva donde ten\u00eda \u201casuntos personales\u201d programados con anterioridad y que ten\u00eda previsto regresar a Val\u00e8ncia a las 19 horas, aunque no pudo volver a la capital valenciana ese d\u00eda por el temporal.\n    <\/p>\n<p>    <a href=\"https:\/\/www.eldiario.es\/comunitat-valenciana\/cuenca-mazon-cobran-plus-1-731-euros-mes-dinero-publico-pagar-piso-compartido_1_12799474.html\" data-mrf-recirculation=\"saber-mas\" data-dl-event=\"saber-mas\" rel=\"nofollow noopener\" target=\"_blank\"><\/p>\n<p class=\"know-more__title\">Cuenca y Maz\u00f3n cobran entre los dos un plus de 1.731 euros al mes de dinero p\u00fablico para pagar su piso compartido<\/p>\n<p>            <img decoding=\"async\" class=\"lazy\" loading=\"lazy\" data-src=\"https:\/\/static.eldiario.es\/clip\/f8cc72c5-436a-4124-af40-ebfc204bfdc3_16-9-aspect-ratio_default_0.jpg\" src=\"data:image\/svg+xml,%3Csvg xmlns=\" http:=\"\" viewbox=\"0 0 880 495\" alt=\"Cuenca y Maz\u00f3n cobran entre los dos un plus de 1.731 euros al mes de dinero p\u00fablico para pagar su piso compartido\"\/><\/p>\n<p>                        <\/a><\/p>\n<p class=\"article-text\">\n        El tambi\u00e9n jefe de Gabinete de Carlos Maz\u00f3n ha asegurado a preguntas de la diputada de Comprom\u00eds \u00c1gueda Mic\u00f3 que president no estuvo \u201cilocalizado\u201d el d\u00eda de la dana y que \u201cnunca\u201d fue reclamada la presencia del president en el Cecopi (Centro de Coordinaci\u00f3n Operativa Integrado), al tiempo que ha sostenido que no recuerda haber mantenido una <a href=\"https:\/\/www.eldiario.es\/comunitat-valenciana\/salome-pradas-revela-ordenes-no-molestar-mazon-durante-tarde-tragedia-dana_1_12807170.html\" data-mrf-recirculation=\"links-noticia\" class=\"link\" rel=\"nofollow noopener\" target=\"_blank\">conversaci\u00f3n con la exconsellera Salom\u00e9 Pradas aquella jornada en la que le dijera que no molestara al jefe del Consell<\/a>: \u201cEs probable que le dijera que el president ten\u00eda agenda ese d\u00eda y que si hab\u00eda alguna novedad me avisara a m\u00ed\u201d. No obstante, ha insistido en que ha dado cuenta en el juzgado de Catarroja \u201cde todas mis conversaciones\u201d.\n    <\/p>\n<p class=\"article-text\">\n        \u201cEl president estaba a la espera de una propuesta m\u00eda para viajar a Utiel una vez finalizara el Cecopi\u201d, ha dicho, para a\u00f1adir que por la tarde, antes de la reuni\u00f3n del Cecopi, mantuvo otras dos conversaciones con Pradas y traslado por WhatsApp las novedades a Maz\u00f3n. Y a preguntas del diputado Mikel Otero, de Euskal Herria Bildu, Cuenca ha insistido en que \u201cnadie\u201d reclam\u00f3 la presencia de Maz\u00f3n para tomar ninguna decisi\u00f3n, y ha aclarado: \u201cNo tengo formaci\u00f3n jur\u00eddica ni formo parte de la gesti\u00f3n de la emergencia\u201d. \u201cEl presidente estuvo localizado, comunicado&#8230; A partir de las 17 horas est\u00e1 en comunicaci\u00f3n con la consellera y pendiente de informaci\u00f3n\u201d, ha manifestado el secretario auton\u00f3mico, a quien Otero le ha recordado las palabras de Maz\u00f3n, tambi\u00e9n en el Congreso, que dijo que no escuch\u00f3 la llamada de Pradas porque <a href=\"\" data-mrf-recirculation=\"links-noticia\" class=\"link\" target=\"_blank\">llevaba el tel\u00e9fono \u201cen la mochila\u201d<\/a>.\n    <\/p>\n<p>    <strong>Cuenca sugiri\u00f3 la comida con Vilaplana<\/strong><\/p>\n<p class=\"article-text\">\n        Cuenca ha indicado tambi\u00e9n que el almuerzo en el restaurante El Ventorro con la periodista Maribel Vilaplana la sugiri\u00f3 \u00e9l para proponerle la direcci\u00f3n de \u00c0 Punt, \u201cal igual que mantuvo otros encuentros con otros tres o cuatro candidatos con anterioridad\u201d. Y sobre el hecho de que el jefe del Consell enviara a los escoltas a casa una vez en el Ventorro, el jefe de Gabinete de Maz\u00f3n sosten\u00eda que es \u201chabitual\u201d.\n    <\/p>\n<p class=\"article-text\">\n        El secretario auton\u00f3mico, quien como el conseller de Educaci\u00f3n, Jos\u00e9 Antonio Rovira, ha repetido la afirmaci\u00f3n de que los avisos de Aemet eran que a partir de las 18 horas \u201cescampar\u00eda\u201d y se marchar\u00eda hacia la Serran\u00eda de Cuenca, ha insistido en que la direcci\u00f3n de la emergencia era t\u00e9cnica y que las comunicaciones eran para detallar la evoluci\u00f3n del temporal. As\u00ed mismo, ha relatado a preguntas de la parlamentaria del PNV Idoia Sagastizabal que nadie le habl\u00f3 nunca de la posibilidad de enviar una alerta y que desconoc\u00eda el riesgo de la rotura de la presa de Forata hasta aproximadamente las 19.30 horas.\n    <\/p>\n<p class=\"article-text\">\n        Sobre por qu\u00e9 Carlos Maz\u00f3n no acudi\u00f3 antes a la reuni\u00f3n del Cecopi, Cuenca sosten\u00eda que \u201cen ese momento no se conoc\u00eda que nada extraordinario estuviera sucediendo, donde se pod\u00eda conocer era en el interior del \u00f3rgano de emergencias; se esperaban 180 litros y acabaron cayendo 800\u201d.\n    <\/p>\n<p class=\"article-text\">\n        Seg\u00fan Cuenca, \u201cel presidente activ\u00f3 a sus consellers una vez Pradas le comunic\u00f3 el aviso rojo, traslad\u00f3 a todos los consellers que activaran a sus equipos\u201d y fue la directora general de la secretar\u00eda del presidente, Pilar Montes, la que autoriz\u00f3 que le llevaran a El Ventorro unos documentos para autorizar unas becas. Tambi\u00e9n ha confirmado que Maz\u00f3n fue al Cecopi con el asesor del partido, Josep Lanuza.\n    <\/p>\n<p class=\"article-text\">\n        Sobre la manipulaci\u00f3n de un audio de la Aemet para tratar de desvirtuar su previsi\u00f3n se ha desvinculado de esta situaci\u00f3n y ha afirmado no saber de lo que se le estaba hablando, al tiempo que ha recordado que es un asunto judicializado.\n    <\/p>\n<p>    <a href=\"https:\/\/www.eldiario.es\/comunitat-valenciana\/jefe-gabinete-mazon-reconoce-jueza-dana-borro-whatsapps_1_12797304.html\" data-mrf-recirculation=\"saber-mas-abajo\" data-dl-event=\"saber-mas-abajo\" rel=\"nofollow noopener\" target=\"_blank\"><\/p>\n<p class=\"know-more__title\">El jefe de gabinete de Maz\u00f3n reconoce ante la jueza de la dana que borr\u00f3 sus &#8216;whatsapps&#8217; con \u00e9l\n<\/p>\n<p>            <img decoding=\"async\" class=\"lazy\" loading=\"lazy\" data-src=\"https:\/\/static.eldiario.es\/clip\/952b2211-b44c-449f-9d11-fcb4f5986af0_16-9-aspect-ratio_default_0_x2449y825.jpg\" src=\"data:image\/svg+xml,%3Csvg xmlns=\" http:=\"\" viewbox=\"0 0 880 495\" alt=\"El jefe de gabinete de Maz\u00f3n reconoce ante la jueza de la dana que borr\u00f3 sus 'whatsapps' con \u00e9l\"\/><\/p>\n<p>                        <\/a><\/p>\n<p class=\"article-text\">\n        Cuenca ha asegurado que Maz\u00f3n se vio con otros cuatro candidatos a dirigir la televisi\u00f3n p\u00fablica valenciana y que con todos ellos tambi\u00e9n qued\u00f3 para almorzar. Preguntado por la diputada socialista, Patricia Blanquer, sobre si una de las becas aprobadas la tarde de la dana con la firma de Maz\u00f3n en El Ventorro era para alg\u00fan familiar suyo, ha tirado balones fuera y ha evitado contestar: \u201cNo tengo ni idea de qu\u00e9 eran las becas\u201d, ha dicho.\n    <\/p>\n","protected":false},"excerpt":{"rendered":"El secretario auton\u00f3mico de Comunicaci\u00f3n de Carlos Maz\u00f3n, Jos\u00e9 Manuel Cuenca, ha comparecido este lunes en una, por&hellip;\n","protected":false},"author":2,"featured_media":266547,"comment_status":"","ping_status":"","sticky":false,"template":"","format":"standard","meta":{"footnotes":""},"categories":[5],"tags":[517,2206,1705,17,18,3965,242,25,24,13,14,11,1667,19,20,9,10,15,16,1925,23,12,21,22,235],"class_list":{"0":"post-266546","1":"post","2":"type-post","3":"status-publish","4":"format-standard","5":"has-post-thumbnail","7":"category-titulares","8":"tag-actualidad","9":"tag-alicante","10":"tag-analisis","11":"tag-breaking-news","12":"tag-breakingnews","13":"tag-castellon","14":"tag-comunidad-valenciana","15":"tag-es","16":"tag-espana","17":"tag-featured-news","18":"tag-featurednews","19":"tag-headlines","20":"tag-informacion","21":"tag-latest-news","22":"tag-latestnews","23":"tag-news","24":"tag-noticias","25":"tag-noticias-destacadas","26":"tag-noticiasdestacadas","27":"tag-opinion","28":"tag-spain","29":"tag-titulares","30":"tag-ultimas-noticias","31":"tag-ultimasnoticias","32":"tag-valencia"},"share_on_mastodon":{"url":"https:\/\/pubeurope.com\/@es\/115647767077148391","error":""},"_links":{"self":[{"href":"https:\/\/www.europesays.com\/es\/wp-json\/wp\/v2\/posts\/266546","targetHints":{"allow":["GET"]}}],"collection":[{"href":"https:\/\/www.europesays.com\/es\/wp-json\/wp\/v2\/posts"}],"about":[{"href":"https:\/\/www.europesays.com\/es\/wp-json\/wp\/v2\/types\/post"}],"author":[{"embeddable":true,"href":"https:\/\/www.europesays.com\/es\/wp-json\/wp\/v2\/users\/2"}],"replies":[{"embeddable":true,"href":"https:\/\/www.europesays.com\/es\/wp-json\/wp\/v2\/comments?post=266546"}],"version-history":[{"count":0,"href":"https:\/\/www.europesays.com\/es\/wp-json\/wp\/v2\/posts\/266546\/revisions"}],"wp:featuredmedia":[{"embeddable":true,"href":"https:\/\/www.europesays.com\/es\/wp-json\/wp\/v2\/media\/266547"}],"wp:attachment":[{"href":"https:\/\/www.europesays.com\/es\/wp-json\/wp\/v2\/media?parent=266546"}],"wp:term":[{"taxonomy":"category","embeddable":true,"href":"https:\/\/www.europesays.com\/es\/wp-json\/wp\/v2\/categories?post=266546"},{"taxonomy":"post_tag","embeddable":true,"href":"https:\/\/www.europesays.com\/es\/wp-json\/wp\/v2\/tags?post=266546"}],"curies":[{"name":"wp","href":"https:\/\/api.w.org\/{rel}","templated":true}]}}