{"id":266549,"date":"2025-12-02T03:14:12","date_gmt":"2025-12-02T03:14:12","guid":{"rendered":"https:\/\/www.europesays.com\/es\/266549\/"},"modified":"2025-12-02T03:14:12","modified_gmt":"2025-12-02T03:14:12","slug":"miikka-muurinen-aclara-sus-planes-y-deja-en-el-aire-su-continuidad-en-europa","status":"publish","type":"post","link":"https:\/\/www.europesays.com\/es\/266549\/","title":{"rendered":"Miikka Muurinen aclara sus planes y deja en el aire su continuidad en Europa &#8211;"},"content":{"rendered":"<p>Miikka Muurinen, una de las irrupciones m\u00e1s llamativas del EuroBasket 2025, ha vuelto a captar la atenci\u00f3n tras sincerarse sobre su futuro inmediato. El joven talento finland\u00e9s, que deslumbr\u00f3 a los aficionados con su descaro, f\u00edsico y lectura de juego a sus apenas 18 a\u00f1os, repas\u00f3 en una entrevista para <a href=\"https:\/\/www.youtube.com\/watch?v=se7QKzLFgMU\" rel=\"nofollow noopener\" target=\"_blank\">SKWEEK<\/a> su breve paso por el Partizan y c\u00f3mo esta experiencia ha sido un trampol\u00edn para su siguiente gran desaf\u00edo.<\/p>\n<p>M\u00e1s | <a href=\"https:\/\/www.gigantes.com\/euroliga\/miikka-muurinen-explica-marcha-partizan-planes-futuro\/\" rel=\"nofollow noopener\" target=\"_blank\">Miikka Muurinen explica su marcha al Partizan y sus planes de futuro<\/a><\/p>\n<p>En sus declaraciones, el alero dej\u00f3 claro que su hoja de ruta apunta con decisi\u00f3n hacia Estados Unidos. Aunque no descarta por completo seguir en Europa, Muurinen reconoci\u00f3 que su idea es aprovechar <a href=\"https:\/\/www.gigantes.com\/euroliga\/miikka-muurinen-partizan-belgrado\/\" rel=\"nofollow noopener\" target=\"_blank\">este a\u00f1o de aprendizaje<\/a> y dar el salto a la NCAA en 2026, un movimiento que considera clave en su camino hacia la NBA.<\/p>\n<p>El finland\u00e9s revel\u00f3 que acumula ofertas universitarias desde hace tiempo y que su prioridad pasa por incorporarse al baloncesto universitario para continuar su desarrollo antes de intentar el salto definitivo a la \u00e9lite.<\/p>\n<p>Las palabras de Miikka Muurinen sobre su futuro<\/p>\n<p>\u00abEl mayor desaf\u00edo para m\u00ed es ahora, pero el segundo caso m\u00e1s dif\u00edcil fue en Estados Unidos. Mientras tanto, me acostumbr\u00e9. Luego vine aqu\u00ed en busca de un nuevo reto y para prepararme para la universidad\u00bb.<\/p>\n<p>\u00abEs poco probable que me quede en Europa, pero es una opci\u00f3n. Es solo una parada de un a\u00f1o para aprender todo lo que pueda, crecer como jugador y aprovechar al m\u00e1ximo esta oportunidad, para luego llevarlo a la universidad y, con suerte, a la NBA\u00bb.<\/p>\n<p>\u00abHe tenido varias ofertas. Las universidades me han estado ofreciendo plazas desde hace mucho tiempo. Voy all\u00ed el a\u00f1o que viene, as\u00ed que sigo sin rechazar ninguna; solo estoy esperando. Prefiero ir a la universidad que quedarme en Europa\u00bb.<\/p>\n<p>Foto: Partizan BC<\/p>\n<p><img decoding=\"async\" src=\"https:\/\/www.europesays.com\/es\/wp-content\/uploads\/2025\/12\/1764645252_538_mtracking.gif\" alt=\"Etiquetas de Mautic\" style=\"display:none;\"\/><\/p>\n","protected":false},"excerpt":{"rendered":"Miikka Muurinen, una de las irrupciones m\u00e1s llamativas del EuroBasket 2025, ha vuelto a captar la atenci\u00f3n tras&hellip;\n","protected":false},"author":2,"featured_media":266550,"comment_status":"","ping_status":"","sticky":false,"template":"","format":"standard","meta":{"footnotes":""},"categories":[269],"tags":[299,298,168,25,24,833,7848,23,167],"class_list":{"0":"post-266549","1":"post","2":"type-post","3":"status-publish","4":"format-standard","5":"has-post-thumbnail","7":"category-baloncesto","8":"tag-baloncesto","9":"tag-basketball","10":"tag-deportes","11":"tag-es","12":"tag-espana","13":"tag-euroliga","14":"tag-ncaa","15":"tag-spain","16":"tag-sports"},"share_on_mastodon":{"url":"https:\/\/pubeurope.com\/@es\/115647799163272808","error":""},"_links":{"self":[{"href":"https:\/\/www.europesays.com\/es\/wp-json\/wp\/v2\/posts\/266549","targetHints":{"allow":["GET"]}}],"collection":[{"href":"https:\/\/www.europesays.com\/es\/wp-json\/wp\/v2\/posts"}],"about":[{"href":"https:\/\/www.europesays.com\/es\/wp-json\/wp\/v2\/types\/post"}],"author":[{"embeddable":true,"href":"https:\/\/www.europesays.com\/es\/wp-json\/wp\/v2\/users\/2"}],"replies":[{"embeddable":true,"href":"https:\/\/www.europesays.com\/es\/wp-json\/wp\/v2\/comments?post=266549"}],"version-history":[{"count":0,"href":"https:\/\/www.europesays.com\/es\/wp-json\/wp\/v2\/posts\/266549\/revisions"}],"wp:featuredmedia":[{"embeddable":true,"href":"https:\/\/www.europesays.com\/es\/wp-json\/wp\/v2\/media\/266550"}],"wp:attachment":[{"href":"https:\/\/www.europesays.com\/es\/wp-json\/wp\/v2\/media?parent=266549"}],"wp:term":[{"taxonomy":"category","embeddable":true,"href":"https:\/\/www.europesays.com\/es\/wp-json\/wp\/v2\/categories?post=266549"},{"taxonomy":"post_tag","embeddable":true,"href":"https:\/\/www.europesays.com\/es\/wp-json\/wp\/v2\/tags?post=266549"}],"curies":[{"name":"wp","href":"https:\/\/api.w.org\/{rel}","templated":true}]}}