{"id":266551,"date":"2025-12-02T03:15:12","date_gmt":"2025-12-02T03:15:12","guid":{"rendered":"https:\/\/www.europesays.com\/es\/266551\/"},"modified":"2025-12-02T03:15:12","modified_gmt":"2025-12-02T03:15:12","slug":"la-bandera-del-betis-que-se-colo-en-el-tifo-de-los-biris-en-el-derbi","status":"publish","type":"post","link":"https:\/\/www.europesays.com\/es\/266551\/","title":{"rendered":"La bandera del Betis que se col\u00f3 en el tifo de los Biris en el derbi"},"content":{"rendered":"\n<p>M\u00e1s noticias<\/p>\n<p><a class=\"info_masnoticias\" href=\"https:\/\/www.eldesmarque.com\/futbol\/real-betis\/\" rel=\"nofollow noopener\" target=\"_blank\"><br \/>\nM\u00e1s de<br \/>\nM\u00e1s noticias de<br \/>\nReal Betis<br \/>\n<\/a><\/p>\n<p>En un derbi salpicado por <a href=\"https:\/\/www.eldesmarque.com\/futbol\/sevilla-fc\/20251201\/sanchez-pizjuan-lanzamiento-objetos-doble-sancion-sevilla-real-betis_300822478.html\" rel=\"nofollow noopener\" target=\"_blank\">el lanzamiento de botellas<\/a>, la suspensi\u00f3n durante quince minutos o <a href=\"https:\/\/www.eldesmarque.com\/futbol\/real-betis\/20251129\/video-pelea-ultras-sevilla-betis-derbi_300820996.html\" rel=\"nofollow noopener\" target=\"_blank\">las peleas previas entre ultras<\/a>, conviene subrayar la cordialidad que se vivi\u00f3 entre ambas aficiones durante los 90 minutos. Sobre todo para aquellos b\u00e9ticos que se &#8216;infiltraron&#8217; entre los asientos del <strong>Sevilla FC<\/strong>, muchos de ellos sin esconder sus colores. Algo que verdaderamente hace grande a este partido. Sevillistas e hinchas del <strong>Real Betis<\/strong> mezclados en el S\u00e1nchez-Pizju\u00e1n (al igual que ocurre en campo contrario), respetando el sentir de cada uno de ellos. El verdadero ejemplo de sevillan\u00eda.<\/p>\n<p>M\u00e1s all\u00e1 del medio millar de visitantes desplazados, el Real Betis tambi\u00e9n tuvo un nutrido grupo de aficionados detr\u00e1s del banquillo, una zona habitualmente reservada para familiares o entradas de cortes\u00eda. Pero tambi\u00e9n hubo b\u00e9ticos sueltos entre la mayor\u00eda sevillista, que supieron entender, respetar y comprender la euforia de su rival. Este lunes los compa\u00f1eros de El D\u00eda Despu\u00e9s sacaban la curiosa imagen de un b\u00e9tico &#8216;colando&#8217; la bandera b\u00e9tica en mitad del tifo que sac\u00f3 Biris Norte antes del encuentro.<\/p>\n<p>Una instant\u00e1nea simp\u00e1tica y que los sevillistas de alrededor aceptaron de &#8216;buena gana&#8217;. Tambi\u00e9n los que vieron c\u00f3mo cerca de su asiento festejaba alg\u00fan que otro b\u00e9tico los goles del Real Betis, sin lamentar ning\u00fan incidente ni nada por el estilo. Como dec\u00edamos, el verdadero ejemplo de sevillan\u00eda.<\/p>\n<p>La celebraci\u00f3n, todo lo que no se vio en televisi\u00f3n y m\u00e1s&#8230; en el siguiente v\u00eddeo.\u00e7<\/p>\n<blockquote class=\"twitter-tweet\" data-media-max-width=\"560\">\n<p lang=\"es\" dir=\"ltr\">Y el <a href=\"https:\/\/twitter.com\/RealBetis?ref_src=twsrc%5Etfw\" rel=\"nofollow noopener\" target=\"_blank\">@RealBetis<\/a> se llev\u00f3 el <a href=\"https:\/\/twitter.com\/hashtag\/ElGranDerbi?src=hash&amp;ref_src=twsrc%5Etfw\" rel=\"nofollow noopener\" target=\"_blank\">#ElGranDerbi<\/a> de \ud835\udc7a\ud835\udc86\ud835\udc97\ud835\udc8a\ud835\udc8d\ud835\udc8d\ud835\udc82. <a href=\"https:\/\/twitter.com\/hashtag\/ElD%C3%ADaDespu%C3%A9s?src=hash&amp;ref_src=twsrc%5Etfw\" rel=\"nofollow noopener\" target=\"_blank\">#ElD\u00edaDespu\u00e9s<\/a> <a href=\"https:\/\/t.co\/S8jJWu7JKf\" rel=\"nofollow\">pic.twitter.com\/S8jJWu7JKf<\/a><\/p>\n<p>\u2014 El D\u00eda Despu\u00e9s en Movistar Plus+ (@ElDiaDespues) <a href=\"https:\/\/twitter.com\/ElDiaDespues\/status\/1995594142190018622?ref_src=twsrc%5Etfw\" rel=\"nofollow noopener\" target=\"_blank\">December 1, 2025<\/a><\/p>\n<\/blockquote>\n<p>El Betis volvi\u00f3 a ganar casi ocho a\u00f1os despu\u00e9s<\/p>\n<p>Dos tantos en la segunda mitad, obra de Pablo Fornals y Sergi Altimira, dieron el triunfo al Betis ante el Sevilla (0-2) en el estadio Ram\u00f3n S\u00e1nchez-Pizju\u00e1n, una clara victoria del cuadro verdiblanco en un choque que estuvo parado cerca de diez minutos casi al final por el lanzamiento de objetos al terreno de juego.<\/p>\n<p>En lo deportivo, el resultado quedar\u00eda marcado por los lanzamientos de objetos al terreno de juego, cerca de la porter\u00eda \u00c1lvaro Valles, que obligaron a parar el partido durante diez minutos en el 88. Incluso el colegiado, Jos\u00e9 Luis Munuera, mand\u00f3 a los futbolistas de ambos equipos al vestuario.<\/p>\n<p><img decoding=\"async\" src=\"https:\/\/www.europesays.com\/es\/wp-content\/uploads\/2025\/12\/whatsapp_image_2025_11_30_at_173414_1jpeg.jpeg\" width=\"660\" height=\"471.43\" alt=\"La celebraci\u00f3n de Pablo Fornals en el derbi (Foto: Kiko Hurtado)\"\/><br \/>\nLa celebraci\u00f3n de Pablo Fornals en el derbi (Foto: Kiko Hurtado)<\/p>\n<p><script async src=\"https:\/\/platform.twitter.com\/widgets.js\" charset=\"utf-8\"><\/script><\/p>\n","protected":false},"excerpt":{"rendered":"M\u00e1s noticias M\u00e1s de M\u00e1s noticias de Real Betis En un derbi salpicado por el lanzamiento de botellas,&hellip;\n","protected":false},"author":2,"featured_media":266552,"comment_status":"","ping_status":"","sticky":false,"template":"","format":"standard","meta":{"footnotes":""},"categories":[268],"tags":[168,25,24,280,282,281,23,167],"class_list":{"0":"post-266551","1":"post","2":"type-post","3":"status-publish","4":"format-standard","5":"has-post-thumbnail","7":"category-futbol","8":"tag-deportes","9":"tag-es","10":"tag-espana","11":"tag-football","12":"tag-futbol","13":"tag-soccer","14":"tag-spain","15":"tag-sports"},"share_on_mastodon":{"url":"https:\/\/pubeurope.com\/@es\/115647802883449426","error":""},"_links":{"self":[{"href":"https:\/\/www.europesays.com\/es\/wp-json\/wp\/v2\/posts\/266551","targetHints":{"allow":["GET"]}}],"collection":[{"href":"https:\/\/www.europesays.com\/es\/wp-json\/wp\/v2\/posts"}],"about":[{"href":"https:\/\/www.europesays.com\/es\/wp-json\/wp\/v2\/types\/post"}],"author":[{"embeddable":true,"href":"https:\/\/www.europesays.com\/es\/wp-json\/wp\/v2\/users\/2"}],"replies":[{"embeddable":true,"href":"https:\/\/www.europesays.com\/es\/wp-json\/wp\/v2\/comments?post=266551"}],"version-history":[{"count":0,"href":"https:\/\/www.europesays.com\/es\/wp-json\/wp\/v2\/posts\/266551\/revisions"}],"wp:featuredmedia":[{"embeddable":true,"href":"https:\/\/www.europesays.com\/es\/wp-json\/wp\/v2\/media\/266552"}],"wp:attachment":[{"href":"https:\/\/www.europesays.com\/es\/wp-json\/wp\/v2\/media?parent=266551"}],"wp:term":[{"taxonomy":"category","embeddable":true,"href":"https:\/\/www.europesays.com\/es\/wp-json\/wp\/v2\/categories?post=266551"},{"taxonomy":"post_tag","embeddable":true,"href":"https:\/\/www.europesays.com\/es\/wp-json\/wp\/v2\/tags?post=266551"}],"curies":[{"name":"wp","href":"https:\/\/api.w.org\/{rel}","templated":true}]}}