{"id":266553,"date":"2025-12-02T03:16:15","date_gmt":"2025-12-02T03:16:15","guid":{"rendered":"https:\/\/www.europesays.com\/es\/266553\/"},"modified":"2025-12-02T03:16:15","modified_gmt":"2025-12-02T03:16:15","slug":"hablamos-con-juan-carmona-de-su-familia-junto-a-sara-verdasco-y-nos-desvela-su-nuevo-reto-musical","status":"publish","type":"post","link":"https:\/\/www.europesays.com\/es\/266553\/","title":{"rendered":"Hablamos con Juan Carmona de su familia junto a Sara Verdasco y nos desvela su nuevo reto musical"},"content":{"rendered":"<p id=\"ebZm1l0vwQ\" data-wc=\"107\">La m\u00fasica corre por sus venas y<strong>\u00a0para \u00e9l tocar la guitarra, componer y cantar siempre ha sido algo innato\u00a0<\/strong>que ha visto en su d\u00eda a d\u00eda desde que era ni\u00f1o. <a class=\"hm-link ho-link\" href=\"https:\/\/www.hola.com\/actualidad\/2017093099942\/juan-carmona-27-flamenco\/\" data-mrf-recirculation=\"article-body-link\" rel=\"nofollow noopener\" target=\"_blank\">Juan Carmona forma parte de una de las dinast\u00edas flamencas m\u00e1s importantes de nuestro pa\u00eds y por eso no es de extra\u00f1ar que lleve el arte en el ADN.\u00a0<\/a>Haciendo un repaso de su \u00e1rbol geneal\u00f3gico de artistas, <strong>su abuelo es Juan Habichuela, su padre Juan Jos\u00e9 Carmona, conocido como \u201cCamborio\u201d<\/strong>, es<strong>\u00a0miembro del grupo\u00a0Ketama\u00a0<\/strong>junto a Antonio y Josemi\u2026 Sin duda, una saga de artistas de la que \u00e9l ha terminado formando parte.\u00a0<\/p>\n<p>  <img src=\"https:\/\/www.europesays.com\/es\/wp-content\/uploads\/2025\/11\/a5d49e46c3b4-50a07471c340-4c3b6208a7fc0378bab70f54ccb2a4d2saraverdascofamilia1594cut.jpg\"   width=\"1080\" height=\"1800\" loading=\"lazy\" decoding=\"async\" alt=\"Sara Verdasco y Juan Carmona sonrientes en un pasillo, ella en traje rosa y \u00e9l en traje beige y pantalones marrones\" fetchpriority=\"auto\" class=\"image ho-image\"\/>\u00a9 Jes\u00fas Cordero<\/p>\n<p id=\"erXBv4ge0nC\" data-wc=\"62\">Con su guitarra,<a class=\"hm-link ho-link\" href=\"https:\/\/www.hola.com\/actualidad\/20190126136263\/ketama-vuelve-antonio-carmona-entrevista-conciertos\/\" data-mrf-recirculation=\"article-body-link\" rel=\"nofollow noopener\" target=\"_blank\">\u00a0Juan ha acompa\u00f1ado a muchos flamencos y lleva a\u00f1os recorriendo los mejores escenarios de nuestro pa\u00eds y tambi\u00e9n fuera de nuestras fronteras,\u00a0<\/a>pero ahora ha decidido <strong>dar un nuevo paso profesional, que nos avanzaba rodeado por su mujer, Sara Verdasco, y sus tres hijas, Carmen, Valentina y Sara,<\/strong> con las que ha posado por primera vez en nuestra revista.<\/p>\n<p>  <img src=\"https:\/\/www.europesays.com\/es\/wp-content\/uploads\/2025\/11\/51ecb692a737-sara-verdasco-familia1517.jpg\"   width=\"1080\" height=\"1800\" loading=\"lazy\" decoding=\"async\" alt=\"Sara Verdasco con blusa azul y Juan Carmona , con camisa negra, posan co sus hijas: ni\u00f1a con su\u00e9ter blanco y beb\u00e9 en azul\" fetchpriority=\"auto\" class=\"image ho-image\"\/>\u00a9 Jes\u00fas Cordero<\/p>\n<p id=\"ezdvNLa9rXy\" data-wc=\"63\">\u201cEstoy<strong>\u00a0trabajando un EP porque, aparte de los proyectos en los que estoy,<\/strong> quiero sacar mi m\u00fasica. Estoy trabajando con mucha gente, estoy de gira con Antonio (Carmona), y tocando con mucha gente, con Josemi (Carmona), con el t\u00edo Pepe Habichuela, con Kiki Morente\u2026 <strong>Siempre estamos de gira ah\u00ed donde nos llaman.<\/strong> Pero <strong>ahora estoy pensando en hacer mi m\u00fasica<\/strong>\u201d, nos contaba entusiasmado.<\/p>\n<p id=\"edP2nAqFPSe\" data-wc=\"45\">Ha llegado el momento de <strong>compaginar su trabajo junto a otros artistas con una carrera en solitario<\/strong>, en la que lleva trabajando un tiempo y que <strong>muy pronto saldr\u00e1 a la luz.<\/strong><strong>\u00a0\u201cCreo que a principios del a\u00f1o que viene podremos tener algo\u201d<\/strong>, nos adelantaba.\u00a0<\/p>\n<p>  <img src=\"https:\/\/www.europesays.com\/es\/wp-content\/uploads\/2025\/11\/7b007068e823-662019c0fe14a91f7a8648fa3718442asaraverdascofamilia1793.jpg\"   width=\"1080\" height=\"1800\" loading=\"lazy\" decoding=\"async\" alt=\"Juan Carmona con cabello largo sostiene a su beb\u00e9, mientras sus otras dos ni\u00f1as tocan la guitarra sentadas junto a \u00e9l\" fetchpriority=\"auto\" class=\"image ho-image\"\/>\u00a9 Jes\u00fas Cordero<\/p>\n<p id=\"enfiaR5nLCF\" data-wc=\"105\">Para Juan <strong>la m\u00fasica es su vida<\/strong> y compagina su vida de concierto en concierto con <a class=\"hm-link ho-link\" href=\"https:\/\/www.hola.com\/actualidad\/20250608836797\/sara-verdasco-hija-primeras-imagenes-hospital\/\" data-mrf-recirculation=\"article-body-link\" rel=\"nofollow noopener\" target=\"_blank\">su faceta de padre de familia numerosa, aunque reconoce que estar mucho tiempo fuera de casa no es f\u00e1cil.<\/a> \u201cSiempre es complicado, porque<strong>\u00a0nosotros los m\u00fasicos pasamos mucho tiempo fuera de casa.<\/strong> Pero mientras que tengas tu orden y tu manera de llevar la vida bien, todo se hace un poco m\u00e1s f\u00e1cil. Nosotros siempre estamos por ah\u00ed viajando, hoteles, viajes, conciertos por la noche, cenas donde sea, comes donde puedes&#8230; Pero bueno, <strong>siempre al llegar a casa y encontrarte a las princesitas te renueva la vida<\/strong>\u201d, nos dice.\u00a0<\/p>\n<p>  <img src=\"https:\/\/www.europesays.com\/es\/wp-content\/uploads\/2025\/11\/d8892e96638b-13bbfc25f0c9b544a33d9dc60c5b457fsaraverdascofamilia1553cut.jpg\"   width=\"1080\" height=\"1800\" loading=\"lazy\" decoding=\"async\" alt=\"Sara Verdasco y Juan Carmona posando para una foto en un sof\u00e1, con cortinas blancas al fondo\" fetchpriority=\"auto\" class=\"image ho-image\"\/>\u00a9 Jes\u00fas Cordero<\/p>\n<p id=\"eldGg90Zy5O\" data-wc=\"51\">Todo esfuerzo tiene su recompensa y <strong>\u00e9l la encuentra al llegar a casa<\/strong> junto a su mujer y sus hijas y nos explica que una de sus f\u00f3rmulas de la felicidad es \u201chacer de todo, sobre todo cosas que te llenen, que en mi caso en la m\u00fasica y la familia\u201d.\u00a0<\/p>\n<p id=\"e6iR3XnThmI\" data-wc=\"42\">Aunque sus hijas todav\u00eda son muy peque\u00f1as, <strong>Juan reconoce que las mellizas son muy artistas<\/strong> y que l<a class=\"hm-link ho-link\" href=\"https:\/\/www.hola.com\/actualidad\/20250605836456\/sara-verdasco-y-juan-carmona-padres-tercera-vez-eligen-nombre-familiar\/\" data-mrf-recirculation=\"article-body-link\" rel=\"nofollow noopener\" target=\"_blank\">a peque\u00f1a, a sus cinco meses, ya apunta maneras.<\/a> \u201cSara es muy cantaora, Valentina baila estupendamente y Carmen canta y afina muy bien\u201d, dice orgulloso.\u00a0<\/p>\n","protected":false},"excerpt":{"rendered":"La m\u00fasica corre por sus venas y\u00a0para \u00e9l tocar la guitarra, componer y cantar siempre ha sido algo&hellip;\n","protected":false},"author":2,"featured_media":266554,"comment_status":"","ping_status":"","sticky":false,"template":"","format":"standard","meta":{"footnotes":""},"categories":[174],"tags":[3900,517,255,3899,146,147,25,24,256,65020,23],"class_list":{"0":"post-266553","1":"post","2":"type-post","3":"status-publish","4":"format-standard","5":"has-post-thumbnail","7":"category-famosos","8":"tag-hola","9":"tag-actualidad","10":"tag-celebrities","11":"tag-contenido-sensible","12":"tag-entertainment","13":"tag-entretenimiento","14":"tag-es","15":"tag-espana","16":"tag-famosos","17":"tag-juan-carmona","18":"tag-spain"},"share_on_mastodon":{"url":"https:\/\/pubeurope.com\/@es\/115647806686711872","error":""},"_links":{"self":[{"href":"https:\/\/www.europesays.com\/es\/wp-json\/wp\/v2\/posts\/266553","targetHints":{"allow":["GET"]}}],"collection":[{"href":"https:\/\/www.europesays.com\/es\/wp-json\/wp\/v2\/posts"}],"about":[{"href":"https:\/\/www.europesays.com\/es\/wp-json\/wp\/v2\/types\/post"}],"author":[{"embeddable":true,"href":"https:\/\/www.europesays.com\/es\/wp-json\/wp\/v2\/users\/2"}],"replies":[{"embeddable":true,"href":"https:\/\/www.europesays.com\/es\/wp-json\/wp\/v2\/comments?post=266553"}],"version-history":[{"count":0,"href":"https:\/\/www.europesays.com\/es\/wp-json\/wp\/v2\/posts\/266553\/revisions"}],"wp:featuredmedia":[{"embeddable":true,"href":"https:\/\/www.europesays.com\/es\/wp-json\/wp\/v2\/media\/266554"}],"wp:attachment":[{"href":"https:\/\/www.europesays.com\/es\/wp-json\/wp\/v2\/media?parent=266553"}],"wp:term":[{"taxonomy":"category","embeddable":true,"href":"https:\/\/www.europesays.com\/es\/wp-json\/wp\/v2\/categories?post=266553"},{"taxonomy":"post_tag","embeddable":true,"href":"https:\/\/www.europesays.com\/es\/wp-json\/wp\/v2\/tags?post=266553"}],"curies":[{"name":"wp","href":"https:\/\/api.w.org\/{rel}","templated":true}]}}