{"id":266559,"date":"2025-12-02T03:22:13","date_gmt":"2025-12-02T03:22:13","guid":{"rendered":"https:\/\/www.europesays.com\/es\/266559\/"},"modified":"2025-12-02T03:22:13","modified_gmt":"2025-12-02T03:22:13","slug":"red-bull-se-disculpa-con-antonelli-tras-acusar-al-joven-de-dejarse-adelantar","status":"publish","type":"post","link":"https:\/\/www.europesays.com\/es\/266559\/","title":{"rendered":"Red Bull Se Disculpa Con Antonelli Tras Acusar Al Joven De Dejarse Adelantar"},"content":{"rendered":"<p data-type=\"paragraph\" data=\"[object Object]\">La escuder\u00eda de F\u00f3rmula 1 de Red Bull declar\u00f3 el lunes que lamentaba sinceramente haber sugerido que el piloto de Mercedes Kimi Antonelli hab\u00eda facilitado la cuarta posici\u00f3n al McLaren de Lando Norris durante el Gran Premio de Catar, luego de que el joven piloto italiano recibiera amenazas de muerte.<\/p>\n<p data-type=\"paragraph\" data=\"[object Object]\" class=\"emotion-1akm6h5-Paragraph e1e4oisd0\">Mientras el vigente tetracampe\u00f3n del mundo Red Bull lideraba la carrera, Norris estaba bloqueado detr\u00e1s de Antonelli.<\/p>\n<p data-type=\"paragraph\" data=\"[object Object]\" class=\"emotion-1akm6h5-Paragraph e1e4oisd0\">En la pen\u00faltima vuelta, el italiano cometi\u00f3 un error en una curva que permiti\u00f3 al brit\u00e1nico ganar una posici\u00f3n, sin\u00f3nimo de dos puntos extra en la ajustada lucha por el t\u00edtulo mundial.<\/p>\n<p data-type=\"paragraph\" data=\"[object Object]\" class=\"emotion-1akm6h5-Paragraph e1e4oisd0\">\u00abNo estoy seguro de lo que le pas\u00f3 a Antonelli Max, parece que simplemente se apart\u00f3 y dej\u00f3 pasar a Norris\u00bb, dijo Gianpiero Lambiase, ingeniero de carrera de Verstappen, al neerland\u00e9s por la radio, un mensaje retransmitido por las emisoras de televisi\u00f3n.<\/p>\n<p data-type=\"paragraph\" data=\"[object Object]\" class=\"emotion-1akm6h5-Paragraph e1e4oisd0\">El consejero especial de Red Bull Helmut Marko insisti\u00f3 despu\u00e9s en esa acusaci\u00f3n, diciendo que Antonelli hab\u00eda \u00abdejado pasar\u00bb a Norris.<\/p>\n<p data-type=\"paragraph\" data=\"[object Object]\" class=\"emotion-1akm6h5-Paragraph e1e4oisd0\">Tras lo sucedido, el joven comenz\u00f3 a recibir insultos en redes sociales, y varios medios brit\u00e1nicos indicaron que hab\u00eda recibido incluso \u00abamenazas de muerte\u00bb, y otros mensajes \u00absospechosos o graves\u00bb fueron detectados por Mercedes.<\/p>\n<p data-type=\"paragraph\" data=\"[object Object]\" class=\"emotion-1akm6h5-Paragraph e1e4oisd0\">En un comunicado, Red Bull asegur\u00f3 que los comentarios de su consejero fueron \u00abclaramente incorrectos\u00bb y la escuder\u00eda asegur\u00f3 \u00ablamentar sinceramente que el piloto haya tenido que sufrir acoso en l\u00ednea\u00bb.<\/p>\n<p data-type=\"paragraph\" data=\"[object Object]\" class=\"emotion-1akm6h5-Paragraph e1e4oisd0\">Por su parte, Mercedes asegur\u00f3 que Gianpiero Lambiase se hab\u00eda disculpado con el director del equipo Toto Wolff.<\/p>\n<p data-type=\"paragraph\" data=\"[object Object]\" class=\"emotion-1akm6h5-Paragraph e1e4oisd0\">\u00abHe hablado con Lambiase\u00bb, declar\u00f3 Wolff. \u00abLe he visto y evidentemente \u00e9l estaba emocionado en ese momento, dijo que no vio la situaci\u00f3n\u00bb.<\/p>\n<p data-type=\"paragraph\" data=\"[object Object]\" class=\"emotion-1akm6h5-Paragraph e1e4oisd0\">El brit\u00e1nico Lando Norris contar\u00e1 con 12 puntos de ventaja sobre Verstappen el pr\u00f3ximo domingo, en el Gran Premio de Abu Dabi, \u00faltimo de la temporada en el que se decidir\u00e1 el t\u00edtulo mundial.<\/p>\n<p data-type=\"paragraph\" data=\"[object Object]\" class=\"emotion-1akm6h5-Paragraph e1e4oisd0\">bur-pb\/mw\/dam\/mcd<\/p>\n","protected":false},"excerpt":{"rendered":"La escuder\u00eda de F\u00f3rmula 1 de Red Bull declar\u00f3 el lunes que lamentaba sinceramente haber sugerido que el&hellip;\n","protected":false},"author":2,"featured_media":123368,"comment_status":"","ping_status":"","sticky":false,"template":"","format":"standard","meta":{"footnotes":""},"categories":[93],"tags":[45,1400,168,25,24,306,3317,10659,1070,65922,23,167,116],"class_list":{"0":"post-266559","1":"post","2":"type-post","3":"status-publish","4":"format-standard","5":"has-post-thumbnail","7":"category-deportes","8":"tag-45","9":"tag-auto","10":"tag-deportes","11":"tag-es","12":"tag-espana","13":"tag-f1","14":"tag-internet","15":"tag-ita","16":"tag-mundial","17":"tag-qat","18":"tag-spain","19":"tag-sports","20":"tag-synd"},"share_on_mastodon":{"url":"https:\/\/pubeurope.com\/@es\/115647830499545797","error":""},"_links":{"self":[{"href":"https:\/\/www.europesays.com\/es\/wp-json\/wp\/v2\/posts\/266559","targetHints":{"allow":["GET"]}}],"collection":[{"href":"https:\/\/www.europesays.com\/es\/wp-json\/wp\/v2\/posts"}],"about":[{"href":"https:\/\/www.europesays.com\/es\/wp-json\/wp\/v2\/types\/post"}],"author":[{"embeddable":true,"href":"https:\/\/www.europesays.com\/es\/wp-json\/wp\/v2\/users\/2"}],"replies":[{"embeddable":true,"href":"https:\/\/www.europesays.com\/es\/wp-json\/wp\/v2\/comments?post=266559"}],"version-history":[{"count":0,"href":"https:\/\/www.europesays.com\/es\/wp-json\/wp\/v2\/posts\/266559\/revisions"}],"wp:featuredmedia":[{"embeddable":true,"href":"https:\/\/www.europesays.com\/es\/wp-json\/wp\/v2\/media\/123368"}],"wp:attachment":[{"href":"https:\/\/www.europesays.com\/es\/wp-json\/wp\/v2\/media?parent=266559"}],"wp:term":[{"taxonomy":"category","embeddable":true,"href":"https:\/\/www.europesays.com\/es\/wp-json\/wp\/v2\/categories?post=266559"},{"taxonomy":"post_tag","embeddable":true,"href":"https:\/\/www.europesays.com\/es\/wp-json\/wp\/v2\/tags?post=266559"}],"curies":[{"name":"wp","href":"https:\/\/api.w.org\/{rel}","templated":true}]}}