{"id":266564,"date":"2025-12-02T03:25:16","date_gmt":"2025-12-02T03:25:16","guid":{"rendered":"https:\/\/www.europesays.com\/es\/266564\/"},"modified":"2025-12-02T03:25:16","modified_gmt":"2025-12-02T03:25:16","slug":"asi-es-el-gran-misterio-del-invisible-andamio-del-universo-que-ahora-la-ciencia-comienza-a-resolver","status":"publish","type":"post","link":"https:\/\/www.europesays.com\/es\/266564\/","title":{"rendered":"as\u00ed es el gran misterio del invisible &#8216;andamio&#8217; del universo que ahora la ciencia comienza a resolver"},"content":{"rendered":"<p class=\"c-paragraph\">Entender a f\u00edsicos y astr\u00f3nomos cuando nos explican qu\u00e9 es y c\u00f3mo funciona el universo no siempre es f\u00e1cil. Hace tiempo que unos y otros nos hablan de la <a href=\"https:\/\/www.20minutos.es\/tags\/temas\/materia-oscura.html\" title=\"Materia oscura\" rel=\"nofollow noopener\" target=\"_blank\">materia oscura<\/a>. Lo han hecho<b> a trav\u00e9s de la especulaci\u00f3n y las matem\u00e1ticas<\/b>, pero sin mostrarnos nada. Eso es lo que podr\u00eda haber cambiado gracias al Telescopio Espacial de Rayos Gamma Fermi.<\/p>\n<p class=\"c-paragraph\">Este telescopio podr\u00eda haber proporcionado evidencia directa de la materia oscura, permitiendo que esta materia invisible se \u00abviera\u00bb por primera vez. Esas comillas tienen su sentido <b>porque la materia oscura no se ve<\/b>. O sea, no se puede observar directamente porque las part\u00edculas que la componen no interact\u00faan con la fuerza electromagn\u00e9tica, lo que significa que no absorbe, refleja ni emite luz.<\/p>\n<p class=\"c-paragraph\">Su nombre, pues, hace referencia a que se considera que <b>no emite ning\u00fan tipo de radiaci\u00f3n electromagn\u00e9tica <\/b>(como la luz). Los cient\u00edficos han registrado sus efectos sobre la materia observable, pero no han podido observarla directamente.<\/p>\n<p>Oscura y secreta, pero abundante<\/p>\n<p class=\"c-paragraph\">Los astrof\u00edsicos estiman que la materia com\u00fan (la visible) s\u00f3lo representa el 4% del universo, frente a aproximadamente <b>un 26% que ser\u00eda materia oscura<\/b>. Y sin embargo, ese \u00abpegamento\u00bb del cosmos es uno de los mayores enigmas de la f\u00edsica moderna. Como que los cient\u00edficos no logran descifrar su naturaleza.<\/p>\n<p class=\"c-paragraph\">De su existencia se dio cuenta en 1933 el <b>astr\u00f3nomo suizo Fritz Zwicky.<\/b> Observ\u00f3 que las galaxias se mov\u00edan en el espacio a una velocidad superior a la que cabr\u00eda esperar dada su masa. Hizo cuentas. As\u00ed <b>dedujo la presencia de una estructura invisible<\/b>, la materia oscura, que manten\u00eda unidas las galaxias. Sin esta materia, las galaxias se desintegrar\u00edan a causa de su rotaci\u00f3n porque la gravedad generada por la materia visible no ser\u00eda suficiente.<\/p>\n<p class=\"c-paragraph\">Despu\u00e9s de Zwicky, <b>otras observaciones han indicado la posible presencia<\/b> de materia oscura en el universo. Desde la citada velocidad de rotaci\u00f3n de las galaxias a los lentes gravitacionales de los objetos por los c\u00famulos de galaxias, pasando por la distribuci\u00f3n de la temperatura del gas caliente en galaxias, c\u00famulos de galaxias y nebulosas.<\/p>\n<p>Hawking: la materia oscura, en los agujeros negros<\/p>\n<p class=\"c-paragraph\">Los f\u00edsicos creen que durante el <a href=\"https:\/\/www.20minutos.es\/tags\/temas\/big-bang.html\" title=\"Big Bang\" rel=\"nofollow noopener\" target=\"_blank\">Big Bang<\/a> las primeras estrellas y galaxias tomaron forma gracias a la materia oscura. En esas primeras etapas del universo, <b>esta materia sirvi\u00f3 de \u00abandamio\u00bb<\/b> para que la materia ordinaria se agrupase.<\/p>\n<p class=\"c-paragraph\"><a href=\"https:\/\/www.20minutos.es\/tags\/personas\/stephen-hawking.html\" title=\"Stephen Hawking\" rel=\"nofollow noopener\" target=\"_blank\">Stephen Hawking<\/a> tambi\u00e9n tiene su teor\u00eda. En 1974, junto a Bernard Carr, propuso<b> que los agujeros negros no eran pozos oscuros<\/b>, sino que pod\u00eda ser que emitieran una forma de radiaci\u00f3n cu\u00e1ntica. Los dos f\u00edsicos plantearon la existencia de <a href=\"https:\/\/www.20minutos.es\/tags\/temas\/agujeros-negros.html\" title=\"Agujeros Negros\" rel=\"nofollow noopener\" target=\"_blank\">agujeros negros<\/a> primordiales (posteriores al Big Bang) que representar\u00edan toda la materia oscura en el universo.<\/p>\n<p class=\"c-paragraph\">Que la <b>materia oscura podr\u00eda esconderse en los agujeros negros<\/b> fue el tema principal del trabajo de Hawking. El estudio de los agujeros negros ha llevado a un mayor inter\u00e9s en la materia oscura y la energ\u00eda oscura. La interacci\u00f3n entre estos elementos podr\u00eda ofrecer pistas sobre la estructura del cosmos y su evoluci\u00f3n futura.<\/p>\n<p>De que est\u00e1 hecha la materia oscura<\/p>\n<p class=\"c-paragraph\">Se desconoce la composici\u00f3n de la materia oscura. <b>Hay muchas teor\u00edas y especulaciones.<\/b> Podr\u00eda ser que estuviera compuesta por part\u00edculas subat\u00f3micas ex\u00f3ticas, neutrinos ordinarios y pesados, cuerpos astron\u00f3micos como las estrellas enanas, objetos astron\u00f3micos (colectivamente llamados MACHO) o por nubes de gases no luminosos.<\/p>\n<p class=\"c-paragraph\">Tambi\u00e9n podr\u00eda ser que la materia oscura estuviera compuesta por <b>part\u00edculas masivas de interacci\u00f3n d\u00e9bil <\/b>(WIMP, por sus siglas en ingl\u00e9s). Son m\u00e1s pesadas que los protones, pero interact\u00faan muy poco con la materia. Pero no hay certezas.<\/p>\n<p>La mirada del telescopio Fermi<\/p>\n<p class=\"c-paragraph\">El <a href=\"https:\/\/fermi.gsfc.nasa.gov\/\" rel=\"nofollow noreferrer noopener\" title=\"https:\/\/fermi.gsfc.nasa.gov\/\" target=\"_blank\">Telescopio Espacial de Rayos Gamma Fermi<\/a> fue puesto en \u00f3rbita el 11 de junio de 2008 desde el cohete Delta II, lanzado desde Cabo Ca\u00f1averal (EEUU). Hab\u00eda sido dise\u00f1ado para <b>estudiar las fuentes de rayos gamma del universo <\/b>con el objeto de detallar un mapa de las mismas. Es un telescopio de gran \u00e1rea (&#8216;Large Area Telescope&#8217;) y su nombre honra al f\u00edsico italiano Enrico Fermi.<\/p>\n<p class=\"c-paragraph\">La misi\u00f3n est\u00e1 financiada por la NASA, el Departamento Americano de Energ\u00eda (DOE) y agencias de financiaci\u00f3n de Francia, Alemania, Italia, Jap\u00f3n y Suecia. Con el Fermi, un equipo internacional de m\u00e1s de 150 cient\u00edficos est\u00e1<b> mapeando todo el cielo en busca de fen\u00f3menos astrof\u00edsicos<\/b> como n\u00facleos activos de galaxia, p\u00falsares o restos de supernova.<\/p>\n<p class=\"c-paragraph\">El telescopio sigue una <b>\u00f3rbita circular baja (550 km de altura) con un periodo de 95 minutos<\/b>. Con sus capacidades, el Fermi proporciona una enorme cantidad de datos del Cosmos, datos que se ponen a disposici\u00f3n de la comunidad cient\u00edfica. Es lo que ha hizo un equipo encabezado por astrof\u00edsicos de la Universidad de Tokio.<\/p>\n<p>\u00bfEmite rayos gamma la materia oscura?<\/p>\n<p class=\"c-paragraph\">Estudiaron los datos m\u00e1s recientes del Fermi, centr\u00e1ndose en regiones donde se deber\u00eda concentrar la materia oscura, como el centro de nuestra galaxia. Ahora podr\u00edan haber confirmado el hallazgo: la <b>detecci\u00f3n de los rayos gamma espec\u00edficos<\/b> predichos por la aniquilaci\u00f3n de part\u00edculas te\u00f3ricas de materia oscura.<\/p>\n<p class=\"c-paragraph\">Aseguran haber detectado un tipo espec\u00edfico de rayos gamma, que ser\u00edan el <b>resultado de la aniquilaci\u00f3n de part\u00edculas te\u00f3ricas de materia oscura<\/b>. Lo explican en un estudio encabezado por esa universidad de Tokio <a href=\"https:\/\/iopscience.iop.org\/article\/10.1088\/1475-7516\/2025\/11\/080\" rel=\"nofollow noreferrer noopener\" title=\"https:\/\/iopscience.iop.org\/article\/10.1088\/1475-7516\/2025\/11\/080\" target=\"_blank\">que publica Journal of Cosmology and Astroparticle Physics.<\/a><\/p>\n<p class=\"c-paragraph\">\u00abDetectamos rayos gamma con una energ\u00eda fot\u00f3nica de 20 gigaelectronvoltios (o 20 mil millones de electronvoltios, una cantidad de energ\u00eda extremadamente grande) que se extienden en una estructura similar a un halo hacia el centro de la V\u00eda L\u00e1ctea. El componente de emisi\u00f3n de rayos gamma <b>se asemeja mucho a la forma esperada del halo de materia oscura<\/b>\u00ab, asegura el profesor Tomonori Totani, del Departamento de Astronom\u00eda de la Universidad de Tokio.<\/p>\n<p class=\"c-paragraph\">Estas mediciones de rayos gamma no se explican f\u00e1cilmente por otros fen\u00f3menos astron\u00f3micos m\u00e1s comunes ni por emisiones de rayos gamma. Por lo tanto, Totani considera que estos datos constituyen un fuerte <b>indicio de la emisi\u00f3n de rayos gamma de la materia oscura<\/b>, lo que se ha buscado durante muchos a\u00f1os.<\/p>\n<p>Ahora toca confirmarlo<\/p>\n<p class=\"c-paragraph\">Si se confirmarse el hallazgo, ser\u00eda <b>\u00abuno de los grandes descubrimientos en la historia de la ciencia\u00bb,<\/b> seg\u00fan ha declarado a Efe el investigador de la Universidad Aut\u00f3noma de Madrid y de la Colaboraci\u00f3n NASA Fermi-LAT Miguel \u00c1ngel S\u00e1nchez Conde.<\/p>\n<p class=\"c-paragraph\">\u00abLamentablemente y pese a ser un trabajo serio\u00bb, <b>contiene grandes incertidumbres<\/b>, de forma que resulta imposible afirmar que \u00abes la primera vez que se ha visto la materia oscura\u00bb, se\u00f1al\u00f3 a la plataforma de recursos cient\u00edficos Science Media Centre.<\/p>\n<p class=\"c-paragraph\">El catedr\u00e1tico de la Universidad Complutense de Madrid Juan Abel Barrio cuestiona la buena calidad del art\u00edculo y pone su <b>confianza en los investigadores que s\u00ed forman parte de la colaboraci\u00f3n Fermi<\/b>, quienes a\u00fan no han encontrado \u00abninguna evidencia estad\u00edsticamente significativa de rayos gamma provenientes de materia oscura\u00bb, ha dicho a Efe<\/p>\n","protected":false},"excerpt":{"rendered":"Entender a f\u00edsicos y astr\u00f3nomos cuando nos explican qu\u00e9 es y c\u00f3mo funciona el universo no siempre es&hellip;\n","protected":false},"author":2,"featured_media":266565,"comment_status":"","ping_status":"","sticky":false,"template":"","format":"standard","meta":{"footnotes":""},"categories":[81],"tags":[65924,119,123,124,25,24,12379,2074,117,121,122,38048,23,118,120],"class_list":{"0":"post-266564","1":"post","2":"type-post","3":"status-publish","4":"format-standard","5":"has-post-thumbnail","7":"category-ciencia-y-tecnologia","8":"tag-abundante","9":"tag-ciencia","10":"tag-ciencia-y-tecnologia","11":"tag-cienciaytecnologia","12":"tag-es","13":"tag-espana","14":"tag-invisible","15":"tag-que","16":"tag-science","17":"tag-science-and-technology","18":"tag-scienceandtechnology","19":"tag-secreta","20":"tag-spain","21":"tag-technology","22":"tag-tecnologia"},"share_on_mastodon":{"url":"https:\/\/pubeurope.com\/@es\/115647841850443261","error":""},"_links":{"self":[{"href":"https:\/\/www.europesays.com\/es\/wp-json\/wp\/v2\/posts\/266564","targetHints":{"allow":["GET"]}}],"collection":[{"href":"https:\/\/www.europesays.com\/es\/wp-json\/wp\/v2\/posts"}],"about":[{"href":"https:\/\/www.europesays.com\/es\/wp-json\/wp\/v2\/types\/post"}],"author":[{"embeddable":true,"href":"https:\/\/www.europesays.com\/es\/wp-json\/wp\/v2\/users\/2"}],"replies":[{"embeddable":true,"href":"https:\/\/www.europesays.com\/es\/wp-json\/wp\/v2\/comments?post=266564"}],"version-history":[{"count":0,"href":"https:\/\/www.europesays.com\/es\/wp-json\/wp\/v2\/posts\/266564\/revisions"}],"wp:featuredmedia":[{"embeddable":true,"href":"https:\/\/www.europesays.com\/es\/wp-json\/wp\/v2\/media\/266565"}],"wp:attachment":[{"href":"https:\/\/www.europesays.com\/es\/wp-json\/wp\/v2\/media?parent=266564"}],"wp:term":[{"taxonomy":"category","embeddable":true,"href":"https:\/\/www.europesays.com\/es\/wp-json\/wp\/v2\/categories?post=266564"},{"taxonomy":"post_tag","embeddable":true,"href":"https:\/\/www.europesays.com\/es\/wp-json\/wp\/v2\/tags?post=266564"}],"curies":[{"name":"wp","href":"https:\/\/api.w.org\/{rel}","templated":true}]}}