{"id":266566,"date":"2025-12-02T03:26:16","date_gmt":"2025-12-02T03:26:16","guid":{"rendered":"https:\/\/www.europesays.com\/es\/266566\/"},"modified":"2025-12-02T03:26:16","modified_gmt":"2025-12-02T03:26:16","slug":"el-efecto-suchard-de-la-inflacion-sube-un-88-de-precio-y-ademas-pesa-menos","status":"publish","type":"post","link":"https:\/\/www.europesays.com\/es\/266566\/","title":{"rendered":"El &#8216;efecto Suchard&#8217; de la inflaci\u00f3n: sube un 88% de precio y adem\u00e1s pesa menos"},"content":{"rendered":"<p><strong>Si hay alg\u00fan producto que est\u00e9 estrechamente relacionado con la llegada de la Navidad<\/strong>, y cuyo consumo se d\u00e9 con mayor frecuencia durante estas fechas, <strong>ese es el del turr\u00f3n de chocolate.<\/strong><\/p>\n<p>Por marcas, hay pocos anuncios navide\u00f1os que sean m\u00e1s ic\u00f3nicos que los que tienen que ver con el turr\u00f3n de chocolate de Suchard. No obstante, y a pesar de que el turr\u00f3n de chocolate de esta marca es un cl\u00e1sico asequible en Espa\u00f1a, <strong>en los \u00faltimos a\u00f1os hemos visto como el precio de este producto ha ido creciendo poco a poco<\/strong>.<\/p>\n<p>De acuerdo con un estudio realizado por la empresa <a href=\"https:\/\/www.instagram.com\/p\/DQjG52TDTqC\/\" rel=\"nofollow noreferrer noopener\" target=\"_blank\">Fitstore<\/a>, una tienda especializada en productos de alimentaci\u00f3n saludables, podemos ver c\u00f3mo <strong>tanto el precio como el peso en gramos del cl\u00e1sico turr\u00f3n de chocolate<\/strong> de la marca Suchard ha ido cambiando de esta forma:<\/p>\n<p><a class=\"fancybox\" href=\"https:\/\/s1.staticld.com\/2025\/11\/25\/captura-de-pantalla-2025-11-25-170939.jpg\" rel=\"nofollow noreferrer noopener\" target=\"_blank\"><img class=\"l\" data-  style=\"aspect-ratio: 620 \/ 831\" alt=\"captura-de-pantalla-2025-11-25-170939.jpg\"\/><\/a><\/p>\n<p>Como se puede apreciar en la imagen, <strong>en el a\u00f1o 2020 el precio del turr\u00f3n de chocolate de Suchard era de 2,99 euros<\/strong>, mientras que su peso era de 260 gramos. Ya en 2021 el precio creci\u00f3 un 10%, pasando de los 2,99 euros a los 3,29 euros. En 2022 volvi\u00f3 a subir de precio un 6% hasta alcanzar los 3,49 euros.<\/p>\n<p>En el a\u00f1o 2023 el precio volvi\u00f3 a subir hasta un 14%, pasando de los 3,49 euros a los 3,99 euros. Aunque en el a\u00f1o 2024 el precio no subi\u00f3, lo que s\u00ed ocurri\u00f3 es que <strong>la marca decidi\u00f3 reducir el tama\u00f1o de este producto, rebaj\u00e1ndolo desde los 260 gramos hasta los 230 gramos <\/strong>(una reducci\u00f3n del 11,5%), lo que se conoce como \u00abreduflaci\u00f3n\u00bb.<\/p>\n<p>    Relacionado<\/p>\n<p>En \u00faltima instancia, el precio en 2025 ha subido un euro de golpe y ya se vende por 4,99 euros, un 25% m\u00e1s caro que en 2024. Es decir, <strong>entre 2020 y 2025 el turr\u00f3n de Suchard no s\u00f3lo se ha encarecido un 88% sino que tambi\u00e9n ha reducido su tama\u00f1o en un 11,5%<\/strong>. De esta forma, vemos que cada gramo de turr\u00f3n de Suchard ha pasado de costar 1,15 c\u00e9ntimos en 2020 a 2,17 c\u00e9ntimos en 2025.<\/p>\n<p>\u00bfPor qu\u00e9 ha subido tanto el precio del turr\u00f3n de Suchard?<\/p>\n<p>Como es l\u00f3gico, este cambio tan brusco ha llevado a que mucha gente se pregunte el porqu\u00e9 de dicho encarecimiento. Pues bien, en parte, <strong>esta subida est\u00e1 justificada por el incremento en los precios que han tenido bienes como el chocolate<\/strong> terminado y el cacao\/chocolate en polvo.<\/p>\n<p>En el caso del <strong>chocolate terminado<\/strong>, y seg\u00fan el INE, tenemos que desde el 2020 hasta la actualidad se ha encarecido un <strong>65,3%<\/strong>, mientras que el cacao y el <strong>chocolate en polvo<\/strong> se ha vuelto un <strong>60%<\/strong> <strong>m\u00e1s caro<\/strong>. Tanto en un caso como en otro, vemos que el precio empieza a subir con m\u00e1s fuerza a partir del periodo 2023-2024.<\/p>\n<p><a class=\"fancybox\" href=\"https:\/\/s1.staticld.com\/2025\/11\/25\/graph-4.jpg\" rel=\"nofollow noreferrer noopener\" target=\"_blank\"><img class=\"l\" data-  style=\"aspect-ratio: 1036 \/ 503\" alt=\"graph-4.jpg\"\/><\/a><\/p>\n<p>En resumidas cuentas, vemos como uno de los productos estrella de cada Navidad, como es el turr\u00f3n de chocolate de la marca suiza Suchard, se ha ido volviendo cada vez m\u00e1s caro desde el a\u00f1o 2020, haciendo que ahora <strong>el producto cl\u00e1sico cueste casi el doble mientras que el tama\u00f1o se ha reducido desde el a\u00f1o 2024<\/strong>, algo que ha sentado mal a muchos consumidores.<\/p>\n<p>            <script async src=\"\/\/www.instagram.com\/embed.js\"><\/script><\/p>\n","protected":false},"excerpt":{"rendered":"Si hay alg\u00fan producto que est\u00e9 estrechamente relacionado con la llegada de la Navidad, y cuyo consumo se&hellip;\n","protected":false},"author":2,"featured_media":266567,"comment_status":"","ping_status":"","sticky":false,"template":"","format":"standard","meta":{"footnotes":""},"categories":[80],"tags":[82,37509,37508,95,94,25,24,8068,23,65925],"class_list":{"0":"post-266566","1":"post","2":"type-post","3":"status-publish","4":"format-standard","5":"has-post-thumbnail","7":"category-economia","8":"tag-business","9":"tag-cacao","10":"tag-chocolate","11":"tag-economia","12":"tag-economy","13":"tag-es","14":"tag-espana","15":"tag-ine","16":"tag-spain","17":"tag-suchard"},"share_on_mastodon":{"url":"https:\/\/pubeurope.com\/@es\/115647845808825883","error":""},"_links":{"self":[{"href":"https:\/\/www.europesays.com\/es\/wp-json\/wp\/v2\/posts\/266566","targetHints":{"allow":["GET"]}}],"collection":[{"href":"https:\/\/www.europesays.com\/es\/wp-json\/wp\/v2\/posts"}],"about":[{"href":"https:\/\/www.europesays.com\/es\/wp-json\/wp\/v2\/types\/post"}],"author":[{"embeddable":true,"href":"https:\/\/www.europesays.com\/es\/wp-json\/wp\/v2\/users\/2"}],"replies":[{"embeddable":true,"href":"https:\/\/www.europesays.com\/es\/wp-json\/wp\/v2\/comments?post=266566"}],"version-history":[{"count":0,"href":"https:\/\/www.europesays.com\/es\/wp-json\/wp\/v2\/posts\/266566\/revisions"}],"wp:featuredmedia":[{"embeddable":true,"href":"https:\/\/www.europesays.com\/es\/wp-json\/wp\/v2\/media\/266567"}],"wp:attachment":[{"href":"https:\/\/www.europesays.com\/es\/wp-json\/wp\/v2\/media?parent=266566"}],"wp:term":[{"taxonomy":"category","embeddable":true,"href":"https:\/\/www.europesays.com\/es\/wp-json\/wp\/v2\/categories?post=266566"},{"taxonomy":"post_tag","embeddable":true,"href":"https:\/\/www.europesays.com\/es\/wp-json\/wp\/v2\/tags?post=266566"}],"curies":[{"name":"wp","href":"https:\/\/api.w.org\/{rel}","templated":true}]}}