{"id":266570,"date":"2025-12-02T03:28:11","date_gmt":"2025-12-02T03:28:11","guid":{"rendered":"https:\/\/www.europesays.com\/es\/266570\/"},"modified":"2025-12-02T03:28:11","modified_gmt":"2025-12-02T03:28:11","slug":"hora-y-donde-ver-en-tv-la-entrevista-a-gemma-nierga","status":"publish","type":"post","link":"https:\/\/www.europesays.com\/es\/266570\/","title":{"rendered":"hora y d\u00f3nde ver en TV la entrevista a Gemma Nierga"},"content":{"rendered":"<p>Despu\u00e9s de dos semanas en las que el <strong>presidente <\/strong>del <strong>Gobierno <\/strong>ha tenido que ver como su <strong>exfiscal general <\/strong>del Estado era <strong>condenado <\/strong>por revelaci\u00f3n de datos, uno de sus <strong>exsecretarios <\/strong>de <strong>Organizaci\u00f3n <\/strong>en el <strong>PSOE <\/strong>sal\u00eda de <strong>prisi\u00f3n <\/strong>y el predecesor entraba d\u00edas despu\u00e9s, Pedro <strong>S\u00e1nchez <\/strong>se sienta este martes en<strong> Caf\u00e8 d&#8217;idees<\/strong> con <strong>Gemma Nierga<\/strong>. <\/p>\n<p>En una entrevista en el programa de actualidad matinal de<strong> La 2Cat<\/strong>, S\u00e1nchez <strong>responder\u00e1 <\/strong>a esas y otras cuestiones que marcan la <strong>actualidad pol\u00edtica en este momento <\/strong>y sobre los principales temas de inter\u00e9s que centran el d\u00eda a d\u00eda de la sociedad catalana y del resto de Espa\u00f1a. Todo estos asuntos en una entrevista que podr\u00e1 seguirse tambi\u00e9n en La 1 y el Canal 24 Horas. <\/p>\n<p>Con un Gobierno en minor\u00eda tras la retirada de apoyo de Junts, sin posibilidad por el momento de sacar adelante el techo de gasto y la senda de estabilidad, tener nuevos presupuestos parece lejano aunque los datos econ\u00f3micos respalden la gesti\u00f3n del Gobierno. Todo ello en un Parlamento cada vez m\u00e1s fragmentado y dividido y con el PP y Vox fortalecidos en las encuestas. Desde la derecha y ultraderecha no han cesado en sus ataques al Gobierno, un argumento al que el Gobierno responde con sus datos econ\u00f3micos. <\/p>\n<p>Desde el Ejecutivo han insistido que actuaron con contundencias desde el primer momento con los casos de corrupci\u00f3n en el entorno del presidente y que tienen \u00abtolerancia cero\u00bb con ella. Adem\u00e1s, han defendido la inocencia de Bego\u00f1a G\u00f3mez o el exfiscal general del Estado y han asegurado que \u00abel tiempo pondr\u00e1 las cosas en su sitio\u00bb respecto a la situaci\u00f3n procesal del hermano de S\u00e1nchez, imputado por su contrataci\u00f3n en la Diputaci\u00f3n de Badajoz por el ahora candidato del PSOE a las elecciones extreme\u00f1as. <\/p>\n<p>Respecto a los presupuestos, el Gobierno tambi\u00e9n ha mostrado optimismo en todo momento, igual que con agotar la legislatura. Desde verano han asegurado que los iban a presentar y ahora, ya en diciembre, mantienen que lo har\u00e1n y que a pesar de la dificultad parlamentaria esperan aprobarlos. <\/p>\n<p>Hora, canal y d\u00f3nde ver en TV la entrevista a Pedro S\u00e1nchez<\/p>\n<p>Con este escenario, S\u00e1nchez siempre ha insistido en su intenci\u00f3n de seguir gobernando hasta 2027. Asuntos de actualidad que estar\u00e1n en presentes en la entrevista en con Gemma Nierga, la periodista entrevistar\u00e1 al presidente del Gobierno en directo desde el Palacio de la Moncloa este martes. <\/p>\n<p>La entrevista a <strong>Pedro S\u00e1nchez <\/strong>podr\u00e1 verse en TV este <strong>2 de diciembre<\/strong> a partir de las <strong>9:00 horas en La 1 de TVE, el Canal 24 Horas, La 2 Cat y R\u00e0dio 4 <\/strong>as\u00ed como en streaming a trav\u00e9s de la plataforma de <strong>RTVE Play<\/strong>. Tambi\u00e9n podr\u00e1 seguir todo lo que ocurra durante la emisi\u00f3n de la entrevista en <strong>RTVE Catalunya, RNE Audio<\/strong> y <strong>RTVE.es<\/strong><\/p>\n","protected":false},"excerpt":{"rendered":"Despu\u00e9s de dos semanas en las que el presidente del Gobierno ha tenido que ver como su exfiscal&hellip;\n","protected":false},"author":2,"featured_media":266571,"comment_status":"","ping_status":"","sticky":false,"template":"","format":"standard","meta":{"footnotes":""},"categories":[8],"tags":[17,18,25,24,13,14,11,19,20,9,10,15,16,23,12,21,22],"class_list":{"0":"post-266570","1":"post","2":"type-post","3":"status-publish","4":"format-standard","5":"has-post-thumbnail","7":"category-espana","8":"tag-breaking-news","9":"tag-breakingnews","10":"tag-es","11":"tag-espana","12":"tag-featured-news","13":"tag-featurednews","14":"tag-headlines","15":"tag-latest-news","16":"tag-latestnews","17":"tag-news","18":"tag-noticias","19":"tag-noticias-destacadas","20":"tag-noticiasdestacadas","21":"tag-spain","22":"tag-titulares","23":"tag-ultimas-noticias","24":"tag-ultimasnoticias"},"share_on_mastodon":{"url":"https:\/\/pubeurope.com\/@es\/115647853706908950","error":""},"_links":{"self":[{"href":"https:\/\/www.europesays.com\/es\/wp-json\/wp\/v2\/posts\/266570","targetHints":{"allow":["GET"]}}],"collection":[{"href":"https:\/\/www.europesays.com\/es\/wp-json\/wp\/v2\/posts"}],"about":[{"href":"https:\/\/www.europesays.com\/es\/wp-json\/wp\/v2\/types\/post"}],"author":[{"embeddable":true,"href":"https:\/\/www.europesays.com\/es\/wp-json\/wp\/v2\/users\/2"}],"replies":[{"embeddable":true,"href":"https:\/\/www.europesays.com\/es\/wp-json\/wp\/v2\/comments?post=266570"}],"version-history":[{"count":0,"href":"https:\/\/www.europesays.com\/es\/wp-json\/wp\/v2\/posts\/266570\/revisions"}],"wp:featuredmedia":[{"embeddable":true,"href":"https:\/\/www.europesays.com\/es\/wp-json\/wp\/v2\/media\/266571"}],"wp:attachment":[{"href":"https:\/\/www.europesays.com\/es\/wp-json\/wp\/v2\/media?parent=266570"}],"wp:term":[{"taxonomy":"category","embeddable":true,"href":"https:\/\/www.europesays.com\/es\/wp-json\/wp\/v2\/categories?post=266570"},{"taxonomy":"post_tag","embeddable":true,"href":"https:\/\/www.europesays.com\/es\/wp-json\/wp\/v2\/tags?post=266570"}],"curies":[{"name":"wp","href":"https:\/\/api.w.org\/{rel}","templated":true}]}}