{"id":266575,"date":"2025-12-02T03:38:13","date_gmt":"2025-12-02T03:38:13","guid":{"rendered":"https:\/\/www.europesays.com\/es\/266575\/"},"modified":"2025-12-02T03:38:13","modified_gmt":"2025-12-02T03:38:13","slug":"la-dificil-resaca-de-isaac-romero-con-disculpa-y-promesa","status":"publish","type":"post","link":"https:\/\/www.europesays.com\/es\/266575\/","title":{"rendered":"La dif\u00edcil resaca de Isaac Romero, con disculpa y promesa"},"content":{"rendered":"<p>El lebrijano, que apag\u00f3 con su absurda expulsi\u00f3n en El Gran Derbi cualquier atisbo de reacci\u00f3n nervionense, sufre su segundo par\u00f3n obligado en un mes<\/p>\n<p class=\"parrafo\">Las redes ard\u00edan, especialmente en clave sevillista, contra <strong>Isaac Romero<\/strong> (incluyendo un audio tan viral como desagradable) por un absurda expulsi\u00f3n en las postrimer\u00edas de <strong>El Gran Derbi<\/strong>, una acci\u00f3n que termin\u00f3 con los intentos ya a la desesperada del equipo de <strong>Mat\u00edas Almeyda<\/strong> de recortar distancias para dar emoci\u00f3n al ep\u00edlogo. V\u00edctima de la <strong>frustraci\u00f3n<\/strong>, el delantero se levant\u00f3 como un resorte tras robarle el bal\u00f3n en aparente falta <strong>Valent\u00edn G\u00f3mez<\/strong>, fren\u00e1ndole con una patada a media altura que, si bien no hizo da\u00f1o al argentino ni puede ser considerada nunca como <strong>agresi\u00f3n<\/strong>, s\u00ed mereci\u00f3 la roja directa seg\u00fan <strong>Munuera Montero<\/strong>, que hablaba luego en el acta de \u00ab<strong>fuerza excesiva<\/strong>\u00bb y de la <strong>imposibilidad<\/strong> del &#8216;7&#8217; de jugar el bal\u00f3n.<\/p>\n<p class=\"parrafo\">Dos factores que podr\u00edan elevar de uno a dos los partidos de sanci\u00f3n que le imponga este mi\u00e9rcoles el <strong>Comit\u00e9 de Disciplina<\/strong> de la <strong>RFEF<\/strong>, dif\u00edcilmente recurribles, pues la prueba videogr\u00e1fica no desvirtuar\u00e1 en ning\u00fan caso la interpretaci\u00f3n del jiennense, como tampoco pudo hacer <strong>Iglesias Villanueva<\/strong> desde el <strong>VAR<\/strong>. Hasta puede darse el lebrijano con un canto en los dientes, pues hubo de ser retirado por el nuevo delegado de campo, <strong>Pepe D\u00edaz<\/strong>, para evitar que lanzara m\u00e1s <strong>improperios<\/strong> al asistente de esa banda. Se fue entre silbidos de su propia afici\u00f3n <strong>Isaac<\/strong>, <a href=\"https:\/\/www.estadiodeportivo.com\/futbol\/sevilla-fc\/isaac-romero-adelanta-regreso-cierra-puerta-del-sevilla-siempre-tenido-claro-20251120-521015.html\" target=\"_blank\" class=\"intext-link\" rel=\"nofollow noopener\">quien volv\u00eda precisamente de una lesi\u00f3n de aductores que le hizo perderse las citas ante CA Osasuna y RCD Espanyol<\/a>. Con todo, sigue siendo el m\u00e1ximo goleador del equipo (<strong\/><a href=\"https:\/\/www.estadiodeportivo.com\/futbol\/sevilla-fc\/isaac-romero-que-entra-casi-todo-paso-mal-intentaban-ayudarme-para-que-obsesionara-20250918-512675.html\" target=\"_blank\" class=\"intext-link\" rel=\"nofollow noopener\">tres tantos<\/a>, como el ahora tocado <strong>Rub\u00e9n Vargas<\/strong>), a lo que suma una asistencia, si bien, tras una <strong>24\/25<\/strong> discreta (<strong>5+2 en 35 citas oficiales<\/strong>), se esperaba mucho m\u00e1s del canterano. <\/p>\n<p><a class=\"elementos-rel-t2\" href=\"https:\/\/www.estadiodeportivo.com\/futbol\/sevilla-fc\/marcao-isaac-dejan-aun-mas-cuadro-almeyda-para-mestalla-20251130-522210.html\" title=\"Marcao e Isaac dejan a\u00fan m\u00e1s en cuadro a Almeyda para Mestalla\" rel=\"nofollow noopener\" target=\"_blank\"><\/p>\n<p class=\"titular titulo-4\">Marcao e Isaac dejan a\u00fan m\u00e1s en cuadro a Almeyda para Mestalla<\/p>\n<p><img decoding=\"async\" src=\"https:\/\/www.europesays.com\/es\/wp-content\/uploads\/2025\/12\/c9aec273-245f-4128-b83e-25a68ca5611d_320x180.jpeg\" alt=\"Marcao e Isaac dejan a\u00fan m\u00e1s en cuadro a Almeyda para Mestalla\"\/><\/a><a class=\"elementos-rel-t2\" href=\"https:\/\/www.estadiodeportivo.com\/futbol\/sevilla-fc\/isaac-carmona-juanlu-los-tres-damnificados-por-bandera-antibetica-coinciden-avisan-ahi-vera-20251127-521827.html\" title=\"Isaac, Carmona y Juanlu, los tres damnificados por la bandera antib\u00e9tica, coinciden y avisan: &quot;Ah\u00ed se ver\u00e1...&quot;\" rel=\"nofollow noopener\" target=\"_blank\"><\/p>\n<p class=\"titular titulo-4\">Isaac, Carmona y Juanlu, los tres damnificados por la bandera antib\u00e9tica, coinciden y avisan: \u00abAh\u00ed se ver\u00e1&#8230;\u00bb<\/p>\n<p><img decoding=\"async\" src=\"https:\/\/www.europesays.com\/es\/wp-content\/uploads\/2025\/12\/5df9d042-0624-4748-af30-c3d1c11ad401_320x180.jpeg\" alt=\"Isaac, Carmona y Juanlu, los tres damnificados por la bandera antib\u00e9tica, coinciden y avisan: &quot;Ah\u00ed se ver\u00e1...&quot;\"\/><\/a><a class=\"elementos-rel-t2\" href=\"https:\/\/www.estadiodeportivo.com\/futbol\/sevilla-fc\/giro-guion-isaac-romero-20250917-512386.html\" title=\"Otro giro de guion para Isaac Romero\" rel=\"nofollow noopener\" target=\"_blank\"><\/p>\n<p class=\"titular titulo-4\">Otro giro de guion para Isaac Romero<\/p>\n<p><img decoding=\"async\" src=\"https:\/\/www.europesays.com\/es\/wp-content\/uploads\/2025\/12\/c9292ff9-0d4b-439a-83a1-5e1399c310db_320x180.jpeg\" alt=\"Otro giro de guion para Isaac Romero\"\/><\/a>Arrepentimiento del lebrijano, dispuesto a dar al Sevilla \u00abtodo lo que se merece\u00bb<\/p>\n<p class=\"parrafo\">\u00ab(Quiero) pedir <strong>disculpas<\/strong> por lo ocurrido ayer. A veces las cosas no salen como uno quiere, pero estoy <strong>seguro<\/strong> de que voy a darle a mi club todo lo que se <strong>merece<\/strong>\u00ab, escrib\u00eda este lunes el zurdo en su perfil de Instagram, junto a una de las pocas im\u00e1genes que pudo captarse de \u00e9l en juego, en concreto pugnando con <strong>Marc Roca<\/strong> por un bal\u00f3n. En los <strong>23 minutos<\/strong> que estuvo sobre el c\u00e9sped, apenas dio una a derechas: <strong>0\/3 duelos ganados<\/strong>, <strong>dos faltas realizadas<\/strong> (una de ellas, la de la roja directa por la entrada a <strong>Valent\u00edn G\u00f3mez<\/strong>),<strong> cinco p\u00e9rdidas de bal\u00f3n tras siete contactos<\/strong> con el mismo, s\u00f3lo <strong>dos de cinco pases exitosos<\/strong> (y en campo propio) y <strong>ning\u00fan disparo<\/strong>, a puerta o desviado. Toca <strong>resetearse<\/strong> y volver m\u00e1s fuerte.<\/p>\n<p><img decoding=\"async\" src=\"https:\/\/www.europesays.com\/es\/wp-content\/uploads\/2025\/12\/d92275a2-7c6f-4b0b-b839-36497be4e9eb_800x1422.jpeg\" loading=\"lazy\"\/><\/p>\n","protected":false},"excerpt":{"rendered":"El lebrijano, que apag\u00f3 con su absurda expulsi\u00f3n en El Gran Derbi cualquier atisbo de reacci\u00f3n nervionense, sufre&hellip;\n","protected":false},"author":2,"featured_media":266576,"comment_status":"","ping_status":"","sticky":false,"template":"","format":"standard","meta":{"footnotes":""},"categories":[268],"tags":[168,60062,25,24,284,280,282,9414,2993,281,23,167],"class_list":{"0":"post-266575","1":"post","2":"type-post","3":"status-publish","4":"format-standard","5":"has-post-thumbnail","7":"category-futbol","8":"tag-deportes","9":"tag-el-gran-derbi","10":"tag-es","11":"tag-espana","12":"tag-estadio-deportivo","13":"tag-football","14":"tag-futbol","15":"tag-isaac-romero","16":"tag-sevilla-futbol-club","17":"tag-soccer","18":"tag-spain","19":"tag-sports"},"share_on_mastodon":{"url":"https:\/\/pubeurope.com\/@es\/115647893596455638","error":""},"_links":{"self":[{"href":"https:\/\/www.europesays.com\/es\/wp-json\/wp\/v2\/posts\/266575","targetHints":{"allow":["GET"]}}],"collection":[{"href":"https:\/\/www.europesays.com\/es\/wp-json\/wp\/v2\/posts"}],"about":[{"href":"https:\/\/www.europesays.com\/es\/wp-json\/wp\/v2\/types\/post"}],"author":[{"embeddable":true,"href":"https:\/\/www.europesays.com\/es\/wp-json\/wp\/v2\/users\/2"}],"replies":[{"embeddable":true,"href":"https:\/\/www.europesays.com\/es\/wp-json\/wp\/v2\/comments?post=266575"}],"version-history":[{"count":0,"href":"https:\/\/www.europesays.com\/es\/wp-json\/wp\/v2\/posts\/266575\/revisions"}],"wp:featuredmedia":[{"embeddable":true,"href":"https:\/\/www.europesays.com\/es\/wp-json\/wp\/v2\/media\/266576"}],"wp:attachment":[{"href":"https:\/\/www.europesays.com\/es\/wp-json\/wp\/v2\/media?parent=266575"}],"wp:term":[{"taxonomy":"category","embeddable":true,"href":"https:\/\/www.europesays.com\/es\/wp-json\/wp\/v2\/categories?post=266575"},{"taxonomy":"post_tag","embeddable":true,"href":"https:\/\/www.europesays.com\/es\/wp-json\/wp\/v2\/tags?post=266575"}],"curies":[{"name":"wp","href":"https:\/\/api.w.org\/{rel}","templated":true}]}}