{"id":266577,"date":"2025-12-02T03:39:12","date_gmt":"2025-12-02T03:39:12","guid":{"rendered":"https:\/\/www.europesays.com\/es\/266577\/"},"modified":"2025-12-02T03:39:12","modified_gmt":"2025-12-02T03:39:12","slug":"echo-de-menos-conversar-con-el","status":"publish","type":"post","link":"https:\/\/www.europesays.com\/es\/266577\/","title":{"rendered":"\u201cEcho de menos conversar con \u00e9l\u201d"},"content":{"rendered":"<p>                                    <img decoding=\"async\" loading=\"lazy\" src=\"https:\/\/www.europesays.com\/es\/wp-content\/uploads\/2025\/11\/66fd58bd3c8b9.jpeg\" alt=\"Evaristo Mart\u00ednez\" width=\"40\" height=\"40\" data-full-src=\"https:\/\/www.europesays.com\/es\/wp-content\/uploads\/2025\/11\/66fd58bd3c8b9.jpeg\"\/><\/p>\n<p class=\"paragraph\">Inmerso en <b><a href=\"https:\/\/www.lavozdealmeria.com\/vivir\/cultura\/400644\/david-bisbal-ocal-tandem-musical-recorre-espana-golpe-exitos-villancicos.html\" title=\"David Bisbal y la OCAL, el t\u00e1ndem almeriense que recorrer\u00e1 Espa\u00f1a a golpe de \u00e9xitos y villancicos\" rel=\"nofollow noopener\" target=\"_blank\">la gira navide\u00f1a<\/a><\/b> con la que est\u00e1 triunfando por las localidades espa\u00f1olas que est\u00e1 recorriendo <b>David Bisbal<\/b> ha querido homenajear este lunes 1 de diciembre a su padre, <b>el ex boxeador\u00a0Jos\u00e9 Bisbal Carrillo<\/b>, en el d\u00eda que cumple 84 a\u00f1os.<\/p>\n<p class=\"paragraph\">En un emotivo mensaje publicado en Instagram, David Bisbal ha recordado <b>la exitosa trayectoria deportiva<\/b> de su progenitor, <b>\u201cel primer campe\u00f3n de Espa\u00f1a de boxeo nacido en Almer\u00eda\u201d<\/b>.<\/p>\n<p class=\"paragraph\">\u201cSiete t\u00edtulos en una \u00e9poca dura,\u00a0cuando era muy f\u00e1cil que te enga\u00f1aran.\u00a0<b>A veces me lo imagino corriendo por La Molineta<\/b>, o subiendo el Tibidabo de Barcelona,\u00a0cuidando cada detalle,\u00a0comiendo su trozo de ternera\u00a0y <b>sufriendo con el peso antes de la pr\u00f3xima pelea<\/b>\u201d, escribe.<\/p>\n<p>            <a href=\"#\" title=\"\"><\/p>\n<p>                    <img loading=\"lazy\" decoding=\"async\" data-index=\"\" width=\"140\" height=\"140\" alt=\"\" data-full=\"[object Object]\" data-original=\"[object Object]\" src=\"https:\/\/imagenes.lavozdealmeria.com\/files\/related_image\/uploads\/2025\/11\/15\/6918dfe088efc.jpeg\" data-full-src=\"https:\/\/www.europesays.com\/es\/wp-content\/uploads\/2025\/12\/6918dfe088efc.jpeg\"\/><\/p>\n<p>            <\/a><\/p>\n<p class=\"paragraph\">El artista, que la pasada semana <b><a href=\"https:\/\/www.lavozdealmeria.com\/vivir\/cultura\/399162\/david-bisbal-inaugura-concierto-sorpresa-navidad-metro-madrid.html\" title=\"David Bisbal inaugura con un concierto sorpresa la Navidad en el metro de Madrid\" rel=\"nofollow noopener\" target=\"_blank\">sorprend\u00eda a los madrile\u00f1os con un concierto sorpresa en el Metro<\/a><\/b> para abrir la Navidad,\u00a0 ha elogiado <b>el \u201csacrificio\u201d <\/b>del campe\u00f3n de boxeo,\u00a0\u201cese que solo conocen los verdaderos campeones\u201d.<\/p>\n<p class=\"paragraph\">Al final, David Bisbal hace referencia al <b>alzh\u00e9imer <\/b>que sufre su padre, una enfermedad de la que ya ha hablado en m\u00e1s de una ocasi\u00f3n en programas como <a href=\"https:\/\/www.lavozdealmeria.com\/sociedad\/240695\/emotivas-palabras-david-bisbal-sobre-padre-hormiguero.html\" title=\"Las emotivas palabras de David Bisbal sobre su padre en \u2018El Hormiguero\u2019\" rel=\"nofollow noopener\" target=\"_blank\"><b>El Hormiguero<\/b><\/a> o en el <a href=\"https:\/\/www.lavozdealmeria.com\/vivir\/239501\/bisbal-jamas-he-he-pedido-ayuda-momentos-debilidad.html\" title=\"Bisbal: \u201cJam\u00e1s he estado solo, he pedido ayuda en los momentos de debilidad\u201d\" rel=\"nofollow noopener\" target=\"_blank\"><b>documental <\/b><\/a>que repasaba su trayectoria.<\/p>\n<p class=\"paragraph\">Y es en esta parte del mensaje donde el almeriense se abre en canal y <b>demuestra su sensibilidad<\/b>, siempre presente en \u00e9l y m\u00e1s a\u00fan cuando habla de sus seres queridos.<\/p>\n<p class=\"paragraph\">\u201cEcho de menos aquellas entrevistas que le hac\u00eda,\u00a0donde <b>dec\u00eda con una claridad preciosa\u00a0que \u00e9l era de Almer\u00eda<\/b>\u201d, confiesa.<\/p>\n<p class=\"paragraph\">La enfermedad sigue avanzando y desde hace un tiempo <b>el campe\u00f3n Jos\u00e9 Bisbal vive ajeno a la figura internacional<\/b> en la que se ha convertido su querido David.\u00a0<\/p>\n<p class=\"paragraph\">Sin embargo, el cari\u00f1o que le brindan los suyos est\u00e1 m\u00e1s presente que nunca.\u00a0<b>\u201cHoy reconoce algo muy importante todav\u00eda: el poder de un abrazo\u201d<\/b>, concluye su hijo en una publicaci\u00f3n que ha emocionado a todos sus seguidores.\u00a0<\/p>\n","protected":false},"excerpt":{"rendered":"Inmerso en la gira navide\u00f1a con la que est\u00e1 triunfando por las localidades espa\u00f1olas que est\u00e1 recorriendo David&hellip;\n","protected":false},"author":2,"featured_media":266578,"comment_status":"","ping_status":"","sticky":false,"template":"","format":"standard","meta":{"footnotes":""},"categories":[174],"tags":[255,146,147,25,24,256,23],"class_list":{"0":"post-266577","1":"post","2":"type-post","3":"status-publish","4":"format-standard","5":"has-post-thumbnail","7":"category-famosos","8":"tag-celebrities","9":"tag-entertainment","10":"tag-entretenimiento","11":"tag-es","12":"tag-espana","13":"tag-famosos","14":"tag-spain"},"share_on_mastodon":{"url":"https:\/\/pubeurope.com\/@es\/115647896907491358","error":""},"_links":{"self":[{"href":"https:\/\/www.europesays.com\/es\/wp-json\/wp\/v2\/posts\/266577","targetHints":{"allow":["GET"]}}],"collection":[{"href":"https:\/\/www.europesays.com\/es\/wp-json\/wp\/v2\/posts"}],"about":[{"href":"https:\/\/www.europesays.com\/es\/wp-json\/wp\/v2\/types\/post"}],"author":[{"embeddable":true,"href":"https:\/\/www.europesays.com\/es\/wp-json\/wp\/v2\/users\/2"}],"replies":[{"embeddable":true,"href":"https:\/\/www.europesays.com\/es\/wp-json\/wp\/v2\/comments?post=266577"}],"version-history":[{"count":0,"href":"https:\/\/www.europesays.com\/es\/wp-json\/wp\/v2\/posts\/266577\/revisions"}],"wp:featuredmedia":[{"embeddable":true,"href":"https:\/\/www.europesays.com\/es\/wp-json\/wp\/v2\/media\/266578"}],"wp:attachment":[{"href":"https:\/\/www.europesays.com\/es\/wp-json\/wp\/v2\/media?parent=266577"}],"wp:term":[{"taxonomy":"category","embeddable":true,"href":"https:\/\/www.europesays.com\/es\/wp-json\/wp\/v2\/categories?post=266577"},{"taxonomy":"post_tag","embeddable":true,"href":"https:\/\/www.europesays.com\/es\/wp-json\/wp\/v2\/tags?post=266577"}],"curies":[{"name":"wp","href":"https:\/\/api.w.org\/{rel}","templated":true}]}}