{"id":266585,"date":"2025-12-02T03:46:14","date_gmt":"2025-12-02T03:46:14","guid":{"rendered":"https:\/\/www.europesays.com\/es\/266585\/"},"modified":"2025-12-02T03:46:14","modified_gmt":"2025-12-02T03:46:14","slug":"aun-no-te-has-vacunado-de-la-gripe-en-asturias-te-lo-facilitan-en-30-centros-sin-cita-previa-por-toda-region","status":"publish","type":"post","link":"https:\/\/www.europesays.com\/es\/266585\/","title":{"rendered":"\u00bfA\u00fan no te has vacunado de la gripe? En Asturias te lo facilitan en 30 centros sin cita previa por toda regi\u00f3n"},"content":{"rendered":"<p class=\"ft-text\">El Servicio de Salud del Principado (Sespa) <strong>prorroga una semana m\u00e1s<\/strong> la vacunaci\u00f3n contra la gripe, sin cita previa y en horario de <strong>16:00 a 20:00 horas, en 30 centros de salud y consultorios repartidos por todas las \u00e1reas sanitarias<\/strong>. Esta iniciativa tiene como objetivo ampliar la inmunizaci\u00f3n de la poblaci\u00f3n frente a la enfermedad, <a class=\"ft-link ft-link--decoration\" href=\"https:\/\/www.lne.es\/sociedad\/2025\/11\/28\/sanidad-comunidades-gripe-protocolo-comun-124240133.html\" rel=\"nofollow noopener\" target=\"_blank\">cuya incidencia ha aumentado en los \u00faltimos d\u00edas.<\/a><\/p>\n<p class=\"ft-text\"><strong>Desde el inicio de la campa\u00f1a, el pasado 14 de octubre, el Sespa ha administrado 236.477 dosis<\/strong>. De ellas, 158.894 fueron para personas de 64 o m\u00e1s a\u00f1os, lo que representa un 53% de cobertura vacunal en este sector de la poblaci\u00f3n. Por su parte, el grupo de menores de cinco a\u00f1os alcanza un 47,81% de cobertura.\u00a0<\/p>\n<p><img decoding=\"async\" src=\"https:\/\/www.europesays.com\/es\/wp-content\/uploads\/2025\/12\/f7e087cc-4960-42d8-9b61-e3420009769d_alta-libre-aspect-ratio_default_0.jpg\" width=\"1200\" height=\"1873\" alt=\"El plan de vacunaci\u00f3n sin cita previa.\" class=\"ft-helper-img-rd\" loading=\"lazy\"\/><\/p>\n<p class=\"ft-helper-fontColor-quaternary ft-helper-fontSize-body-S ft-helper-spacer-t-xxs\">El plan de vacunaci\u00f3n sin cita previa.  \/ Principado de Asturias<\/p>\n<p>Seguridad y eficacia<\/p>\n<p class=\"ft-text\">Salud recuerda que las vacunas son seguras y eficaces, y constituyen adem\u00e1s la mejor herramienta para prevenir la enfermedad, que puede causar complicaciones graves especialmente en personas mayores, menores entre los 6 y los 59 meses, mujeres embarazadas y poblaci\u00f3n con enfermedades cr\u00f3nicas.\u00a0<\/p>\n<p class=\"ft-text\">La campa\u00f1a de vacunaci\u00f3n persigue, adem\u00e1s de la inmunizaci\u00f3n de los grupos m\u00e1s vulnerables, la de aquellos colectivos con mayor exposici\u00f3n laboral, como los profesionales sanitarios y sociosanitarios.<\/p>\n<p class=\"ft-text\">De forma paralela, <strong>hasta el 31 de marzo de 2026 se mantendr\u00e1 la vacunaci\u00f3n frente al virus sincitial,<\/strong> causante de bronquiolitis en reci\u00e9n nacidos, entre los que ya se ha superado el 90% de cobertura. Tambi\u00e9n <strong>han recibido la profilaxis 2.394 mujeres embarazadas<\/strong>.\u00a0\u00a0<\/p>\n<p class=\"ft-text\">Las autoridades sanitarias recomiendan a las personas que presenten s\u00edntomas respiratorios, como tos, estornudos o congesti\u00f3n nasal, el uso de mascarilla en los espacios cerrados, y especialmente, en centros sanitarios, residencias de mayores y transporte p\u00fablico. Lavarse las manos con frecuencia, ventilar los espacios de forma adecuada y cubrirse la boca y la nariz al toser o estornudar son medidas que tambi\u00e9n ayudan a frenar la propagaci\u00f3n de los virus.<\/p>\n","protected":false},"excerpt":{"rendered":"El Servicio de Salud del Principado (Sespa) prorroga una semana m\u00e1s la vacunaci\u00f3n contra la gripe, sin cita&hellip;\n","protected":false},"author":2,"featured_media":266586,"comment_status":"","ping_status":"","sticky":false,"template":"","format":"standard","meta":{"footnotes":""},"categories":[92],"tags":[1770,25,24,65927,7749,65928,5985,165,16250,166,23,65926,1454],"class_list":{"0":"post-266585","1":"post","2":"type-post","3":"status-publish","4":"format-standard","5":"has-post-thumbnail","7":"category-salud","8":"tag-asturias","9":"tag-es","10":"tag-espana","11":"tag-facilitan","12":"tag-gripe","13":"tag-gripes","14":"tag-has","15":"tag-health","16":"tag-invierno","17":"tag-salud","18":"tag-spain","19":"tag-vacunado","20":"tag-vacunas"},"share_on_mastodon":{"url":"https:\/\/pubeurope.com\/@es\/115647924825050331","error":""},"_links":{"self":[{"href":"https:\/\/www.europesays.com\/es\/wp-json\/wp\/v2\/posts\/266585","targetHints":{"allow":["GET"]}}],"collection":[{"href":"https:\/\/www.europesays.com\/es\/wp-json\/wp\/v2\/posts"}],"about":[{"href":"https:\/\/www.europesays.com\/es\/wp-json\/wp\/v2\/types\/post"}],"author":[{"embeddable":true,"href":"https:\/\/www.europesays.com\/es\/wp-json\/wp\/v2\/users\/2"}],"replies":[{"embeddable":true,"href":"https:\/\/www.europesays.com\/es\/wp-json\/wp\/v2\/comments?post=266585"}],"version-history":[{"count":0,"href":"https:\/\/www.europesays.com\/es\/wp-json\/wp\/v2\/posts\/266585\/revisions"}],"wp:featuredmedia":[{"embeddable":true,"href":"https:\/\/www.europesays.com\/es\/wp-json\/wp\/v2\/media\/266586"}],"wp:attachment":[{"href":"https:\/\/www.europesays.com\/es\/wp-json\/wp\/v2\/media?parent=266585"}],"wp:term":[{"taxonomy":"category","embeddable":true,"href":"https:\/\/www.europesays.com\/es\/wp-json\/wp\/v2\/categories?post=266585"},{"taxonomy":"post_tag","embeddable":true,"href":"https:\/\/www.europesays.com\/es\/wp-json\/wp\/v2\/tags?post=266585"}],"curies":[{"name":"wp","href":"https:\/\/api.w.org\/{rel}","templated":true}]}}