{"id":266590,"date":"2025-12-02T03:50:09","date_gmt":"2025-12-02T03:50:09","guid":{"rendered":"https:\/\/www.europesays.com\/es\/266590\/"},"modified":"2025-12-02T03:50:09","modified_gmt":"2025-12-02T03:50:09","slug":"el-congreso-investiga-el-ataque-del-pentagono-a-una-narcolancha-en-el-que-se-remato-a-dos-supervivientes","status":"publish","type":"post","link":"https:\/\/www.europesays.com\/es\/266590\/","title":{"rendered":"El Congreso investiga el ataque del Pent\u00e1gono a una narcolancha en el que se &#8216;remat\u00f3&#8217; a dos supervivientes"},"content":{"rendered":"<p style=\"\">El episodio inaugural de la pol\u00e9mica campa\u00f1a militar del Gobierno de <a href=\"https:\/\/www.abc.es\/internacional\/trump-confirma-conversacion-telefonica-maduro-20251201074329-nt.html\" data-voc-vtm-id=\"in-text-traffic\" title=\"Donald Trump\" rel=\"nofollow noopener\" target=\"_blank\">Donald Trump<\/a> contra narcolanchas est\u00e1 sacudiendo a la Casa Blanca y ha provocado una investigaci\u00f3n por parte del Congreso de EE.UU. El asunto tiene que ver con las circunstancias del primero de  &#8230; esos ataques, <strong>que se produjo el pasado 2 de septiembre,<\/strong> y en el que murieron las once personas que iban a bordo de un barco que, seg\u00fan la Administraci\u00f3n Trump, transportaba droga a EE.UU. en aguas internacionales del Caribe.<\/p>\n<p class=\"voc-p\" style=\"\">En un primer momento, el ataque dej\u00f3 dos supervivientes. Pero fueron liquidados con un segundo ataque, seg\u00fan revel\u00f3 la semana pasada &#8216;The Washington Post&#8217;. Los equipos de videovigilancia del ej\u00e9rcito de EE.UU. detectaron que dos de los supuestos narcotraficantes segu\u00edan agarrados a lo que quedaba de la lancha. El diario estadounidense asegur\u00f3 que el comandante de la operaci\u00f3n <strong>autoriz\u00f3 el lanzamiento de un segundo misil<\/strong> para acabar con ellos. Y que lo hizo en cumplimiento de una orden del secretario de Defensa, Pete Hegseth, de \u00abmatar a todo el mundo\u00bb.<\/p>\n<p class=\"voc-p\" style=\"\">El episodio ha profundizado el debate sobre la legalidad de esta campa\u00f1a militar contra el narcotr\u00e1fico. La Casa Blanca defiende que es legal porque est\u00e1 \u00aben guerra\u00bb contra los narcos, incluidos varios c\u00e1rteles a los que ha designado como organizaciones terroristas. Pero muchos en EE.UU. consideran que ese tipo de ataques no tienen justificaci\u00f3n legal. Tambi\u00e9n algunos socios prioritarios de EE.UU., como Reino Unido, que han dejado de compartir inteligencia sobre operaciones de narcotr\u00e1fico en el Caribe para no asistir en esos ataques.<\/p>\n<p class=\"voc-p\" style=\"\">El segundo ataque para &#8216;rematar&#8217; a supervivientes eleva esas dudas legales. Este lunes, tanto la C\u00e1mara de Representantes como el Senado anunciaron la apertura de investigaciones para determinar lo ocurrido, con <strong>apoyo tanto de dem\u00f3cratas como de republicanos.<\/strong> En ambos casos, han asegurado que van a realizar una \u00absupervisi\u00f3n rigurosa\u00bb de las circunstancias del ataque. Hubo al menos otro ataque con supervivientes posterior al del 2 de septiembre. En ese caso, el ej\u00e9rcito de EE.UU. los rescat\u00f3 y los devolvi\u00f3 a sus pa\u00edses.<\/p>\n<p class=\"voc-p\" style=\"\">\u00abVamos a abrir una investigaci\u00f3n. Vamos a tener comparecencias p\u00fablicas. Vamos a poner a esas personas bajo juramento\u00bb, dijo el senador dem\u00f3crata Mark Kelly sobre los responsables del ataque. \u00abY vamos a descubrir qu\u00e9 pas\u00f3\u00bb.<\/p>\n<p class=\"voc-p\" style=\"\">Los problemas con el segundo ataque vienen tambi\u00e9n de republicanos, donde apenas hay voces que cuestionen las decisiones de la Administraci\u00f3n Trump. \u00abSi eso ocurri\u00f3, ser\u00eda algo muy serio\u00bb, dijo el diputado Mike Turner. \u00abY <strong>ser\u00eda un acto ilegal\u00bb.<\/strong><\/p>\n<p class=\"voc-p\" style=\"\">Los dem\u00f3cratas utilizan expresiones m\u00e1s gruesas. \u00abEs muy posible que se haya cometido un <strong>crimen de guerra\u00bb<\/strong>, ha defendido el senador Chris Van Hollen. Eso ser\u00eda aceptando que el ataque est\u00e1 dentro de los l\u00edmites de la legislaci\u00f3n b\u00e9lica, lo que \u00e9l pone en cuesti\u00f3n. De lo contrario, \u00abser\u00eda un simple asesinato\u00bb, dijo.<\/p>\n<p class=\"voc-p\" style=\"\">El episodio pone el foco en Hegseth, una figura muy criticada desde su nombramiento por su limitada experiencia en defensa y seguridad nacional (tuvo una carrera militar modesta y se desempe\u00f1\u00f3 como presentador de televisi\u00f3n durante muchos a\u00f1os).<\/p>\n<p class=\"voc-p\" style=\"\">El pasado viernes, tras la revelaci\u00f3n period\u00edstica, <strong>Hegseth defendi\u00f3 el ataque,<\/strong> pero sin detallar si se hab\u00eda lanzado un segundo misil para matar a supervivientes. En medio del esc\u00e1ndalo, fue la Casa Blanca quien reconoci\u00f3 por fin este lunes que s\u00ed hab\u00eda existido el segundo ataque. Pero defendi\u00f3 su legalidad y descart\u00f3 que fuera Hegseth quien diera la orden del segundo misil. La cabeza de turco que podr\u00eda haber encontrado la Casa Blanca es el almirante Frank Bradley, que dirige la comandancia sur del ej\u00e9rcito de EE.UU. La portavoz de la Casa Blanca, Karoline Leavitt, confirm\u00f3 el segundo ataque y dijo que Bradley actu\u00f3 \u00abdentro de su autoridad y dentro de la ley\u00bb.<\/p>\n<p class=\"voc-p\" style=\"\">Era una posici\u00f3n contradictoria con la que mantuvo Trump en la v\u00edspera, en la que trat\u00f3 de distanciarse del episodio y que mantuvo que <strong>\u00e9l no hubiera ordenado el segundo ataque.<\/strong> \u00abNo s\u00e9 nada sobre ello\u00bb, dijo en un primer momento el presidente cuando los periodistas a bordo del Air Force One le preguntaron al respecto. Tambi\u00e9n asegur\u00f3 que Hegseth le hab\u00eda dicho que \u00e9l no dio la orden de \u00abmatar a todo el mundo\u00bb ni de acabar con esos dos supervivientes en concreto.<\/p>\n<p class=\"voc-p\" style=\"\">\u00abYo no hubiera querido un segundo ataque\u00bb, dijo despu\u00e9s. Pero insisti\u00f3 en que tiene \u00abtotal confianza\u00bb en Hegseth.<\/p>\n","protected":false},"excerpt":{"rendered":"El episodio inaugural de la pol\u00e9mica campa\u00f1a militar del Gobierno de Donald Trump contra narcolanchas est\u00e1 sacudiendo a&hellip;\n","protected":false},"author":2,"featured_media":266591,"comment_status":"","ping_status":"","sticky":false,"template":"","format":"standard","meta":{"footnotes":""},"categories":[42],"tags":[1422,17,18,11866,1563,13,14,11,61,62,63,64,15307,19,20,35108,9,10,15,16,17921,65929,3947,12,21,22,65,66,67],"class_list":{"0":"post-266590","1":"post","2":"type-post","3":"status-publish","4":"format-standard","5":"has-post-thumbnail","7":"category-internacional","8":"tag-ataque","9":"tag-breaking-news","10":"tag-breakingnews","11":"tag-congreso","12":"tag-dos","13":"tag-featured-news","14":"tag-featurednews","15":"tag-headlines","16":"tag-internacional","17":"tag-international","18":"tag-international-news","19":"tag-internationalnews","20":"tag-investiga","21":"tag-latest-news","22":"tag-latestnews","23":"tag-narcolancha","24":"tag-news","25":"tag-noticias","26":"tag-noticias-destacadas","27":"tag-noticiasdestacadas","28":"tag-pentagono","29":"tag-remato","30":"tag-supervivientes","31":"tag-titulares","32":"tag-ultimas-noticias","33":"tag-ultimasnoticias","34":"tag-world","35":"tag-world-news","36":"tag-worldnews"},"share_on_mastodon":{"url":"","error":"Validation failed: Text character limit of 500 exceeded"},"_links":{"self":[{"href":"https:\/\/www.europesays.com\/es\/wp-json\/wp\/v2\/posts\/266590","targetHints":{"allow":["GET"]}}],"collection":[{"href":"https:\/\/www.europesays.com\/es\/wp-json\/wp\/v2\/posts"}],"about":[{"href":"https:\/\/www.europesays.com\/es\/wp-json\/wp\/v2\/types\/post"}],"author":[{"embeddable":true,"href":"https:\/\/www.europesays.com\/es\/wp-json\/wp\/v2\/users\/2"}],"replies":[{"embeddable":true,"href":"https:\/\/www.europesays.com\/es\/wp-json\/wp\/v2\/comments?post=266590"}],"version-history":[{"count":0,"href":"https:\/\/www.europesays.com\/es\/wp-json\/wp\/v2\/posts\/266590\/revisions"}],"wp:featuredmedia":[{"embeddable":true,"href":"https:\/\/www.europesays.com\/es\/wp-json\/wp\/v2\/media\/266591"}],"wp:attachment":[{"href":"https:\/\/www.europesays.com\/es\/wp-json\/wp\/v2\/media?parent=266590"}],"wp:term":[{"taxonomy":"category","embeddable":true,"href":"https:\/\/www.europesays.com\/es\/wp-json\/wp\/v2\/categories?post=266590"},{"taxonomy":"post_tag","embeddable":true,"href":"https:\/\/www.europesays.com\/es\/wp-json\/wp\/v2\/tags?post=266590"}],"curies":[{"name":"wp","href":"https:\/\/api.w.org\/{rel}","templated":true}]}}