{"id":266592,"date":"2025-12-02T03:51:07","date_gmt":"2025-12-02T03:51:07","guid":{"rendered":"https:\/\/www.europesays.com\/es\/266592\/"},"modified":"2025-12-02T03:51:07","modified_gmt":"2025-12-02T03:51:07","slug":"la-policia-investiga-si-una-de-las-ninas-de-jaen-indujo-a-la-otra-al-suicidio","status":"publish","type":"post","link":"https:\/\/www.europesays.com\/es\/266592\/","title":{"rendered":"La Polic\u00eda investiga si una de las ni\u00f1as de Ja\u00e9n indujo a la otra al suicidio"},"content":{"rendered":"<p style=\"\">La investigaci\u00f3n abierta por el doble suicidio de Ja\u00e9n trata de aclarar si una de las menores<strong> indujo a quitarse la vida a la otra<\/strong>. Fuentes consultadas por ABC explican que hay varias hip\u00f3tesis abiertas por la Polic\u00eda Nacional en estos momentos sobre  &#8230; los motivos que llevaron a las dos adolescentes a suicidarse, pero que entre ellas podr\u00eda existir una relaci\u00f3n en la que <strong>una convenci\u00f3 de alguna manera a la otra para que se quitarse la vida juntas<\/strong> en el Parque de la Concordia el viernes por la noche. Una de ellas, de hecho, presentaba un perfil claramente suicida, ya que ten\u00eda desde hac\u00eda un a\u00f1o abierto un protocolo en su centro de estudios por autolesiones. Adem\u00e1s, varias circunstancias personales de esta primera chica en cuesti\u00f3n, que formaba parte de una familia desestructurada, la se\u00f1alaban como alguien con posibilidades de intentar quitarse la vida. Lo que investigan los cuerpos policiales es hasta qu\u00e9 punto pudo influir en su amiga para hacerlo, ya que esa segunda chica no presentaba en su perfil personal elementos que, aunque fuera de forma indiciaria, pudieran hacer pensar en que tambi\u00e9n ten\u00eda esa tendencia suicida. <\/p>\n<p class=\"voc-p\" style=\"\">Rosmed (15 a\u00f1os) y Sharit (16 a\u00f1os) salieron de sus casas juntas el viernes por la tarde. Quedaron para verse como otras tantas veces, pero esta vez no regresaron. Cuando ya se hizo demasiado tarde, sus padres salieron a buscarlas. <strong>No cog\u00edan el tel\u00e9fono y nadie sab\u00eda d\u00f3nde estaban<\/strong>. Buscaron por la ciudad y llegaron al llamado Parque de la Concordia, aunque la llamada a Emergencias que avisa del hallazgo de los dos cad\u00e1veres lo rese\u00f1\u00f3 como \u00abparque de los patos\u00bb.<\/p>\n<p class=\"voc-p\" style=\"\">Fueron los padres de las dos ni\u00f1as los que hallaron los cuerpos. El pasado s\u00e1bado a las 1.30 horas de la madrugada las encontraron ahorcadas. Llevaban tiempo sin tener noticias de ellas, sab\u00edan que eran una amistad frecuente, por lo que salieron a buscarlas. En aquel parque concurrido, donde hab\u00eda dicho que iba a comer unas chuches, en los \u00e1rboles cerca de la zona para los perros,<strong> encontraron sus hijas colgadas<\/strong>. <\/p>\n<p class=\"voc-p\" style=\"\">No esperaron a la ayuda, pese a que llamaron a Emergencias. Las descolgaron y<strong> trataron de reanimarlas<\/strong>. Era tarde. Las ni\u00f1as llevaban un par de horas fallecidas. Al lugar acudieron efectivos del parque de bomberos de Ja\u00e9n, as\u00ed como de la Polic\u00eda Local y de la Polic\u00eda Nacional, que se hizo cargo de la investigaci\u00f3n. Ahora bajo secreto de sumario.<\/p>\n<p class=\"voc-p\" style=\"\">Los sanitarios del 061 desplazados hasta el lugar de los hechos no pudieron hacer nada tampoco por reanimarlas y solo pudieron certificar la muerte de las dos j\u00f3venes. Los cuerpos llevaban sin vida, al menos, un par de horas en aquel c\u00e9ntrico parque. Un lugar d\u00f3nde los j\u00f3venes se acercan a pasar las horas con sus amistades. Punto de reuni\u00f3n en el que nadie vio nada. Aquellos \u00e1rboles se llevaron dos vidas en la m\u00e1s absoluta discreci\u00f3n.<\/p>\n<p class=\"voc-title\">Los cuerpos llevaban sin vida, al menos, un par de horas en aquel c\u00e9ntrico parque. Un lugar d\u00f3nde los j\u00f3venes se acercan a pasar las horas con sus amistades<\/p>\n<p class=\"voc-p\" style=\"\">Los agentes de la Polic\u00eda Cient\u00edfica tomaron la zona para recabar evidencias de un posible crimen, mientras que los grupos de Unidad de Delincuencia Violenta (UDEV) de Ja\u00e9n est\u00e1n <strong>investigando sus vidas<\/strong> para dar con la clave de por qu\u00e9 las dos adolescentes se suicidaron.<\/p>\n<p class=\"voc-p\" style=\"\">La autopsia preliminar revela que las dos chicas<strong> murieron ahorcadas<\/strong>. Las fuentes consultadas por ABC rese\u00f1an, adem\u00e1s, que los cad\u00e1veres\u00a0no ten\u00edan signos de violencia. Al mismo tiempo explican que tampoco hab\u00eda en el lugar de los hechos indicios de la participaci\u00f3n de terceras personas.<\/p>\n<p class=\"voc-p\" style=\"\">Esas dos evidencias sustentan las hip\u00f3tesis de las Polic\u00eda Nacional del <strong>suicidio conjunto<\/strong> de las dos adolescentes. Adem\u00e1s, las j\u00f3venes dejaron mensajes de despedida a sus familias. Cartas que apoyan a\u00fan m\u00e1s la hip\u00f3tesis de que las dos j\u00f3venes se suicidaron. La muerte de las dos adolescentes, eso s\u00ed, \u00abno tiene nada que ver\u00bb con un supuesto caso de acoso escolar, que qued\u00f3 descartado en las pesquisas iniciales y que las propias familias rechazaron. Fuentes cercanas a la investigaci\u00f3n aseguraron a ABC este lunes que las hip\u00f3tesis que se barajan sobre el tr\u00e1gico final de ambas apuntan a que se quitaron la vida las dos juntas sin influencia alguna de un acoso externo. Se desconocen son los motivos por los que las dos chicas podr\u00edan haber llegado a este extremo.<\/p>\n<p>\nDudas de los padres\n<\/p>\n<p class=\"voc-p\" style=\"\">Sin embargo, la familia de una de ellas no est\u00e1 conforme con la investigaci\u00f3n. El padre de Sharit dijo en televisi\u00f3n que lo ocurrido se trataba del \u00abhomicidio perfecto\u00bb. Seg\u00fan las hip\u00f3tesis de la familia hay cosas que no cuadran en el lugar de los hechos, como la <strong>altura a la que estaban colgadas<\/strong> las dos j\u00f3venes. Para una de las familias es muy complicado que las dos ni\u00f1as pudieras subirse hasta es altura para ahorcarse.<\/p>\n<p class=\"voc-p\" style=\"\">Del mismo modo, estos padres, que piden que se les aclare bien lo que ha sucedido a su hija, explican que los nudos con los estaban atadas no parec\u00eda haberlos hecho una ni\u00f1a por lo apretados que estaban. Al mismo tiempo, la madre de Sharit explic\u00f3 tambi\u00e9n en televisi\u00f3n que las cartas de suicidio que dejaron <strong>las dos chicas se contradicen<\/strong>. No entr\u00f3 en el detalle de las posibles incongruencias, pero s\u00ed dijo que hab\u00eda diferencias entre los motivos para quitarse de la vida de una y de la otra. <\/p>\n<p class=\"voc-p\" style=\"\">La madre de esta menor dijo que \u00abhay algo raro\u00bb mientras que el padre cont\u00f3 en las entrevistas televisivas que a las 21.41 horas el tel\u00e9fono de su hija ten\u00eda registrado un mensaje de la otra joven <strong>dici\u00e9ndole que se iba a quitar la vida<\/strong>. Adem\u00e1s, rese\u00f1aba que sobre las 21.45 horas la respuesta de su hija fue mandar un mensaje al que era su novio para poner punto y final a la relaci\u00f3n. Lo siguiente fue encontrarlas colgadas inertes en aquel parque. La familia tambi\u00e9n apunta a que los mensajes desde el m\u00f3vil de Sharit no parecen escritos por ella, sino por un adulto. <\/p>\n","protected":false},"excerpt":{"rendered":"La investigaci\u00f3n abierta por el doble suicidio de Ja\u00e9n trata de aclarar si una de las menores indujo&hellip;\n","protected":false},"author":2,"featured_media":266593,"comment_status":"","ping_status":"","sticky":false,"template":"","format":"standard","meta":{"footnotes":""},"categories":[8],"tags":[17,18,25,24,13,14,11,65930,15307,3619,19,20,9,3625,10,15,16,586,23,12421,12,21,22],"class_list":{"0":"post-266592","1":"post","2":"type-post","3":"status-publish","4":"format-standard","5":"has-post-thumbnail","7":"category-espana","8":"tag-breaking-news","9":"tag-breakingnews","10":"tag-es","11":"tag-espana","12":"tag-featured-news","13":"tag-featurednews","14":"tag-headlines","15":"tag-indujo","16":"tag-investiga","17":"tag-jaen","18":"tag-latest-news","19":"tag-latestnews","20":"tag-news","21":"tag-ninas","22":"tag-noticias","23":"tag-noticias-destacadas","24":"tag-noticiasdestacadas","25":"tag-policia","26":"tag-spain","27":"tag-suicidio","28":"tag-titulares","29":"tag-ultimas-noticias","30":"tag-ultimasnoticias"},"share_on_mastodon":{"url":"https:\/\/pubeurope.com\/@es\/115647944141000144","error":""},"_links":{"self":[{"href":"https:\/\/www.europesays.com\/es\/wp-json\/wp\/v2\/posts\/266592","targetHints":{"allow":["GET"]}}],"collection":[{"href":"https:\/\/www.europesays.com\/es\/wp-json\/wp\/v2\/posts"}],"about":[{"href":"https:\/\/www.europesays.com\/es\/wp-json\/wp\/v2\/types\/post"}],"author":[{"embeddable":true,"href":"https:\/\/www.europesays.com\/es\/wp-json\/wp\/v2\/users\/2"}],"replies":[{"embeddable":true,"href":"https:\/\/www.europesays.com\/es\/wp-json\/wp\/v2\/comments?post=266592"}],"version-history":[{"count":0,"href":"https:\/\/www.europesays.com\/es\/wp-json\/wp\/v2\/posts\/266592\/revisions"}],"wp:featuredmedia":[{"embeddable":true,"href":"https:\/\/www.europesays.com\/es\/wp-json\/wp\/v2\/media\/266593"}],"wp:attachment":[{"href":"https:\/\/www.europesays.com\/es\/wp-json\/wp\/v2\/media?parent=266592"}],"wp:term":[{"taxonomy":"category","embeddable":true,"href":"https:\/\/www.europesays.com\/es\/wp-json\/wp\/v2\/categories?post=266592"},{"taxonomy":"post_tag","embeddable":true,"href":"https:\/\/www.europesays.com\/es\/wp-json\/wp\/v2\/tags?post=266592"}],"curies":[{"name":"wp","href":"https:\/\/api.w.org\/{rel}","templated":true}]}}