{"id":266598,"date":"2025-12-02T04:01:11","date_gmt":"2025-12-02T04:01:11","guid":{"rendered":"https:\/\/www.europesays.com\/es\/266598\/"},"modified":"2025-12-02T04:01:11","modified_gmt":"2025-12-02T04:01:11","slug":"la-primera-doppietta-de-vardy-en-el-calcio-permite-despegar-a-la-cremonese","status":"publish","type":"post","link":"https:\/\/www.europesays.com\/es\/266598\/","title":{"rendered":"La primera &#8216;doppietta&#8217; de Vardy en el &#8216;Calcio&#8217; permite despegar a la Cremonese"},"content":{"rendered":"<p data-mrf-recirculation=\"Links P\u00e1rrafos\" class=\"ue-c-article__paragraph paragraph ue-c-article--first-letter-highlighted\">Jamie Vardy, a sus ya 38 a\u00f1os, no ha venido a pasearse por el &#8216;Calcio&#8217;. Hasta la fecha, sumaba dos goles con la camiseta de la Cremonese. Los mismos que anot\u00f3 esta noche para comandar la primera derrota del Bolonia (1-3) en el Renato Dall&#8217;Ara&#8230; permitiendo a los Davide Nicola despegarse siete puntos por encima de los puestos de descenso que marca el Pisa.<\/p>\n<p data-mrf-recirculation=\"Links P\u00e1rrafos\" class=\"ue-c-article__paragraph paragraph\">Tuvo que apretar los dientes la Cremonese durante los primeros compases de encuentro. Incluso, tuvo que aparecer Emil Audero para negarle el primer gol a Santi Castro cuando apenas hab\u00edan transcurrido poco m\u00e1s de 10&#8242;. Pero, en su primer acercamiento sobre la porter\u00eda rival pasada la primera media hora, Bianchetti aprovech\u00f3 un latifundio en la defensa del Bolonia para poner a correr e un Mart\u00edn Payero que resolvi\u00f3 mano a mano ante Ravaglia.<\/p>\n<p data-mrf-recirculation=\"Links P\u00e1rrafos\" class=\"ue-c-article__paragraph paragraph\">Le sent\u00f3 de maravilla el gol a la Cremonese y, en cuesti\u00f3n de cinco minutos, Jamie Vardy sac\u00f3 a relucir su instinto goleador para despegarse de su par, dibujarle una l\u00ednea de pase a Bonazzoli y resolver por debajo de las piernas de Ravaglia poniendo el 0-2 en el marcador. Un renta sobresaliente para encarar el descanso que, sin embargo, Orsolini se encarg\u00f3 de recortar desde los once metros -iguala a Lautaro como &#8216;capocannoniere&#8217; con seis goles- tras una imprudente mano de Bianchetti.<\/p>\n<p data-mrf-recirculation=\"Links P\u00e1rrafos\" class=\"ue-c-article__paragraph paragraph\">A pesar de ello, Italiano intervino al descanso realizando un doble cambio para dar entrada a Cambiaghi y Heggem. Pero, lejos de surtir el efecto deseado, Vardy firm\u00f3 su &#8216;doppietta&#8217; particular en el 50&#8242;. De nuevo, exhibi\u00f3 &#8216;timming&#8217; para atacar el primer palo en el momento justo para mandar a guardar el env\u00edo de Barbieri desde el costado diestro.<\/p>\n<p data-mrf-recirculation=\"Links P\u00e1rrafos\" class=\"ue-c-article__paragraph paragraph\">El propio Vardy roz\u00f3 el &#8216;hat-trick&#8217; escasos minutos despu\u00e9s. Pero, a partir de entonces, la Cremonese se dedic\u00f3 a proteger el resultado ante un Bolonia que apret\u00f3 e, incluso, se lleg\u00f3 a topar con la madera. La m\u00e1s clara, eso s\u00ed, la tuvo un Terracianno que mand\u00f3 el bal\u00f3n por encima del larguero en boca de gol. No tuvieron que lamentarlo los de Nicola, que se libraron de otro penalti en el descuento, y se terminaron reencontrando con la victoria tras tres derrotas consecutivas.<\/p>\n","protected":false},"excerpt":{"rendered":"Jamie Vardy, a sus ya 38 a\u00f1os, no ha venido a pasearse por el &#8216;Calcio&#8217;. Hasta la fecha,&hellip;\n","protected":false},"author":2,"featured_media":266599,"comment_status":"","ping_status":"","sticky":false,"template":"","format":"standard","meta":{"footnotes":""},"categories":[268],"tags":[168,25,24,280,282,281,23,167],"class_list":{"0":"post-266598","1":"post","2":"type-post","3":"status-publish","4":"format-standard","5":"has-post-thumbnail","7":"category-futbol","8":"tag-deportes","9":"tag-es","10":"tag-espana","11":"tag-football","12":"tag-futbol","13":"tag-soccer","14":"tag-spain","15":"tag-sports"},"share_on_mastodon":{"url":"https:\/\/pubeurope.com\/@es\/115647983415060583","error":""},"_links":{"self":[{"href":"https:\/\/www.europesays.com\/es\/wp-json\/wp\/v2\/posts\/266598","targetHints":{"allow":["GET"]}}],"collection":[{"href":"https:\/\/www.europesays.com\/es\/wp-json\/wp\/v2\/posts"}],"about":[{"href":"https:\/\/www.europesays.com\/es\/wp-json\/wp\/v2\/types\/post"}],"author":[{"embeddable":true,"href":"https:\/\/www.europesays.com\/es\/wp-json\/wp\/v2\/users\/2"}],"replies":[{"embeddable":true,"href":"https:\/\/www.europesays.com\/es\/wp-json\/wp\/v2\/comments?post=266598"}],"version-history":[{"count":0,"href":"https:\/\/www.europesays.com\/es\/wp-json\/wp\/v2\/posts\/266598\/revisions"}],"wp:featuredmedia":[{"embeddable":true,"href":"https:\/\/www.europesays.com\/es\/wp-json\/wp\/v2\/media\/266599"}],"wp:attachment":[{"href":"https:\/\/www.europesays.com\/es\/wp-json\/wp\/v2\/media?parent=266598"}],"wp:term":[{"taxonomy":"category","embeddable":true,"href":"https:\/\/www.europesays.com\/es\/wp-json\/wp\/v2\/categories?post=266598"},{"taxonomy":"post_tag","embeddable":true,"href":"https:\/\/www.europesays.com\/es\/wp-json\/wp\/v2\/tags?post=266598"}],"curies":[{"name":"wp","href":"https:\/\/api.w.org\/{rel}","templated":true}]}}