{"id":266600,"date":"2025-12-02T04:02:08","date_gmt":"2025-12-02T04:02:08","guid":{"rendered":"https:\/\/www.europesays.com\/es\/266600\/"},"modified":"2025-12-02T04:02:08","modified_gmt":"2025-12-02T04:02:08","slug":"no-piensa-tirar-de-la-manta","status":"publish","type":"post","link":"https:\/\/www.europesays.com\/es\/266600\/","title":{"rendered":"No piensa tirar de la manta\u2026"},"content":{"rendered":"<p class=\"c-paragraph\">Este lunes, en &#8216;El Intermedio&#8217;,<b>\u00a0<a href=\"https:\/\/www.20minutos.es\/tags\/personas\/dani-mateo.html\" target=\"_blank\" title=\"Dani Mateo\" rel=\"nofollow noopener\">Dani Mateo<\/a>\u00a0consigui\u00f3 &#8216;colarse&#8217; en la\u00a0prisi\u00f3n de Soto del Real\u00a0<\/b>para conocer c\u00f3mo est\u00e1 viviendo\u00a0<b><a href=\"https:\/\/www.lasexta.com\/noticias\/nacional\/frio-marca-primeros-dias-prision-abalos-habitacion-escarcha-novia-que-lleva-abrigo-abogado-que-fuerte-cliente_20251201692decb955584d48fb65a76f.html\" target=\"_blank\" title=\"Jos\u00e9 Luis \u00c1balos\" rel=\"nofollow noopener\">Jos\u00e9 Luis \u00c1balos<\/a><\/b>\u00a0sus primeros d\u00edas en la c\u00e1rcel.<\/p>\n<p class=\"c-paragraph\">\u00abYa no se lleva mono, cada uno va con su ropa\u00bb, destac\u00f3 el colaborador del programa de La Sexta. \u00abDe hecho, \u00c1balos <b>e<\/b><b>st\u00e1 todo el d\u00eda con la camiseta de &#8216;Orlando&#8217;<\/b>\u00a0porque es la que mejor le queda\u00bb, brome\u00f3 Mateo.<\/p>\n<p class=\"c-paragraph\">Y le dijo a Wyoming que \u00abno s\u00e9 c\u00f3mo lo hace, pero que el exministro <b>est\u00e1 publicando mensajes en sus redes sociales<\/b> contando c\u00f3mo es su d\u00eda a d\u00eda en prisi\u00f3n\u00bb.<\/p>\n<p class=\"c-paragraph\">\u00abMi agradecimiento por el buen trato que estoy recibiendo en prisi\u00f3n por parte de todos los funcionarios y por los dem\u00e1s internos. <b>Mi adaptaci\u00f3n est\u00e1 siendo menos traum\u00e1tica de lo que esperaba<\/b>. Eso s\u00ed, aqu\u00ed hace mucho fr\u00edo\u00bb, escribi\u00f3 \u00c1valos en sus redes.<\/p>\n<p class=\"c-paragraph\">Tras &#8216;acceder&#8217; a la celda de \u00c1balos, Mateo asegur\u00f3 que el exsocialista \u00ab<b>no piensa tirar de la manta\u2026<\/b> m\u00e1s que nada porque si no se va a pillar una pulmon\u00eda\u00bb.<\/p>\n<p class=\"c-paragraph\">\u00ab<b>En la celda hace un fr\u00edo que pela<\/b>. Esta ma\u00f1ana hab\u00eda escarcha en las ventanas, en las paredes e, incluso, cuando he coincidido con \u00e9l en la cola del desayuno, me ha parecido ver que ten\u00eda escarcha en los hombros\u00bb, concluy\u00f3 el periodista.<\/p>\n","protected":false},"excerpt":{"rendered":"Este lunes, en &#8216;El Intermedio&#8217;,\u00a0Dani Mateo\u00a0consigui\u00f3 &#8216;colarse&#8217; en la\u00a0prisi\u00f3n de Soto del Real\u00a0para conocer c\u00f3mo est\u00e1 viviendo\u00a0Jos\u00e9 Luis&hellip;\n","protected":false},"author":2,"featured_media":266601,"comment_status":"","ping_status":"","sticky":false,"template":"","format":"standard","meta":{"footnotes":""},"categories":[174],"tags":[255,3658,1996,146,147,25,24,256,7862,7745,27222,23],"class_list":{"0":"post-266600","1":"post","2":"type-post","3":"status-publish","4":"format-standard","5":"has-post-thumbnail","7":"category-famosos","8":"tag-celebrities","9":"tag-cuela","10":"tag-dani","11":"tag-entertainment","12":"tag-entretenimiento","13":"tag-es","14":"tag-espana","15":"tag-famosos","16":"tag-mateo","17":"tag-se","18":"tag-soto","19":"tag-spain"},"share_on_mastodon":{"url":"https:\/\/pubeurope.com\/@es\/115647987268435545","error":""},"_links":{"self":[{"href":"https:\/\/www.europesays.com\/es\/wp-json\/wp\/v2\/posts\/266600","targetHints":{"allow":["GET"]}}],"collection":[{"href":"https:\/\/www.europesays.com\/es\/wp-json\/wp\/v2\/posts"}],"about":[{"href":"https:\/\/www.europesays.com\/es\/wp-json\/wp\/v2\/types\/post"}],"author":[{"embeddable":true,"href":"https:\/\/www.europesays.com\/es\/wp-json\/wp\/v2\/users\/2"}],"replies":[{"embeddable":true,"href":"https:\/\/www.europesays.com\/es\/wp-json\/wp\/v2\/comments?post=266600"}],"version-history":[{"count":0,"href":"https:\/\/www.europesays.com\/es\/wp-json\/wp\/v2\/posts\/266600\/revisions"}],"wp:featuredmedia":[{"embeddable":true,"href":"https:\/\/www.europesays.com\/es\/wp-json\/wp\/v2\/media\/266601"}],"wp:attachment":[{"href":"https:\/\/www.europesays.com\/es\/wp-json\/wp\/v2\/media?parent=266600"}],"wp:term":[{"taxonomy":"category","embeddable":true,"href":"https:\/\/www.europesays.com\/es\/wp-json\/wp\/v2\/categories?post=266600"},{"taxonomy":"post_tag","embeddable":true,"href":"https:\/\/www.europesays.com\/es\/wp-json\/wp\/v2\/tags?post=266600"}],"curies":[{"name":"wp","href":"https:\/\/api.w.org\/{rel}","templated":true}]}}