{"id":266614,"date":"2025-12-02T04:12:17","date_gmt":"2025-12-02T04:12:17","guid":{"rendered":"https:\/\/www.europesays.com\/es\/266614\/"},"modified":"2025-12-02T04:12:17","modified_gmt":"2025-12-02T04:12:17","slug":"las-comunidades-autonomas-piden-mas-plazo-para-ejecutar-las-ayudas-al-moves-iii-y-el-autoconsumo","status":"publish","type":"post","link":"https:\/\/www.europesays.com\/es\/266614\/","title":{"rendered":"Las comunidades aut\u00f3nomas piden m\u00e1s plazo para ejecutar las ayudas al Moves III y el autoconsumo"},"content":{"rendered":"<p class=\"article-text\">\n        Las comunidades aut\u00f3nomas han reclamado este lunes al Ministerio para la Transici\u00f3n Ecol\u00f3gica una ampliaci\u00f3n del plazo para ejecutar las ayudas al autoconsumo energ\u00e9tico y el Moves III, que subvenciona la compra de veh\u00edculos el\u00e9ctricos y la instalaci\u00f3n de puntos de recarga con fondos del Plan de Recuperaci\u00f3n, Transformaci\u00f3n y Resiliencia (PRTR) de la UE.\n    <\/p>\n<p>    <a href=\"https:\/\/www.eldiario.es\/economia\/tribunal-cuentas-europeo-ve-amenazado-plazo-ejecutar-fondos-recuperacion-ue_1_11622593.html\" data-mrf-recirculation=\"saber-mas\" data-dl-event=\"saber-mas\" rel=\"nofollow noopener\" target=\"_blank\"><\/p>\n<p class=\"know-more__title\">El Tribunal de Cuentas europeo ve amenazado el plazo para ejecutar los fondos de recuperaci\u00f3n en la UE<\/p>\n<p>            <img decoding=\"async\" class=\"lazy\" loading=\"lazy\" data-src=\"https:\/\/static.eldiario.es\/clip\/9d8c37e0-68d4-419f-9f4f-b009b9d8d163_16-9-aspect-ratio_default_0.jpg\" src=\"data:image\/svg+xml,%3Csvg xmlns=\" http:=\"\" viewbox=\"0 0 880 495\" alt=\"El Tribunal de Cuentas europeo ve amenazado el plazo para ejecutar los fondos de recuperaci\u00f3n en la UE\"\/><\/p>\n<p>                        <\/a><\/p>\n<p class=\"article-text\">\n        La petici\u00f3n se ha planteado en la Conferencia Sectorial de Energ\u00eda que desde las 16 horas de este lunes ha reunido al departamento de Sara Aagesen con los gobiernos auton\u00f3micos.\n    <\/p>\n<p class=\"article-text\">\n        El plazo para justificar estas ayudas (las que est\u00e1n territorializadas entre las comunidades aut\u00f3nomas) concluye en el segundo semestre de 2026. Ahora ser\u00e1 la Comisi\u00f3n Europea la que tendr\u00e1 que decidir sobre esa pr\u00f3rroga. Pero no est\u00e1 claro qu\u00e9 programas podr\u00e1n acogerse a\u00fan esa pr\u00f3rroga.\n    <\/p>\n<p class=\"article-text\">\n        La petici\u00f3n llega tras constatarse el retraso de algunas comunidades en el ritmo de ejecuci\u00f3n de estos programas. En el caso del Moves III, que se puso en marcha en abril de 2021 y despu\u00e9s se prorrog\u00f3 sucesivamente, con un presupuesto total (incluidas las ampliaciones) de 1.335 millones de euros, muy pocas regiones superan el 50% en el porcentaje de verificaciones respecto al presupuesto resuelto, seg\u00fan los datos que se han expuesto en esa conferencia sectorial, a los que ha tenido acceso elDiario.es y que en la mayor\u00eda de los casos est\u00e1n actualizados a noviembre de este a\u00f1o.\n    <\/p>\n<p class=\"article-text\">\n        As\u00ed, en el Moves III destacan en el vag\u00f3n de cola Murcia (solo un 3% de ayudas verificadas), Castilla-La Mancha (18%), Canarias (21%), Extremadura (23%), Cantabria (26%), Catalunya (34%), La Rioja (41%), Navarra (42%), Castilla y Le\u00f3n (45%), Galicia (47%), Arag\u00f3n (48%). Solo cuatro regiones superan el 50%: Andaluc\u00eda y Comunitat Valenciana (51%), Euskadi (57%) y Madrid (64%).\n    <\/p>\n<p class=\"article-text\">\n        En el caso de las ayudas al autoconsumo, con un presupuesto total de 2.085 millones, incluidas las ampliaciones aprobadas, tambi\u00e9n hay una gran disparidad, pese a que las reglas de distribuci\u00f3n de estos fondos eran comunes y el ministerio hab\u00eda dado flexibilidad a los gobiernos para agilizar el reparto.\n    <\/p>\n<p class=\"article-text\">\n        En este caso, las comunidades m\u00e1s rezagadas son Asturias (6% de subvenciones justificadas a noviembre), Murcia (11%), Canarias y Comunitat Valenciana (23%), La Rioja (28%), Andaluc\u00eda (30%), Extremadura (35%), Castilla-La Mancha (36%), Navarra (40%), Galicia (44%) y Arag\u00f3n (45%). Por encima del 50% solo est\u00e1n Castilla y Le\u00f3n (58%), Madrid (59%) y Euskadi (91%).\n    <\/p>\n<p class=\"article-text\">\n        La ventanilla para obtener ayudas de estos programas se cerr\u00f3 en diciembre de 2024. Las ayudas tienen que estar subidas, como muy tarde, el 30 de junio de 2026 en la plataforma de gesti\u00f3n de fondos europeos para el PRTR (conocida como aplicativo Coffee).\n    <\/p>\n<p class=\"article-text\">\n        Por ahora Bruselas ha dado su visto bueno a la pr\u00f3rroga de unos 700 millones que ya est\u00e1n aprobados, sobre todo para cadena de valor e hidr\u00f3geno verde, pero est\u00e1 por decidir el resto. Y se plantea la inc\u00f3gnita de qu\u00e9 ocurrir\u00e1 con las subvenciones que se han concedido si no llegan a tiempo de justificarse ante Bruselas, apuntan fuentes con conocimiento de la situaci\u00f3n.\n    <\/p>\n<p class=\"article-text\">\n        En el caso de las ayudas que distribuye directamente el Gobierno central a trav\u00e9s del Instituto para la Diversificaci\u00f3n y el Ahorro de la Energ\u00eda (IDAE), en octubre el gobierno ampli\u00f3 hasta 2030 en algunos casos el plazo para ejecutar m\u00e1s de 1.300 millones en fondos europeos para energ\u00eda.\n    <\/p>\n<p class=\"article-text\">\n        Se trata de proyectos relacionados con repotenciaci\u00f3n, e\u00f3lica marina, almacenamiento, hibridaci\u00f3n, comunidades energ\u00e9ticas o geotermia. La petici\u00f3n del Gobierno central lleg\u00f3 despu\u00e9s de que en junio la Comisi\u00f3n abriera la puerta a ampliar esos plazos, tras advertir el Tribunal de Cuentas Europeo de que la UE corr\u00eda el riesgo de no llegar a tiempo para invertir los 723.800 millones que Bruselas puso a disposici\u00f3n de los Estados Miembros en plena pandemia.\n    <\/p>\n<p>    <a href=\"https:\/\/www.eldiario.es\/economia\/aagesen-dara-tiempo-ejecutar-1-300-millones-fondos-europeos-energia_1_12667836.html\" data-mrf-recirculation=\"saber-mas-abajo\" data-dl-event=\"saber-mas-abajo\" rel=\"nofollow noopener\" target=\"_blank\"><\/p>\n<p class=\"know-more__title\">Aagesen dar\u00e1 m\u00e1s tiempo para ejecutar m\u00e1s de 1.300 millones en fondos europeos para energ\u00eda\n<\/p>\n<p>            <img decoding=\"async\" class=\"lazy\" loading=\"lazy\" data-src=\"https:\/\/static.eldiario.es\/clip\/fe8f38b1-54ce-4a85-8c99-4462d27ade57_16-9-aspect-ratio_default_0.jpg\" src=\"data:image\/svg+xml,%3Csvg xmlns=\" http:=\"\" viewbox=\"0 0 880 495\" alt=\"Aagesen dar\u00e1 m\u00e1s tiempo para ejecutar m\u00e1s de 1.300 millones en fondos europeos para energ\u00eda\"\/><\/p>\n<p>                        <\/a><\/p>\n<p class=\"article-text\">\n        La Comunicaci\u00f3n de la Comisi\u00f3n en la que se ampar\u00f3 el ministerio instaba a los Estados miembros a \u201crevisar exhaustivamente\u201d sus planes \u201clo antes posible para garantizar que todos los hitos y objetivos puedan ejecutarse antes del plazo del 31 de agosto de 2026\u201d. Entonces quedaban por desembolsar a escala europea \u201cunos 335.000 millones\u201d, de los que aproximadamente 154.000 millones eran subvenciones y 180.000 millones, pr\u00e9stamos.\n    <\/p>\n","protected":false},"excerpt":{"rendered":"Las comunidades aut\u00f3nomas han reclamado este lunes al Ministerio para la Transici\u00f3n Ecol\u00f3gica una ampliaci\u00f3n del plazo para&hellip;\n","protected":false},"author":2,"featured_media":266615,"comment_status":"","ping_status":"","sticky":false,"template":"","format":"standard","meta":{"footnotes":""},"categories":[80],"tags":[50483,3583,249,82,3582,95,94,19886,25,24,16745,42391,5747,10016,23],"class_list":{"0":"post-266614","1":"post","2":"type-post","3":"status-publish","4":"format-standard","5":"has-post-thumbnail","7":"category-economia","8":"tag-autoconsumo","9":"tag-autonomas","10":"tag-ayudas","11":"tag-business","12":"tag-comunidades","13":"tag-economia","14":"tag-economy","15":"tag-ejecutar","16":"tag-es","17":"tag-espana","18":"tag-iii","19":"tag-moves","20":"tag-piden","21":"tag-plazo","22":"tag-spain"},"share_on_mastodon":{"url":"https:\/\/pubeurope.com\/@es\/115648026794865192","error":""},"_links":{"self":[{"href":"https:\/\/www.europesays.com\/es\/wp-json\/wp\/v2\/posts\/266614","targetHints":{"allow":["GET"]}}],"collection":[{"href":"https:\/\/www.europesays.com\/es\/wp-json\/wp\/v2\/posts"}],"about":[{"href":"https:\/\/www.europesays.com\/es\/wp-json\/wp\/v2\/types\/post"}],"author":[{"embeddable":true,"href":"https:\/\/www.europesays.com\/es\/wp-json\/wp\/v2\/users\/2"}],"replies":[{"embeddable":true,"href":"https:\/\/www.europesays.com\/es\/wp-json\/wp\/v2\/comments?post=266614"}],"version-history":[{"count":0,"href":"https:\/\/www.europesays.com\/es\/wp-json\/wp\/v2\/posts\/266614\/revisions"}],"wp:featuredmedia":[{"embeddable":true,"href":"https:\/\/www.europesays.com\/es\/wp-json\/wp\/v2\/media\/266615"}],"wp:attachment":[{"href":"https:\/\/www.europesays.com\/es\/wp-json\/wp\/v2\/media?parent=266614"}],"wp:term":[{"taxonomy":"category","embeddable":true,"href":"https:\/\/www.europesays.com\/es\/wp-json\/wp\/v2\/categories?post=266614"},{"taxonomy":"post_tag","embeddable":true,"href":"https:\/\/www.europesays.com\/es\/wp-json\/wp\/v2\/tags?post=266614"}],"curies":[{"name":"wp","href":"https:\/\/api.w.org\/{rel}","templated":true}]}}