{"id":266616,"date":"2025-12-02T04:13:49","date_gmt":"2025-12-02T04:13:49","guid":{"rendered":"https:\/\/www.europesays.com\/es\/266616\/"},"modified":"2025-12-02T04:13:49","modified_gmt":"2025-12-02T04:13:49","slug":"la-ia-generativa-nos-hara-cascaras-vacias-por-eric-sadin","status":"publish","type":"post","link":"https:\/\/www.europesays.com\/es\/266616\/","title":{"rendered":"La IA generativa nos har\u00e1 c\u00e1scaras vac\u00edas, por \u00c9ric Sadin"},"content":{"rendered":"<p data-gtm-element-container=\"modulo-texto-link\" class=\"paragraph\">Tres a\u00f1os despu\u00e9s del lanzamiento de ChatGPT y, m\u00e1s ampliamente, de las IA generativas, lleg\u00f3 el momento en que nos enfrentamos con las primeras consecuencias de importancia. No pasa un d\u00eda sin que nos lleguen testimonios de profesores que ya no entienden el sentido de su misi\u00f3n; en Silicon Valley, se habla de un \u201c jobs apocalypse \u201d (un apocalipsis laboral) que afecta a los oficinistas; en el campo de la cultura, hay plataformas, como Spotify, que se ven inundadas de temas musicales sint\u00e9ticos. Se documentan cada vez m\u00e1s fen\u00f3menos de dependencia afectiva respecto de estos sistemas, particularmente entre los adolescentes, que llegan a confiarles sus estados m\u00e1s \u00edntimos y que, en casos extremos, son llevados al suicidio. Son efectos devastadores que ya mismo podr\u00edamos desarrollar en largas l\u00edneas y que, presentimos, no son sino signos iniciales.<\/p>\n<p data-gtm-element-container=\"modulo-texto-link\" class=\"paragraph\">Sin embargo, habr\u00edamos podido detectarlos desde el comienzo, porque era evidente que, desde el momento en que delegamos nuestras facultades intelectuales y creativas en los sistemas, as\u00ed como el poder de decirnos la verdad en cualquier circunstancia, lo que hac\u00edamos era relegar nuestra naturaleza activa \u2013y de un modo cada vez mayor. Ahora bien, en vez de movilizarnos a la altura de lo que se nos planteaba, preferimos, invadidos por la pasi\u00f3n por la utilidad pr\u00e1ctica, arrojarnos de cabeza sobre estos or\u00e1culos parlantes. Y sin que previamente nos hayamos preocupado en lo m\u00e1s m\u00ednimo por el futuro de nuestros hijos, quienes pronto considerar\u00e1n in\u00fatil dominar las reglas del lenguaje y aprender a escribir. Sin embargo, estos \u00faltimos son actos que forman parte de la constituci\u00f3n del pensamiento y del juicio cr\u00edtico. Al proceder as\u00ed, dimos muestra de un fracaso moral colectivo, y vamos a pagarlo muy caro.<\/p>\n<p>                <img loading=\"lazy\" decoding=\"async\" data-full-src=\"https:\/\/www.lavanguardia.com\/uploads\/2025\/11\/29\/692b1e1a28c03.jpeg\" alt=\"Sam Altman, chief executive officer of OpenAI Inc., arrives for a Senate Commerce, Science, and Transportation Committee hearing in Washington, DC, US, on Thursday, May 8, 2025. The leaders of some of the biggest technology and artificial intelligence companies will go to Congress on Thursday with a wish list of sorts that at its top has doing away with regulation they say inhibits their firms#{emoji}146; growth and by default, sends business to China. Photographer: Nathan Howard\/Bloomberg\" width=\"449\" height=\"299\" src=\"https:\/\/www.europesays.com\/es\/wp-content\/uploads\/2025\/12\/692b1e1a28c03.jpeg\" class=\"lazy\"\/><\/p>\n<p class=\"caption-title \">Sam Altman, l\u00edder de Open AI, la empresa de ChatGPT, en una comparecencia en el Senado estadounidense en mayo<\/p>\n<p>                    Nathan Howard \/ Bloomberg<\/p>\n<p data-gtm-element-container=\"modulo-texto-link\" class=\"paragraph\">Porque, en el escenario del traspaso de nuestras facultades m\u00e1s fundamentales a la tecnolog\u00eda, se despliegan ahora cinco grandes dramas. El primero es el espect\u00e1culo de miles de millones de individuos que renuncian a expresarse en primera persona \u2013lo cual es un vector de la singularidad, la libertad y la pluralidad humana\u2013 para dejar lugar a un lenguaje matematizado y estandarizado, por lo tanto, necrosado, dado que carece de toda vitalidad y subjetividad.<\/p>\n<p data-gtm-element-container=\"modulo-texto-link\" class=\"paragraph\">El segundo drama es que estas mismas multitudes son convocadas a interactuar cada vez m\u00e1s con entidades omniscientes que las llevan de la nariz, por decirlo de alg\u00fan modo, gracias a estar dotadas de un aura incomparable, y con la finalidad de incitarlas a adquirir productos y servicios supuestamente a la medida de cada cual. Hay agentes conversacionales que tambi\u00e9n ser\u00e1n explotados por partidos pol\u00edticos y clanes inescrupulosos para ejercer una insidiosa influencia ideol\u00f3gica sobre seres humanos vulnerables, adem\u00e1s, en la medida en que est\u00e1n solos frente a sus pantallas.<\/p>\n<p data-gtm-element-container=\"modulo-texto-link\" class=\"paragraph\">El tercer drama es el advenimiento de una era de la indistinci\u00f3n generalizada, donde ya no sabremos ni el origen ni la naturaleza de una imagen. Y esto es de una gravedad extrema, porque la sociedad no est\u00e1 solamente constituida por principios comunes, sino tambi\u00e9n por referentes comunes. Sin ellos, nadie se entiende, y queda entonces abierta la puerta a todo tipo de manipulaci\u00f3n.<\/p>\n<p>Nuestros hijos pronto creer\u00e1n in\u00fatil dominar las reglas del lenguaje y aprender a escribir<\/p>\n<p data-gtm-element-container=\"modulo-texto-link\" class=\"paragraph\">El cuarto drama es el fin de la \u201cdestrucci\u00f3n creativa\u201d teorizada hace casi un siglo por Joseph Schumpeter, quien postul\u00f3 que las rupturas tecnol\u00f3gicas provocaban una destrucci\u00f3n de los empleos, pero a la vez creaban nuevos oficios, generalmente en el sector de los servicios. Esto sucedi\u00f3 hasta tal punto que, hoy en d\u00eda, m\u00e1s del 70% de los trabajos a nivel mundial se ubica en el sector terciario. \u00bfY qu\u00e9 lo caracteriza? Que la mayor parte de los oficios que lo componen movilizan nuestras facultades intelectuales y creativas. Y he aqu\u00ed que aparecen sistemas capaces de realizar un n\u00famero cada vez mayor de estas tareas, de manera infinitamente m\u00e1s r\u00e1pida y supuestamente con mayor fiabilidad que nosotros, y a un menor costo. \u00bfC\u00f3mo podemos no ver el hurac\u00e1n que se avecina? Y no habr\u00e1 restituci\u00f3n dentro de un sector cuaternario por la sencilla raz\u00f3n de que dicho sector no existe.<\/p>\n<p data-gtm-element-container=\"modulo-texto-link\" class=\"paragraph\">El quinto drama, finalmente, es la extinci\u00f3n a gran velocidad del mundo cultural, dentro del cual la casi totalidad de los \u00e1mbitos est\u00e1 ahora consagrada a mostrarnos c\u00f3mo acciones que antes realizaban los humanos se ven sustituidas por procesos automatizados. Como sucede con las miniseries producidas recientemente en China, cuyos guiones, personajes, voces y escenograf\u00edas est\u00e1n generados por sistemas. \u00bfC\u00f3mo no ver en esto un poderoso indicador de lo que se anuncia? La perspectiva de un arte sin firma y desencarnado pone en peligro m\u00faltiples habilidades. La lista es larga: traductor literario, actor de doblaje, director de cine de animaci\u00f3n, fot\u00f3grafo, dise\u00f1ador gr\u00e1fico, compositor\u2026 Y, a medio plazo, cada uno, seg\u00fan sus deseos, podr\u00e1 generar su propia ficci\u00f3n, su propia serie, su propia m\u00fasica\u2026 Una selfliteratura , un selfcine , una selfm\u00fasica \u2026 Lo que se invierte es el sentido mismo del arte (entendido como el inter\u00e9s que se presta a la singularidad de un ser humano) en favor de un repliegue \u00fanicamente dentro de los propios afectos, y en una continua relaci\u00f3n dual con los sistemas.<\/p>\n<p data-gtm-element-container=\"modulo-texto-link\" class=\"paragraph\">En estos \u00faltimos tiempos, varios jefes de Estado y de gobierno decidieron implementar espacios de reflexi\u00f3n a prop\u00f3sito de la amenaza de un colapso democr\u00e1tico que las redes hacen gravitar. Es un espect\u00e1culo tragic\u00f3mico, dado que su popularizaci\u00f3n data de principios de la d\u00e9cada de 2010 y que, algo despu\u00e9s, ya se hicieron evidentes muchas se\u00f1ales alarmantes sin que se tomaran medidas a la altura de lo que estaba en juego. Lo mismo ocurre con la verificaci\u00f3n de edad requerida para acceder a sitios web pornogr\u00e1ficos, que se implement\u00f3 recientemente pese a que la proliferaci\u00f3n de estos sitios data de hace casi veinte a\u00f1os.<\/p>\n<p data-gtm-element-container=\"modulo-texto-link\" class=\"paragraph\">Es una ecuaci\u00f3n m\u00faltiples veces confirmada: en materia digital, la sociedad siempre se despierta con enorme retraso. Y entonces, siguiendo esta l\u00ednea, de ac\u00e1 a algunos a\u00f1os \u2013mientras muchos pa\u00edses sostienen mediante inversiones el crecimiento de las IA generativas y tambi\u00e9n su adopci\u00f3n generalizada en la administraci\u00f3n p\u00fablica\u2013, \u00bfse organizar\u00e1n conferencias para lamentarse por los gigantescos da\u00f1os causados? Aunque para entonces ser\u00e1 demasiado tarde; la automatizaci\u00f3n de los asuntos globales y la obsolescencia del hombre ya se habr\u00e1n consolidado.<\/p>\n<p>Delegar las facultades fundamentales a la tecnolog\u00eda es un fracaso moral colectivo<\/p>\n<p data-gtm-element-container=\"modulo-texto-link\" class=\"paragraph\">Por esta raz\u00f3n, sin esperar nada de los legisladores \u2013que son objeto de un lobby poderoso y a los cuales, la mayor\u00eda de las veces, les brillan los ojos ante la denominada \u201cinnovaci\u00f3n digital\u201d\u2013, nos corresponde a nosotros, en todos los niveles de la sociedad, mostrar una iniciativa de acci\u00f3n a fin de salvaguardar nuestro impulso vital y el genio que reside en cada uno de nosotros. Nos queda una ventana de unos dos o tres a\u00f1os para hacer valer nuestra voluntad de no quedar pr\u00f3ximamente reducidos \u2013y, m\u00e1s a\u00fan, nuestros hijos y nietos\u2013 a c\u00e1scaras vac\u00edas, y entonces a formar masas de in\u00fatiles. De lo contrario, nos moveremos en un entorno glacial, bajo el control de tecnolog\u00edas que ocupar\u00e1n el lugar de todo juicio y proyecto humano.<\/p>\n<p data-gtm-element-container=\"modulo-texto-link\" class=\"paragraph\">\u00bfNos damos cuenta realmente de que una vida privada de la expresi\u00f3n de nuestras facultades y de los lazos activos con nuestros semejantes s\u00f3lo puede ser el caldo de cultivo de la tristeza, del rencor y la locura?<\/p>\n","protected":false},"excerpt":{"rendered":"Tres a\u00f1os despu\u00e9s del lanzamiento de ChatGPT y, m\u00e1s ampliamente, de las IA generativas, lleg\u00f3 el momento en&hellip;\n","protected":false},"author":2,"featured_media":266617,"comment_status":"","ping_status":"","sticky":false,"template":"","format":"standard","meta":{"footnotes":""},"categories":[42],"tags":[17,18,13,14,11,61,62,63,64,19,20,9,10,15,16,12,21,22,65,66,67],"class_list":{"0":"post-266616","1":"post","2":"type-post","3":"status-publish","4":"format-standard","5":"has-post-thumbnail","7":"category-internacional","8":"tag-breaking-news","9":"tag-breakingnews","10":"tag-featured-news","11":"tag-featurednews","12":"tag-headlines","13":"tag-internacional","14":"tag-international","15":"tag-international-news","16":"tag-internationalnews","17":"tag-latest-news","18":"tag-latestnews","19":"tag-news","20":"tag-noticias","21":"tag-noticias-destacadas","22":"tag-noticiasdestacadas","23":"tag-titulares","24":"tag-ultimas-noticias","25":"tag-ultimasnoticias","26":"tag-world","27":"tag-world-news","28":"tag-worldnews"},"share_on_mastodon":{"url":"https:\/\/pubeurope.com\/@es\/115648035030737943","error":""},"_links":{"self":[{"href":"https:\/\/www.europesays.com\/es\/wp-json\/wp\/v2\/posts\/266616","targetHints":{"allow":["GET"]}}],"collection":[{"href":"https:\/\/www.europesays.com\/es\/wp-json\/wp\/v2\/posts"}],"about":[{"href":"https:\/\/www.europesays.com\/es\/wp-json\/wp\/v2\/types\/post"}],"author":[{"embeddable":true,"href":"https:\/\/www.europesays.com\/es\/wp-json\/wp\/v2\/users\/2"}],"replies":[{"embeddable":true,"href":"https:\/\/www.europesays.com\/es\/wp-json\/wp\/v2\/comments?post=266616"}],"version-history":[{"count":0,"href":"https:\/\/www.europesays.com\/es\/wp-json\/wp\/v2\/posts\/266616\/revisions"}],"wp:featuredmedia":[{"embeddable":true,"href":"https:\/\/www.europesays.com\/es\/wp-json\/wp\/v2\/media\/266617"}],"wp:attachment":[{"href":"https:\/\/www.europesays.com\/es\/wp-json\/wp\/v2\/media?parent=266616"}],"wp:term":[{"taxonomy":"category","embeddable":true,"href":"https:\/\/www.europesays.com\/es\/wp-json\/wp\/v2\/categories?post=266616"},{"taxonomy":"post_tag","embeddable":true,"href":"https:\/\/www.europesays.com\/es\/wp-json\/wp\/v2\/tags?post=266616"}],"curies":[{"name":"wp","href":"https:\/\/api.w.org\/{rel}","templated":true}]}}